{"id":74818,"date":"2018-06-03T19:35:29","date_gmt":"2018-06-03T16:35:29","guid":{"rendered":"https:\/\/www.enerjigazetesi.ist\/?p=74818"},"modified":"2018-06-03T19:35:29","modified_gmt":"2018-06-03T16:35:29","slug":"alkin-gelecegi-enerji-verimliligi-kuracak","status":"publish","type":"post","link":"https:\/\/www.enerjigazetesi.ist\/en\/alkin-gelecegi-enerji-verimliligi-kuracak\/","title":{"rendered":"(Turkish) Alkin: &#8220;Gelece\u011fi Enerji Verimlili\u011fi Kuracak&#8221;"},"content":{"rendered":"<p class=\"qtranxs-available-languages-message qtranxs-available-languages-message-en\">Sorry, this entry is only available in <a href=\"https:\/\/www.enerjigazetesi.ist\/tr\/wp-json\/wp\/v2\/posts\/74818\" class=\"qtranxs-available-language-link qtranxs-available-language-link-tr\" title=\"Turkish\">Turkish<\/a>. For the sake of viewer convenience, the content is shown below in the alternative language. You may click the link to switch the active language.<\/p><p><\/p>\n<p style=\"font-weight: 400;\"><strong>T\u00dcRK\u0130YE, \u201cENERJ\u0130 VER\u0130ML\u0130L\u0130\u011e\u0130\u201d ALANINDA D\u00dcNYA STANDARTLARINDA B\u0130R S\u0130V\u0130L TOPLUM<\/strong>\u00a0<strong>\u00d6RG\u00dcT\u00dcNE KAVU\u015eTU.\u00a0<\/strong><strong>VER\u0130MDER, \u201cENERJ\u0130 VER\u0130ML\u0130L\u0130\u011e\u0130 ISI YALITIMI VE ENERJ\u0130 TASARRUFU\u201d KONULARINDA, T\u00dcKET\u0130C\u0130 HAK ve SORUMLULUKLARINI G\u00d6ZETECEK.<\/strong><\/p>\n<p style=\"font-weight: 400;\"><strong>VER\u0130MDER \u0130cra Kurulu Ba\u015fkan\u0131 Prof. Dr. Emre Alkin:<\/strong><\/p>\n<p style=\"font-weight: 400;\"><strong>\u201cGELECE\u011e\u0130 ENERJ\u0130 VER\u0130ML\u0130L\u0130\u011e\u0130 KURACAK\u201d<\/strong><\/p>\n<p style=\"font-weight: 400;\"><strong>Enerji verimlili\u011fi ve tasarrufu konular\u0131nda fark\u0131ndal\u0131k projeleri olu\u015fturacak\u00a0<u>\u201cYap\u0131larda Enerji Verimlili\u011fi Derne\u011fi\u201d (VER\u0130MDER)<\/u>\u00a0faaliyete ge\u00e7ti. Ama\u00e7, T\u00fcrkiye\u2019de enerji verimlili\u011fi hedefi i\u00e7in kamuoyunda fark\u0131ndal\u0131k yaratmak.<\/strong><\/p>\n<p style=\"font-weight: 400;\"><strong>VER\u0130MDER, \u201c\u0131s\u0131 yal\u0131t\u0131m\u0131, enerji verimlili\u011fi ve enerji tasarrufu\u201d konular\u0131nda,\u00a0<u>t\u00fcketici hak ve sorumluluklar\u0131n\u0131 g\u00f6zetmenin<\/u>\u00a0yan\u0131 s\u0131ra \u00e7al\u0131\u015fmalar\u0131nda ilgili kamu kurumlar\u0131, b\u00fcrokrasi, \u00fcniversiteler, medya, in\u015faat ve enerji sekt\u00f6rleri aras\u0131nda bilgi ak\u0131\u015f\u0131 ve e\u015fg\u00fcd\u00fcm\u00fc sa\u011flamay\u0131 hedefliyor.<\/strong><\/p>\n<p style=\"font-weight: 400;\"><img loading=\"lazy\" class=\"alignright size-medium wp-image-74819\" src=\"https:\/\/www.enerjigazetesi.ist\/wp-content\/uploads\/2018\/06\/alkin-gelecegi-enerji-verimliligi-kuracak-300x300.jpg\" alt=\"\" width=\"300\" height=\"300\" srcset=\"https:\/\/www.enerjigazetesi.ist\/wp-content\/uploads\/2018\/06\/alkin-gelecegi-enerji-verimliligi-kuracak-300x300.jpg 300w, https:\/\/www.enerjigazetesi.ist\/wp-content\/uploads\/2018\/06\/alkin-gelecegi-enerji-verimliligi-kuracak-150x150.jpg 150w, https:\/\/www.enerjigazetesi.ist\/wp-content\/uploads\/2018\/06\/alkin-gelecegi-enerji-verimliligi-kuracak-399x400.jpg 399w, https:\/\/www.enerjigazetesi.ist\/wp-content\/uploads\/2018\/06\/alkin-gelecegi-enerji-verimliligi-kuracak-50x50.jpg 50w, https:\/\/www.enerjigazetesi.ist\/wp-content\/uploads\/2018\/06\/alkin-gelecegi-enerji-verimliligi-kuracak.jpg 550w\" sizes=\"(max-width: 300px) 100vw, 300px\" \/>Sadece T\u00fcrkiye\u2019nin de\u011fil t\u00fcm d\u00fcnya \u00fclkelerinin ana g\u00fcndem maddelerinden biri olan enerji verimlili\u011fi ve tasarrufu konusunda yeni bir sivil toplum \u00f6rg\u00fct\u00fc faaliyete ba\u015flad\u0131:\u00a0<strong>Yap\u0131larda Enerji Verimlili\u011fi Derne\u011fi &#8211; VER\u0130MDER<\/strong>\u2026<\/p>\n<p style=\"font-weight: 400;\">T\u00fcrkiye ve d\u00fcnyada enerji tasarrufunun\u00a0<u>ba\u015flang\u0131\u00e7 noktas\u0131 olan yap\u0131larda enerji verimlili\u011fini birincil misyon olarak belirleyen\u00a0<strong>VER\u0130MDER<\/strong><\/u>, i\u015ftigal alan\u0131n\u0131 sadece yap\u0131larla s\u0131n\u0131rl\u0131 tutmayacak. Dernek, enerji verimlili\u011fi bilincinin kamuoyunda olu\u015fmas\u0131n\u0131 sa\u011flayacak,\u00a0<strong>ara\u015ft\u0131rmalar, saha \u00e7al\u0131\u015fmalar\u0131, konferanslar ve di\u011fer ileti\u015fim kanallar\u0131n\u0131 kullanarak<\/strong>, hane halk\u0131na dolay\u0131s\u0131yla \u00fclke ekonomisine katk\u0131 sa\u011flayacak.<\/p>\n<p style=\"font-weight: 400;\"><strong>\u00dcLKE EKONOM\u0130S\u0130NE KATKIDA BULUNACAK<\/strong><\/p>\n<p style=\"font-weight: 400;\">Is\u0131 yal\u0131t\u0131m\u0131, enerji verimlili\u011fi ve enerji tasarrufu konular\u0131nda, t\u00fcketici hak ve sorumluluklar\u0131n\u0131 g\u00f6zetmek \u00fczere kurulan bir sivil toplum kurulu\u015fu olan\u00a0<strong>VER\u0130MDER, t\u00fcketicinin \u0131s\u0131 yal\u0131t\u0131m\u0131 konusunda bilin\u00e7lendirilmesi konusunda faaliyet g\u00f6stererek \u00fclke ve ev ekonomisinde tasarruf yap\u0131lmas\u0131n\u0131 sa\u011flayacak<\/strong>. \u00dcniversite, bilim kurulu\u015flar\u0131 ve ara\u015ft\u0131rma geli\u015ftirme kurumlar\u0131 ile bilimsel faaliyetlerde de bulunacak\u00a0<strong>VER\u0130MDER<\/strong>, ayr\u0131ca okullardaki mevzuata g\u00f6re enerji tasarrufu b\u00f6l\u00fcmleri a\u00e7\u0131lmas\u0131na ve sekt\u00f6r\u00fcn ara ve teknik eleman ihtiyac\u0131na da katk\u0131da bulunacak.<\/p>\n<p style=\"font-weight: 400;\"><strong>ROTAMIZ ENERJ\u0130 VER\u0130ML\u0130L\u0130\u011e\u0130<\/strong><\/p>\n<p style=\"font-weight: 400;\">Enerji maliyetlerinin ekonomi \u00fczerindeki y\u00fck\u00fcn\u00fc hafifletecek, k\u00fcresel \u0131s\u0131nman\u0131n neden oldu\u011fu felaketleri \u00f6nleyecek \u00e7al\u0131\u015fmalar ile enerjinin etkin\/verimli kullan\u0131lmas\u0131 konusunda liderlik yapmay\u0131 hedeflediklerini s\u00f6yleyen\u00a0<strong>Yap\u0131larda Enerji Verimlili\u011fi Derne\u011fi \u0130cra Kurulu Ba\u015fkan\u0131 Prof. Dr. Emre Alkin<\/strong>, dernek ile ilgili \u015fu bilgileri verdi:<\/p>\n<p style=\"font-weight: 400;\"><em>\u201cHer ge\u00e7en g\u00fcn artan enerji ihtiyac\u0131m\u0131za kar\u015f\u0131n d\u00fcnyam\u0131zdaki fosil enerji kaynaklar\u0131 ne yaz\u0131k ki s\u0131n\u0131rl\u0131. Bu enerjiyi verimli kullanmad\u0131\u011f\u0131m\u0131z takdirde gelecek nesillerin kullanabilece\u011fi enerji kaynaklar\u0131 olmayacak. \u00d6te yandan \u00fclkemizde her y\u0131l t\u00fcketti\u011fimiz enerji maliyetleri \u00fclkemizin ekonomisini de etkilemekte. Yap\u0131lan ara\u015ft\u0131rmalar g\u00f6steriyor ki enerji verimlili\u011fi ve tasarrufu ile t\u00fcm bu sorunlar azalt\u0131labilir. Rotam\u0131z\u0131 her zaman enerji verimlili\u011fi olarak belirledi\u011fimiz<span style=\"text-decoration: line-through;\">,\u00a0<\/span>Yap\u0131larda Enerji Verimlili\u011fi Derne\u011fi ile, toplumun pek \u00e7ok farkl\u0131 kesimini bir araya getirerek \u00fclkemizde bu konuda fark\u0131ndal\u0131k olu\u015fturmay\u0131 hedefliyoruz. Sahip oldu\u011fumuz bu sorumluluk bilinci ile t\u00fcm yap\u0131larda enerji verimlili\u011fi ve enerji tasarrufu konusunda \u00e7al\u0131\u015fmalar\u0131m\u0131z\u0131 s\u00fcrd\u00fcrece\u011fiz.\u201d<\/em><\/p>\n<p style=\"font-weight: 400;\"><strong>\u201cISI YALITIMINDA STANDARTLARI BELGELEND\u0130RECE\u011e\u0130Z\u201d<\/strong><\/p>\n<p style=\"font-weight: 400;\"><u>Is\u0131 yal\u0131t\u0131m\u0131n\u0131n enerji verimlili\u011finde en \u00f6nemli ba\u015fl\u0131klardan oldu\u011funu vurgulayan Alkin,<\/u>\u00a0<em>\u201c\u00dclkemizde enerji verimlili\u011fini yayg\u0131nla\u015ft\u0131rabilmek i\u00e7in \u0131s\u0131 yal\u0131t\u0131m\u0131 uygulamalar\u0131 konusunda mevcut standartlar\u0131n g\u00fcncelle\u015ftirilmesi ve mevcut olmayan konularda yeni standartlar\u0131n haz\u0131rlanmas\u0131 \u00fczerine \u00e7al\u0131\u015faca\u011f\u0131z. \u00d6zellikle \u00fclkemizdeki denetim birimleri ile i\u015fbirli\u011fi ortam\u0131 olu\u015fturarak sekt\u00f6rde standartlara ve y\u00f6netmeliklere uyum konusunda test ve belgelendirme fonksiyonu \u00fcstlenece\u011fiz\u201d<\/em>\u00a0dedi.<\/p>\n<p><\/p>","protected":false},"excerpt":{"rendered":"<p>Sorry, this entry is only available in Turkish. For the sake of viewer convenience, the content is shown below in the alternative language. You may click the link to switch the active language. T\u00dcRK\u0130YE, \u201cENERJ\u0130 VER\u0130ML\u0130L\u0130\u011e\u0130\u201d ALANINDA D\u00dcNYA STANDARTLARINDA B\u0130R S\u0130V\u0130L TOPLUM\u00a0\u00d6RG\u00dcT\u00dcNE KAVU\u015eTU.\u00a0VER\u0130MDER, \u201cENERJ\u0130 VER\u0130ML\u0130L\u0130\u011e\u0130 ISI YALITIMI VE ENERJ\u0130 TASARRUFU\u201d KONULARINDA, T\u00dcKET\u0130C\u0130 HAK ve SORUMLULUKLARINI [&hellip;]<\/p>\n","protected":false},"author":1,"featured_media":74819,"comment_status":"open","ping_status":"open","sticky":false,"template":"","format":"standard","meta":[],"categories":[53,52],"tags":[67,1009,26559,37827,37792,793,37793],"views":737,"_links":{"self":[{"href":"https:\/\/www.enerjigazetesi.ist\/en\/wp-json\/wp\/v2\/posts\/74818"}],"collection":[{"href":"https:\/\/www.enerjigazetesi.ist\/en\/wp-json\/wp\/v2\/posts"}],"about":[{"href":"https:\/\/www.enerjigazetesi.ist\/en\/wp-json\/wp\/v2\/types\/post"}],"author":[{"embeddable":true,"href":"https:\/\/www.enerjigazetesi.ist\/en\/wp-json\/wp\/v2\/users\/1"}],"replies":[{"embeddable":true,"href":"https:\/\/www.enerjigazetesi.ist\/en\/wp-json\/wp\/v2\/comments?post=74818"}],"version-history":[{"count":1,"href":"https:\/\/www.enerjigazetesi.ist\/en\/wp-json\/wp\/v2\/posts\/74818\/revisions"}],"predecessor-version":[{"id":74820,"href":"https:\/\/www.enerjigazetesi.ist\/en\/wp-json\/wp\/v2\/posts\/74818\/revisions\/74820"}],"wp:featuredmedia":[{"embeddable":true,"href":"https:\/\/www.enerjigazetesi.ist\/en\/wp-json\/wp\/v2\/media\/74819"}],"wp:attachment":[{"href":"https:\/\/www.enerjigazetesi.ist\/en\/wp-json\/wp\/v2\/media?parent=74818"}],"wp:term":[{"taxonomy":"category","embeddable":true,"href":"https:\/\/www.enerjigazetesi.ist\/en\/wp-json\/wp\/v2\/categories?post=74818"},{"taxonomy":"post_tag","embeddable":true,"href":"https:\/\/www.enerjigazetesi.ist\/en\/wp-json\/wp\/v2\/tags?post=74818"}],"curies":[{"name":"wp","href":"https:\/\/api.w.org\/{rel}","templated":true}]}}