{"id":74809,"date":"2018-06-03T19:11:47","date_gmt":"2018-06-03T16:11:47","guid":{"rendered":"https:\/\/www.enerjigazetesi.ist\/?p=74809"},"modified":"2018-06-03T19:11:47","modified_gmt":"2018-06-03T16:11:47","slug":"filli-boya-ve-sekerbanktan-konutlarda-isi-yalitim-seferberligi","status":"publish","type":"post","link":"https:\/\/www.enerjigazetesi.ist\/en\/filli-boya-ve-sekerbanktan-konutlarda-isi-yalitim-seferberligi\/","title":{"rendered":"(Turkish) Filli Boya ve \u015eekerbank&#8217;tan &#8220;Konutlarda Is\u0131 Yal\u0131t\u0131m Seferberli\u011fi&#8221;"},"content":{"rendered":"<p class=\"qtranxs-available-languages-message qtranxs-available-languages-message-en\">Sorry, this entry is only available in <a href=\"https:\/\/www.enerjigazetesi.ist\/tr\/wp-json\/wp\/v2\/posts\/74809\" class=\"qtranxs-available-language-link qtranxs-available-language-link-tr\" title=\"Turkish\">Turkish<\/a>. For the sake of viewer convenience, the content is shown below in the alternative language. You may click the link to switch the active language.<\/p><p><strong>Yal\u0131t\u0131m konusunu bir sosyal sorumluluk anlay\u0131\u015f\u0131 ile ele alan yal\u0131t\u0131m sekt\u00f6r\u00fcn\u00fcn lideri Filli Boya ve \u015eekerbank, yal\u0131t\u0131m seferberli\u011fi \u00e7al\u0131\u015fmalar\u0131na devam ediyor.\u00a0T\u00fcrkiye\u2019de bir ilk olan EKOkredi ile yal\u0131t\u0131m konusunda bir seferberlik ba\u015flatan iki marka 5 ilde d\u00fczenledikleri toplant\u0131larda 1500\u2019\u00fc a\u015fk\u0131n bireye ula\u015ft\u0131.<\/strong><\/p>\n<p>Konutlarda \u0131s\u0131 yal\u0131t\u0131m\u0131n\u0131n yayg\u0131nla\u015ft\u0131r\u0131lmas\u0131 ve tasarruf rakamlar\u0131n\u0131n art\u0131r\u0131lmas\u0131na bir sosyal sorumluluk bilinciyle yakla\u015fan yal\u0131t\u0131m sekt\u00f6r\u00fcn\u00fcn lideri Filli Boya Capatect ve \u015eekerbank proje kapsam\u0131\u0131nda 5 ilde toplant\u0131lar ger\u00e7ekle\u015ftirdi.Tekirda\u011f, Erzurum, Ankara, Bursa ve \u0130zmir olmak \u00fczere 5 <img loading=\"lazy\" class=\"alignleft size-medium wp-image-74810\" src=\"https:\/\/www.enerjigazetesi.ist\/wp-content\/uploads\/2018\/06\/filli-boya-ve-sekerbanktan-konutlarda-isi-yalitim-seferberligi-300x200.jpg\" alt=\"\" width=\"300\" height=\"200\" srcset=\"https:\/\/www.enerjigazetesi.ist\/wp-content\/uploads\/2018\/06\/filli-boya-ve-sekerbanktan-konutlarda-isi-yalitim-seferberligi-300x200.jpg 300w, https:\/\/www.enerjigazetesi.ist\/wp-content\/uploads\/2018\/06\/filli-boya-ve-sekerbanktan-konutlarda-isi-yalitim-seferberligi-500x333.jpg 500w, https:\/\/www.enerjigazetesi.ist\/wp-content\/uploads\/2018\/06\/filli-boya-ve-sekerbanktan-konutlarda-isi-yalitim-seferberligi-75x50.jpg 75w, https:\/\/www.enerjigazetesi.ist\/wp-content\/uploads\/2018\/06\/filli-boya-ve-sekerbanktan-konutlarda-isi-yalitim-seferberligi.jpg 650w\" sizes=\"(max-width: 300px) 100vw, 300px\" \/>ilde 1500\u2019\u00fc a\u015fk\u0131n birey ve apartman\/site y\u00f6neticisinin enerji verimlili\u011fi ve yal\u0131t\u0131m konusunda bilgilendirildi\u011fi bulu\u015fmalar, tam bir yal\u0131t\u0131m seferberli\u011fi havas\u0131nda ger\u00e7ekle\u015fti.<\/p>\n<p><strong><em>60 aya varan vade ile binalar yal\u0131t\u0131l\u0131yor<\/em><\/strong><\/p>\n<p>Bug\u00fcne kadar 4 bini a\u015fk\u0131n birey ve apartman\/site y\u00f6neticisine finansman sa\u011flanan \u015eekerbank-Filli Boya i\u015f birli\u011fi kapsam\u0131nda, yal\u0131t\u0131m finansman\u0131, masrafs\u0131z olarak sunulan EKOkredi ile 60 aya varan vade ve avantajl\u0131 faiz oranlar\u0131 ile kar\u015f\u0131lan\u0131yor ve binalar Capatect uzmanl\u0131\u011f\u0131 ile yal\u0131t\u0131l\u0131yor. B\u00f6ylece binalar\u0131n elektrik ve do\u011fal gaz giderlerinden tasarruf edilerek bu binalara yap\u0131lan harcamalar\u0131n kendi kendini \u00f6deyen yat\u0131r\u0131ma d\u00f6n\u00fc\u015fmesi planlan\u0131yor.<\/p>\n<p><strong>Taner \u015eahin \u201cYal\u0131t\u0131mla elektrik ve do\u011fal gaz giderlerinde y\u00fczde 50\u2019ye varan tasarruf m\u00fcmk\u00fcn\u201d<\/strong><\/p>\n<p>Yal\u0131t\u0131m seferberli\u011fine ili\u015fkin konu\u015fan Betek Boya Yal\u0131t\u0131m Grubu Genel M\u00fcd\u00fcr Yard\u0131mc\u0131s\u0131 Taner Soner \u015eahin toplam enerji t\u00fcketimimizin y\u00fczde 37\u2019sini binalarda t\u00fcketti\u011fimizi ve binalarda t\u00fcketilen enerjinin y\u00fczde 70\u2019inden fazlas\u0131n\u0131n \u0131s\u0131tma ve so\u011futma ama\u00e7l\u0131 oldu\u011funu belirterek; \u201cD\u0131\u015f cepheye uygulanacak do\u011fru bir \u0131s\u0131 yal\u0131t\u0131m sistemi ile y\u00fczde 50 oran\u0131nda enerji ve yak\u0131ttan tasarruf sa\u011flanabilir.T\u00fcrkiye\u2019de her gelir d\u00fczeyindeki konut sahibinin d\u00fcnyada 50 y\u0131l\u0131 a\u015fk\u0131n \u00fcr\u00fcn ve uygulama tecr\u00fcbesine sahip, Avrupa standartlar\u0131nda Capatect Is\u0131 Yal\u0131t\u0131m Sistemi\u2019nin kalitesine kolayl\u0131kla ula\u015fabilmesini sa\u011flamay\u0131 ama\u00e7l\u0131yoruz.\u201d \u015feklinde konu\u015ftu.<\/p>\n<p><strong>Edit\u00f6re Not:<\/strong><\/p>\n<p><strong>Is\u0131 Yal\u0131t\u0131m\u0131n\u0131n Yapt\u0131rman\u0131n Faydalar\u0131:<\/strong><\/p>\n<p>&#8211; Is\u0131 yal\u0131t\u0131m\u0131na harcanan para, sa\u011flanan enerji tasarrufu ile kendisini ortalama 3 y\u0131l gibi k\u0131sa bir s\u00fcrede amorte eder.<\/p>\n<p>&#8211; Is\u0131 yal\u0131t\u0131m\u0131 ile evlerde \u0131s\u0131nma i\u00e7in harcanan enerji ortalama %50 oran\u0131nda azalt\u0131labilir.<\/p>\n<p>&#8211; Is\u0131 yal\u0131t\u0131ml\u0131 binalarda daha k\u00fc\u00e7\u00fck kapasiteli kombi ve daha k\u00fc\u00e7\u00fck radyat\u00f6rler kullan\u0131labilir.<\/p>\n<p>&#8211; Is\u0131 yal\u0131t\u0131m\u0131, betonun i\u00e7indeki demirlerin paslanmas\u0131n\u0131 engelleyerek, binan\u0131n depreme kar\u015f\u0131 dayan\u0131kl\u0131l\u0131\u011f\u0131n\u0131 artt\u0131r\u0131r.<\/p>\n<p>&#8211; Is\u0131 yal\u0131t\u0131m\u0131, yak\u0131t t\u00fcketimini ve dolay\u0131s\u0131yla da at\u0131k gazlar\u0131 azaltarak, \u00e7evre kirlili\u011finin ve k\u00fcresel \u0131s\u0131nman\u0131n \u00f6nlenmesine katk\u0131da bulunur; do\u011fay\u0131 korur.<\/p>","protected":false},"excerpt":{"rendered":"<p>Sorry, this entry is only available in Turkish. For the sake of viewer convenience, the content is shown below in the alternative language. You may click the link to switch the active language.Yal\u0131t\u0131m konusunu bir sosyal sorumluluk anlay\u0131\u015f\u0131 ile ele alan yal\u0131t\u0131m sekt\u00f6r\u00fcn\u00fcn lideri Filli Boya ve \u015eekerbank, yal\u0131t\u0131m seferberli\u011fi \u00e7al\u0131\u015fmalar\u0131na devam ediyor.\u00a0T\u00fcrkiye\u2019de bir ilk [&hellip;]<\/p>\n","protected":false},"author":1,"featured_media":74810,"comment_status":"open","ping_status":"open","sticky":false,"template":"","format":"standard","meta":[],"categories":[53,52],"tags":[67,1009,12,3118,380,13835,793],"views":916,"_links":{"self":[{"href":"https:\/\/www.enerjigazetesi.ist\/en\/wp-json\/wp\/v2\/posts\/74809"}],"collection":[{"href":"https:\/\/www.enerjigazetesi.ist\/en\/wp-json\/wp\/v2\/posts"}],"about":[{"href":"https:\/\/www.enerjigazetesi.ist\/en\/wp-json\/wp\/v2\/types\/post"}],"author":[{"embeddable":true,"href":"https:\/\/www.enerjigazetesi.ist\/en\/wp-json\/wp\/v2\/users\/1"}],"replies":[{"embeddable":true,"href":"https:\/\/www.enerjigazetesi.ist\/en\/wp-json\/wp\/v2\/comments?post=74809"}],"version-history":[{"count":1,"href":"https:\/\/www.enerjigazetesi.ist\/en\/wp-json\/wp\/v2\/posts\/74809\/revisions"}],"predecessor-version":[{"id":74811,"href":"https:\/\/www.enerjigazetesi.ist\/en\/wp-json\/wp\/v2\/posts\/74809\/revisions\/74811"}],"wp:featuredmedia":[{"embeddable":true,"href":"https:\/\/www.enerjigazetesi.ist\/en\/wp-json\/wp\/v2\/media\/74810"}],"wp:attachment":[{"href":"https:\/\/www.enerjigazetesi.ist\/en\/wp-json\/wp\/v2\/media?parent=74809"}],"wp:term":[{"taxonomy":"category","embeddable":true,"href":"https:\/\/www.enerjigazetesi.ist\/en\/wp-json\/wp\/v2\/categories?post=74809"},{"taxonomy":"post_tag","embeddable":true,"href":"https:\/\/www.enerjigazetesi.ist\/en\/wp-json\/wp\/v2\/tags?post=74809"}],"curies":[{"name":"wp","href":"https:\/\/api.w.org\/{rel}","templated":true}]}}