{"id":74803,"date":"2018-06-03T18:58:55","date_gmt":"2018-06-03T15:58:55","guid":{"rendered":"https:\/\/www.enerjigazetesi.ist\/?p=74803"},"modified":"2018-06-03T18:58:55","modified_gmt":"2018-06-03T15:58:55","slug":"enerjisa-enerji-turkiyeyi-elektrikli-arac-sarj-istasyonlariyla-kaplayacak","status":"publish","type":"post","link":"https:\/\/www.enerjigazetesi.ist\/en\/enerjisa-enerji-turkiyeyi-elektrikli-arac-sarj-istasyonlariyla-kaplayacak\/","title":{"rendered":"(Turkish) Enerjisa Enerji, T\u00fcrkiye\u2019yi Elektrikli Ara\u00e7 \u015earj \u0130stasyonlar\u0131yla Kaplayacak"},"content":{"rendered":"<p class=\"qtranxs-available-languages-message qtranxs-available-languages-message-en\">Sorry, this entry is only available in <a href=\"https:\/\/www.enerjigazetesi.ist\/tr\/wp-json\/wp\/v2\/posts\/74803\" class=\"qtranxs-available-language-link qtranxs-available-language-link-tr\" title=\"Turkish\">Turkish<\/a>. For the sake of viewer convenience, the content is shown below in the alternative language. You may click the link to switch the active language.<\/p><p><strong>T\u00fcrkiye\u2019nin lider enerji \u015firketi Enerjisa Enerji, \u015farj istasyonlar\u0131 sat\u0131\u015f\u0131 ve sarj istasyonu a\u011f\u0131 kurulumu alan\u0131nda faaliyet g\u00f6steren ve\u00a0bu alanda T\u00fcrkiye\u2019de pazar lideri konumunda bulunan Elektrikli Ara\u00e7lar \u015earj Sistemleri A.\u015e. hisselerinin b\u00fcy\u00fck \u00e7o\u011funlu\u011funu sat\u0131n ald\u0131.<\/strong><\/p>\n<p>Otomotiv end\u00fcstrisinde devrim yaratan elektrikli otomobil sat\u0131\u015flar\u0131 d\u00fcnyada oldu\u011fu gibi T\u00fcrkiye\u2019de de h\u0131zla art\u0131yor. Elektrikli ara\u00e7lar\u0131n geli\u015fimine paralel olarak \u015farj istasyonlar\u0131na olan ihtiya\u00e7 da art\u0131yor. Artan \u201c\u015farj\u201d ihtiyac\u0131n\u0131 g\u00f6ren T\u00fcrkiye\u2019nin lider Enerji \u015firketi olan Enerjisa Enerji, Elektrikli Ara\u00e7lar \u015earj <img loading=\"lazy\" class=\"alignleft size-medium wp-image-74804\" src=\"https:\/\/www.enerjigazetesi.ist\/wp-content\/uploads\/2018\/06\/enerjisa-enerji-turkiyeyi-elektrikli-arac-sarj-istasyonlariyla-kaplayacak-300x225.jpg\" alt=\"\" width=\"300\" height=\"225\" srcset=\"https:\/\/www.enerjigazetesi.ist\/wp-content\/uploads\/2018\/06\/enerjisa-enerji-turkiyeyi-elektrikli-arac-sarj-istasyonlariyla-kaplayacak-300x225.jpg 300w, https:\/\/www.enerjigazetesi.ist\/wp-content\/uploads\/2018\/06\/enerjisa-enerji-turkiyeyi-elektrikli-arac-sarj-istasyonlariyla-kaplayacak-768x576.jpg 768w, https:\/\/www.enerjigazetesi.ist\/wp-content\/uploads\/2018\/06\/enerjisa-enerji-turkiyeyi-elektrikli-arac-sarj-istasyonlariyla-kaplayacak-500x375.jpg 500w, https:\/\/www.enerjigazetesi.ist\/wp-content\/uploads\/2018\/06\/enerjisa-enerji-turkiyeyi-elektrikli-arac-sarj-istasyonlariyla-kaplayacak-67x50.jpg 67w, https:\/\/www.enerjigazetesi.ist\/wp-content\/uploads\/2018\/06\/enerjisa-enerji-turkiyeyi-elektrikli-arac-sarj-istasyonlariyla-kaplayacak.jpg 850w\" sizes=\"(max-width: 300px) 100vw, 300px\" \/>Sistemleri A.\u015e.\u2019nin (E\u015farj) hisselerinin b\u00fcy\u00fck \u00e7o\u011funlu\u011funu sat\u0131n alarak \u015firketin hakim hissedar\u0131 oldu. Bu sat\u0131n almayla Enerjisa Enerji, elektrik sekt\u00f6r\u00fcnde da\u011f\u0131t\u0131m ve sat\u0131\u015ftaki liderli\u011finin yan\u0131 s\u0131ra bu alanda da yenilik\u00e7i ve \u00f6nc\u00fc rol \u00fcstlenerek end\u00fcstrinin d\u00f6n\u00fc\u015f\u00fcm\u00fcnde aktif rol oynamay\u0131 hedefliyor.<\/p>\n<p>T\u00fcrkiye\u2019de 2008 y\u0131l\u0131nda faaliyete ge\u00e7en E\u015farj, \u015farj istasyonlar\u0131 sat\u0131\u015f\u0131 ve sarj istasyonu a\u011f\u0131 kurulumu alan\u0131nda faaliyet g\u00f6steriyor. E\u015farj\u2019\u0131n bug\u00fcn itibariyle T\u00fcrkiye\u2019de 80 \u015farj istasyonu ve 1.000 m\u00fc\u015fterisi bulunuyor. B\u00fcy\u00fck bir h\u0131zla geli\u015fen elektrikli ara\u00e7lar sekt\u00f6r\u00fcne y\u00f6nelik ulusal istasyon a\u011f\u0131 ve i\u015fletim sistemlerinde lider konuma sahip olan E\u015farj, \u015farj \u00fcnitelerinden olu\u015fan ulusal istasyon a\u011f\u0131 ve hizmet modelini g\u00fc\u00e7lendirerek T\u00fcrkiye\u2019nin her noktas\u0131nda \u015farj \u00e7\u00f6z\u00fcmleri sunmay\u0131 hedefliyor.<\/p>\n<p><strong>\u201cSat\u0131n alma elektrik enerjisi sekt\u00f6r\u00fcne 360 derece bak\u0131\u015f a\u00e7\u0131m\u0131z\u0131n g\u00f6stergesi\u201d<\/strong><\/p>\n<p>E\u015farj\u2019\u0131n hisselerinin sat\u0131n al\u0131nmas\u0131yla ilgili a\u00e7\u0131klama yapan Enerjisa Enerji CEO\u2019su K\u0131van\u00e7 Zaimler, bu sat\u0131n alman\u0131n Enerjisa Enerji\u2019nin elektrik enerjisi sekt\u00f6r\u00fcne 360 derece bak\u0131\u015f a\u00e7\u0131s\u0131n\u0131n \u00e7ok \u00f6nemli somut bir g\u00f6stergesi oldu\u011funu s\u00f6yledi. E\u015farj\u2019\u0131n yeni geli\u015fen bir alanda m\u00fc\u015fterilerine sundu\u011fu inovatif i\u015f modeli ile Enerjisa\u2019n\u0131n enerji sekt\u00f6r\u00fcndeki bilgi, deneyim ve g\u00fcc\u00fcn\u00fc birle\u015ftirdiklerine dikkat \u00e7eken Zaimler, \u201c\u00c7evre dostu elektrikli ara\u00e7lar\u0131n yayg\u0131nla\u015fmas\u0131 T\u00fcrkiye a\u00e7\u0131s\u0131ndan \u00e7ok \u00f6nemli. Elektrikli ara\u00e7lar\u0131n yayg\u0131nla\u015fmas\u0131 ve bu sekt\u00f6r\u00fcn geli\u015fimi i\u00e7in de \u00fclke genelinde yayg\u0131n \u015farj istasyonu a\u011f\u0131na b\u00fcy\u00fck ihtiya\u00e7 var. Enerjisa olarak b\u00fcy\u00fcme politikalar\u0131m\u0131z\u0131 her zaman s\u00fcrd\u00fcr\u00fclebilir ve \u00e7evre dostu \u00fcr\u00fcn ve hizmetlerle g\u00fc\u00e7lendirmeyi hedefledik. Bununla birlikte elektrik end\u00fcstrisinin her alan\u0131nda m\u00fc\u015fterilerimize hizmet sunmak ve onlara b\u00f6yle yenilik\u00e7i \u00e7\u00f6z\u00fcmler \u00fcretmeyi de hedeflerimiz aras\u0131na ekledik. E\u015farj\u2019\u0131n sat\u0131n al\u0131nmas\u0131 da enerji sekt\u00f6r\u00fcne bak\u0131\u015f\u0131m\u0131z\u0131n somut bir g\u00f6stergesidir. E\u015farj\u2019\u0131n inovatif i\u015f modeli ile Enerjisa\u2019n\u0131n bilgi ve deneyimini birle\u015ftirerek T\u00fcrkiye\u2019nin \u00e7evik ve yenilik\u00e7i enerji \u015firketi olarak insan\u0131m\u0131z\u0131n hayat\u0131na dokunan \u00e7\u00f6z\u00fcmler \u00fcreterek yolumuza devam edece\u011fiz\u201d dedi.<\/p>","protected":false},"excerpt":{"rendered":"<p>Sorry, this entry is only available in Turkish. For the sake of viewer convenience, the content is shown below in the alternative language. You may click the link to switch the active language.T\u00fcrkiye\u2019nin lider enerji \u015firketi Enerjisa Enerji, \u015farj istasyonlar\u0131 sat\u0131\u015f\u0131 ve sarj istasyonu a\u011f\u0131 kurulumu alan\u0131nda faaliyet g\u00f6steren ve\u00a0bu alanda T\u00fcrkiye\u2019de pazar lideri konumunda [&hellip;]<\/p>\n","protected":false},"author":1,"featured_media":74804,"comment_status":"open","ping_status":"open","sticky":false,"template":"","format":"standard","meta":[],"categories":[51,53],"tags":[215,17750,67,1009,422,37825],"views":548,"_links":{"self":[{"href":"https:\/\/www.enerjigazetesi.ist\/en\/wp-json\/wp\/v2\/posts\/74803"}],"collection":[{"href":"https:\/\/www.enerjigazetesi.ist\/en\/wp-json\/wp\/v2\/posts"}],"about":[{"href":"https:\/\/www.enerjigazetesi.ist\/en\/wp-json\/wp\/v2\/types\/post"}],"author":[{"embeddable":true,"href":"https:\/\/www.enerjigazetesi.ist\/en\/wp-json\/wp\/v2\/users\/1"}],"replies":[{"embeddable":true,"href":"https:\/\/www.enerjigazetesi.ist\/en\/wp-json\/wp\/v2\/comments?post=74803"}],"version-history":[{"count":1,"href":"https:\/\/www.enerjigazetesi.ist\/en\/wp-json\/wp\/v2\/posts\/74803\/revisions"}],"predecessor-version":[{"id":74805,"href":"https:\/\/www.enerjigazetesi.ist\/en\/wp-json\/wp\/v2\/posts\/74803\/revisions\/74805"}],"wp:featuredmedia":[{"embeddable":true,"href":"https:\/\/www.enerjigazetesi.ist\/en\/wp-json\/wp\/v2\/media\/74804"}],"wp:attachment":[{"href":"https:\/\/www.enerjigazetesi.ist\/en\/wp-json\/wp\/v2\/media?parent=74803"}],"wp:term":[{"taxonomy":"category","embeddable":true,"href":"https:\/\/www.enerjigazetesi.ist\/en\/wp-json\/wp\/v2\/categories?post=74803"},{"taxonomy":"post_tag","embeddable":true,"href":"https:\/\/www.enerjigazetesi.ist\/en\/wp-json\/wp\/v2\/tags?post=74803"}],"curies":[{"name":"wp","href":"https:\/\/api.w.org\/{rel}","templated":true}]}}