{"id":74783,"date":"2018-06-03T17:41:46","date_gmt":"2018-06-03T14:41:46","guid":{"rendered":"https:\/\/www.enerjigazetesi.ist\/?p=74783"},"modified":"2018-06-03T17:42:08","modified_gmt":"2018-06-03T14:42:08","slug":"teias-kamulastirma-karari-aldi","status":"publish","type":"post","link":"https:\/\/www.enerjigazetesi.ist\/en\/teias-kamulastirma-karari-aldi\/","title":{"rendered":"(Turkish) TE\u0130A\u015e Kamula\u015ft\u0131rma Karar\u0131 Ald\u0131"},"content":{"rendered":"<p class=\"qtranxs-available-languages-message qtranxs-available-languages-message-en\">Sorry, this entry is only available in <a href=\"https:\/\/www.enerjigazetesi.ist\/tr\/wp-json\/wp\/v2\/posts\/74783\" class=\"qtranxs-available-language-link qtranxs-available-language-link-tr\" title=\"Turkish\">Turkish<\/a>. For the sake of viewer convenience, the content is shown below in the alternative language. You may click the link to switch the active language.<\/p><p><\/p>\n<div class=\"post-spot\"><strong>T\u00fcrkiye Elektrik \u0130letim Anonim \u015eirketi (TE\u0130A\u015e), enerji nakil hatt\u0131 projeleri i\u00e7in ihtiya\u00e7 duyulan ta\u015f\u0131nmazlar\u0131 kamula\u015ft\u0131racak.<\/strong><\/div>\n<div class=\"post-container cf\">\n<div class=\"post-content-right\">\n<div class=\"post-content description\">\n<p><img loading=\"lazy\" class=\"alignleft size-medium wp-image-74784\" src=\"https:\/\/www.enerjigazetesi.ist\/wp-content\/uploads\/2018\/06\/teias-kamulastirma-karari-aldi-300x200.jpg\" alt=\"\" width=\"300\" height=\"200\" srcset=\"https:\/\/www.enerjigazetesi.ist\/wp-content\/uploads\/2018\/06\/teias-kamulastirma-karari-aldi-300x200.jpg 300w, https:\/\/www.enerjigazetesi.ist\/wp-content\/uploads\/2018\/06\/teias-kamulastirma-karari-aldi-500x333.jpg 500w, https:\/\/www.enerjigazetesi.ist\/wp-content\/uploads\/2018\/06\/teias-kamulastirma-karari-aldi-75x50.jpg 75w, https:\/\/www.enerjigazetesi.ist\/wp-content\/uploads\/2018\/06\/teias-kamulastirma-karari-aldi.jpg 708w\" sizes=\"(max-width: 300px) 100vw, 300px\" \/>Bakanlar Kurulu, T\u00fcrkiye Elektrik \u0130letim Anonim \u015eirketi&#8217;nin (TE\u0130A\u015e) baz\u0131 trafo merkezleri ile yeni iletim hatt\u0131 projeleri i\u00e7in ihtiya\u00e7 duyulan ta\u015f\u0131nmazlar\u0131n acele kamula\u015ft\u0131r\u0131lmas\u0131n\u0131 kararla\u015ft\u0131rd\u0131. Buna g\u00f6re TE\u0130A\u015e Genel M\u00fcd\u00fcrl\u00fc\u011f\u00fc taraf\u0131ndan yap\u0131lacak acele kamula\u015ft\u0131rma ihtiyac\u0131na g\u00fczergahlar \u015f\u00f6yle:<\/p>\n<div>Ankara ili Akyurt \u0130l\u00e7esi Kalaba ve C\u00fcc\u00fck mahalleleri ile \u00c7ubuk il\u00e7esi Ta\u015fp\u0131nar ve S\u00fcnl\u00fc Mahalleleri, K\u0131r\u0131kkale ili Merkez il\u00e7esi Ah\u0131l\u0131, Yuva, \u00c7ullu, A\u015fa\u011f\u0131 ve Yukar\u0131 Mahmutlar ile Bah\u015f\u0131l\u0131 il\u00e7esi I\u015f\u0131klar mahallesi ve \u0130zmir ili Kemalpa\u015fa il\u00e7esi A\u015fa\u011f\u0131 ve Yukar\u0131 K\u0131z\u0131lca ile \u00d6rnekk\u00f6y mahallelerindeki ta\u015f\u0131nmazlar kamula\u015ft\u0131r\u0131lacak.<\/div>\n<\/div>\n<\/div>\n<\/div>\n<p><\/p>","protected":false},"excerpt":{"rendered":"<p>Sorry, this entry is only available in Turkish. For the sake of viewer convenience, the content is shown below in the alternative language. You may click the link to switch the active language. T\u00fcrkiye Elektrik \u0130letim Anonim \u015eirketi (TE\u0130A\u015e), enerji nakil hatt\u0131 projeleri i\u00e7in ihtiya\u00e7 duyulan ta\u015f\u0131nmazlar\u0131 kamula\u015ft\u0131racak. Bakanlar Kurulu, T\u00fcrkiye Elektrik \u0130letim Anonim \u015eirketi&#8217;nin [&hellip;]<\/p>\n","protected":false},"author":1,"featured_media":74784,"comment_status":"open","ping_status":"open","sticky":false,"template":"","format":"standard","meta":[],"categories":[51,53],"tags":[34979,19638,26353,67,1009],"views":603,"_links":{"self":[{"href":"https:\/\/www.enerjigazetesi.ist\/en\/wp-json\/wp\/v2\/posts\/74783"}],"collection":[{"href":"https:\/\/www.enerjigazetesi.ist\/en\/wp-json\/wp\/v2\/posts"}],"about":[{"href":"https:\/\/www.enerjigazetesi.ist\/en\/wp-json\/wp\/v2\/types\/post"}],"author":[{"embeddable":true,"href":"https:\/\/www.enerjigazetesi.ist\/en\/wp-json\/wp\/v2\/users\/1"}],"replies":[{"embeddable":true,"href":"https:\/\/www.enerjigazetesi.ist\/en\/wp-json\/wp\/v2\/comments?post=74783"}],"version-history":[{"count":1,"href":"https:\/\/www.enerjigazetesi.ist\/en\/wp-json\/wp\/v2\/posts\/74783\/revisions"}],"predecessor-version":[{"id":74785,"href":"https:\/\/www.enerjigazetesi.ist\/en\/wp-json\/wp\/v2\/posts\/74783\/revisions\/74785"}],"wp:featuredmedia":[{"embeddable":true,"href":"https:\/\/www.enerjigazetesi.ist\/en\/wp-json\/wp\/v2\/media\/74784"}],"wp:attachment":[{"href":"https:\/\/www.enerjigazetesi.ist\/en\/wp-json\/wp\/v2\/media?parent=74783"}],"wp:term":[{"taxonomy":"category","embeddable":true,"href":"https:\/\/www.enerjigazetesi.ist\/en\/wp-json\/wp\/v2\/categories?post=74783"},{"taxonomy":"post_tag","embeddable":true,"href":"https:\/\/www.enerjigazetesi.ist\/en\/wp-json\/wp\/v2\/tags?post=74783"}],"curies":[{"name":"wp","href":"https:\/\/api.w.org\/{rel}","templated":true}]}}