{"id":74772,"date":"2018-06-03T14:06:27","date_gmt":"2018-06-03T11:06:27","guid":{"rendered":"https:\/\/www.enerjigazetesi.ist\/?p=74772"},"modified":"2018-06-03T14:06:27","modified_gmt":"2018-06-03T11:06:27","slug":"nukleer-tesislerde-radyasyondan-korunma-yonetmeligi-yururluge-girdi","status":"publish","type":"post","link":"https:\/\/www.enerjigazetesi.ist\/en\/nukleer-tesislerde-radyasyondan-korunma-yonetmeligi-yururluge-girdi\/","title":{"rendered":"(Turkish) N\u00fckleer Tesislerde Radyasyondan Korunma Y\u00f6netmeli\u011fi Y\u00fcr\u00fcrl\u00fc\u011fe Girdi"},"content":{"rendered":"<p class=\"qtranxs-available-languages-message qtranxs-available-languages-message-en\">Sorry, this entry is only available in <a href=\"https:\/\/www.enerjigazetesi.ist\/tr\/wp-json\/wp\/v2\/posts\/74772\" class=\"qtranxs-available-language-link qtranxs-available-language-link-tr\" title=\"Turkish\">Turkish<\/a>. For the sake of viewer convenience, the content is shown below in the alternative language. You may click the link to switch the active language.<\/p><p><strong>T\u00fcrkiye Atom Enerjisi Kurumu&#8217;nun (TAEK) N\u00fckleer Tesislerde Radyasyondan Korunma Y\u00f6netmeli\u011fi Resmi Gazete&#8217;de yay\u0131mlanarak y\u00fcr\u00fcrl\u00fc\u011fe girdi.<\/strong><\/p>\n<p>Buna g\u00f6re, n\u00fckleer tesislerin \u00f6mr\u00fc boyunca radyasyona maruz kalma riskini art\u0131rabilecek faaliyetlerin g\u00fcvenli bir \u015fekilde yerine getirilmesi ile \u00e7al\u0131\u015fan, halk ve \u00e7evrenin radyasyondan korunmas\u0131nda as\u0131l <img loading=\"lazy\" class=\"alignright size-medium wp-image-74773\" src=\"https:\/\/www.enerjigazetesi.ist\/wp-content\/uploads\/2018\/06\/nukleer-tesislerde-radyasyondan-korunma-yonetmeligi-yururluge-girdi-300x200.jpg\" alt=\"\" width=\"300\" height=\"200\" srcset=\"https:\/\/www.enerjigazetesi.ist\/wp-content\/uploads\/2018\/06\/nukleer-tesislerde-radyasyondan-korunma-yonetmeligi-yururluge-girdi-300x200.jpg 300w, https:\/\/www.enerjigazetesi.ist\/wp-content\/uploads\/2018\/06\/nukleer-tesislerde-radyasyondan-korunma-yonetmeligi-yururluge-girdi-500x333.jpg 500w, https:\/\/www.enerjigazetesi.ist\/wp-content\/uploads\/2018\/06\/nukleer-tesislerde-radyasyondan-korunma-yonetmeligi-yururluge-girdi-75x50.jpg 75w, https:\/\/www.enerjigazetesi.ist\/wp-content\/uploads\/2018\/06\/nukleer-tesislerde-radyasyondan-korunma-yonetmeligi-yururluge-girdi.jpg 708w\" sizes=\"(max-width: 300px) 100vw, 300px\" \/>sorumluluk, TAEK taraf\u0131ndan yetkilendirilerek tesisi kuran \u015firkete ait olacak ve bu sorumluluk hi\u00e7bir ko\u015fulda devredilemeyecek.<\/p>\n<p>S\u00f6z konusu \u015firketlerin, i\u015fletmeden \u00e7\u0131karma da dahil olmak \u00fczere n\u00fckleer tesisin \u00f6mr\u00fc boyunca mevcut ve gelecek nesillerin radyasyondan korunmas\u0131n\u0131n sa\u011flanmas\u0131, buna ili\u015fkin sorumluluklar\u0131n yerine getirilmesi ve gerekli \u00f6nlemlerin al\u0131nmas\u0131 i\u00e7in idari, mali ve teknik yap\u0131lanmay\u0131 olu\u015fturmas\u0131 gerekecek.<\/p>\n<p>Ayr\u0131ca, tesise verilen lisans\u0131n iptali, ask\u0131ya al\u0131nmas\u0131 veya ge\u00e7erlilik s\u00fcresinin dolmas\u0131, \u015firketlerin sorumluluklar\u0131n\u0131 ortadan kald\u0131rmayacak.<\/p>\n<p><strong>Radyolojik izleme program\u0131 haz\u0131rlanacak<\/strong><\/p>\n<p>N\u00fckleer tesisten kaynaklanabilecek t\u00fcm \u0131\u015f\u0131nlanmalar\u0131n neden olabilece\u011fi ki\u015fisel dozlar\u0131n b\u00fcy\u00fckl\u00fc\u011f\u00fc ve radyasyona maruz kalabilecek ki\u015filerin say\u0131s\u0131 ile ekonomik ve sosyal fakt\u00f6rleri g\u00f6z \u00f6n\u00fcnde bulundurmakla sorumlu olacak \u015firketler, m\u00fcmk\u00fcn olan en d\u00fc\u015f\u00fck doz al\u0131nacak \u015fekilde, \u00e7al\u0131\u015fan, stajyer ve halk i\u00e7in m\u00fcmk\u00fcn ve makul olan en iyi y\u00f6ntemleri kullanarak optimum korunmay\u0131 sa\u011flayacak.<\/p>\n<p>\u0130\u015fletme ko\u015fullar\u0131 ve kazalar s\u0131ras\u0131nda halk\u0131n alabilece\u011fi dozu yeterli seviyede ve h\u0131zl\u0131 bir \u015fekilde de\u011ferlendirmek i\u00e7in \u00e7evresel radyolojik izleme program\u0131n\u0131 haz\u0131rlayacak ve in\u015faat lisans\u0131 ba\u015fvurusu s\u0131ras\u0131nda TAEK\u2019e sunacak.<\/p>\n<p>TAEK taraf\u0131ndan uygunlu\u011fu de\u011ferlendirilecek program, n\u00fckleer tesisin i\u015fletmeye al\u0131nmas\u0131ndan yakla\u015f\u0131k 2 y\u0131l \u00f6nce uygulanmaya ba\u015flanacak.<\/p>\n<p><strong>Kaza analizleri yap\u0131lacak<\/strong><\/p>\n<p>N\u00fckleer tesislerin lisanslama ve periyodik g\u00fcvenlik de\u011ferlendirmeleri s\u0131ras\u0131nda \u015firket taraf\u0131ndan tasar\u0131ma esas kazalar ile tasar\u0131m \u00f6tesi kaza durumlar\u0131n\u0131n radyolojik analizleri yap\u0131lacak.<\/p>\n<p>Acil durumlara haz\u0131rl\u0131k a\u00e7\u0131s\u0131ndan, \u015firket taraf\u0131ndan kullan\u0131lmak \u00fczere, \u0131s\u0131l g\u00fcc\u00fc 2 megavat-termalden b\u00fcy\u00fck olan reakt\u00f6rlerde ve tesis d\u0131\u015f\u0131na yay\u0131larak koruyucu eylemlerin ger\u00e7ekle\u015ftirilmesini gerektiren dozlara yol a\u00e7abilecek di\u011fer n\u00fckleer tesislerde ger\u00e7ekle\u015febilecek kazalar\u0131n radyolojik sonu\u00e7lar\u0131n\u0131 tahmin eden karar destek sistemi model ve yaz\u0131l\u0131mlar\u0131 tesislerde bulunacak.<\/p>\n<p>Bu model ve yaz\u0131l\u0131mlar\u0131n n\u00fckleer tesis i\u015fletmeye al\u0131nmadan \u00f6nce, ger\u00e7ekle\u015febilecek ve \u00e7evreye radyasyon sal\u0131m\u0131na neden olabilecek kaza senaryolar\u0131 i\u00e7in denenmi\u015f olacak. Acil durum tatbikatlar\u0131yla model ve yaz\u0131l\u0131mlar\u0131n sonu\u00e7lar\u0131n\u0131n kullan\u0131labilirli\u011fi test edilecek.<\/p>","protected":false},"excerpt":{"rendered":"<p>Sorry, this entry is only available in Turkish. For the sake of viewer convenience, the content is shown below in the alternative language. You may click the link to switch the active language.T\u00fcrkiye Atom Enerjisi Kurumu&#8217;nun (TAEK) N\u00fckleer Tesislerde Radyasyondan Korunma Y\u00f6netmeli\u011fi Resmi Gazete&#8217;de yay\u0131mlanarak y\u00fcr\u00fcrl\u00fc\u011fe girdi. Buna g\u00f6re, n\u00fckleer tesislerin \u00f6mr\u00fc boyunca radyasyona maruz [&hellip;]<\/p>\n","protected":false},"author":1,"featured_media":74773,"comment_status":"open","ping_status":"open","sticky":false,"template":"","format":"standard","meta":[],"categories":[53,43],"tags":[67,1009,23134,25480,34930,5657,37817],"views":787,"_links":{"self":[{"href":"https:\/\/www.enerjigazetesi.ist\/en\/wp-json\/wp\/v2\/posts\/74772"}],"collection":[{"href":"https:\/\/www.enerjigazetesi.ist\/en\/wp-json\/wp\/v2\/posts"}],"about":[{"href":"https:\/\/www.enerjigazetesi.ist\/en\/wp-json\/wp\/v2\/types\/post"}],"author":[{"embeddable":true,"href":"https:\/\/www.enerjigazetesi.ist\/en\/wp-json\/wp\/v2\/users\/1"}],"replies":[{"embeddable":true,"href":"https:\/\/www.enerjigazetesi.ist\/en\/wp-json\/wp\/v2\/comments?post=74772"}],"version-history":[{"count":1,"href":"https:\/\/www.enerjigazetesi.ist\/en\/wp-json\/wp\/v2\/posts\/74772\/revisions"}],"predecessor-version":[{"id":74774,"href":"https:\/\/www.enerjigazetesi.ist\/en\/wp-json\/wp\/v2\/posts\/74772\/revisions\/74774"}],"wp:featuredmedia":[{"embeddable":true,"href":"https:\/\/www.enerjigazetesi.ist\/en\/wp-json\/wp\/v2\/media\/74773"}],"wp:attachment":[{"href":"https:\/\/www.enerjigazetesi.ist\/en\/wp-json\/wp\/v2\/media?parent=74772"}],"wp:term":[{"taxonomy":"category","embeddable":true,"href":"https:\/\/www.enerjigazetesi.ist\/en\/wp-json\/wp\/v2\/categories?post=74772"},{"taxonomy":"post_tag","embeddable":true,"href":"https:\/\/www.enerjigazetesi.ist\/en\/wp-json\/wp\/v2\/tags?post=74772"}],"curies":[{"name":"wp","href":"https:\/\/api.w.org\/{rel}","templated":true}]}}