{"id":74753,"date":"2018-06-02T23:41:35","date_gmt":"2018-06-02T20:41:35","guid":{"rendered":"https:\/\/www.enerjigazetesi.ist\/?p=74753"},"modified":"2018-06-02T23:41:35","modified_gmt":"2018-06-02T20:41:35","slug":"turkiye-ve-azerbaycan-enerjide-is-birligini-genisletecek","status":"publish","type":"post","link":"https:\/\/www.enerjigazetesi.ist\/en\/turkiye-ve-azerbaycan-enerjide-is-birligini-genisletecek\/","title":{"rendered":"(Turkish) T\u00fcrkiye ve Azerbaycan Enerjide \u0130\u015f Birli\u011fini Geni\u015fletecek"},"content":{"rendered":"<p class=\"qtranxs-available-languages-message qtranxs-available-languages-message-en\">Sorry, this entry is only available in <a href=\"https:\/\/www.enerjigazetesi.ist\/tr\/wp-json\/wp\/v2\/posts\/74753\" class=\"qtranxs-available-language-link qtranxs-available-language-link-tr\" title=\"Turkish\">Turkish<\/a>. For the sake of viewer convenience, the content is shown below in the alternative language. You may click the link to switch the active language.<\/p><p><strong>T\u00fcrkiye Petrolleri (TP) Y\u00f6netim Kurulu Ba\u015fkan\u0131 ve Genel M\u00fcd\u00fcr\u00fc Melih Han Bilgin, Azerbaycan\u2019\u0131n ba\u015fkenti Bak\u00fc\u2019de d\u00fczenlenen 25. Uluslararas\u0131 Hazar Petrol ve Do\u011falgaz Konferans\u0131\u2019na kat\u0131ld\u0131. Konferans\u0131n \u201cHazar\u2019\u0131n Azerbaycan b\u00f6lgesinde son 25 y\u0131lda ger\u00e7ekle\u015ftirilen petrol ve do\u011falgaz faaliyetleri\u201d ba\u015fl\u0131kl\u0131 panelinde konu\u015fan Bilgin, iki \u00fclke aras\u0131ndaki ekonomik ili\u015fkilerin iyi d\u00fczeyde oldu\u011funu s\u00f6yledi.<\/strong><\/p>\n<p>Bilgin, Azerbaycan\u2019\u0131n T\u00fcrkiye\u2019ye 14 milyar dolar, T\u00fcrkiye\u2019nin de Azerbaycan\u2019a 12 milyar dolar yat\u0131r\u0131m <img loading=\"lazy\" class=\"alignright size-medium wp-image-55446\" src=\"https:\/\/www.enerjigazetesi.ist\/wp-content\/uploads\/2016\/07\/tp-iscileri-ozellestirmeye-karsi-ankarada-bir-eylem-gerceklestirdi-300x167.jpg\" alt=\"\" width=\"300\" height=\"167\" srcset=\"https:\/\/www.enerjigazetesi.ist\/wp-content\/uploads\/2016\/07\/tp-iscileri-ozellestirmeye-karsi-ankarada-bir-eylem-gerceklestirdi-300x167.jpg 300w, https:\/\/www.enerjigazetesi.ist\/wp-content\/uploads\/2016\/07\/tp-iscileri-ozellestirmeye-karsi-ankarada-bir-eylem-gerceklestirdi-500x279.jpg 500w, https:\/\/www.enerjigazetesi.ist\/wp-content\/uploads\/2016\/07\/tp-iscileri-ozellestirmeye-karsi-ankarada-bir-eylem-gerceklestirdi-80x44.jpg 80w, https:\/\/www.enerjigazetesi.ist\/wp-content\/uploads\/2016\/07\/tp-iscileri-ozellestirmeye-karsi-ankarada-bir-eylem-gerceklestirdi.jpg 660w\" sizes=\"(max-width: 300px) 100vw, 300px\" \/>yapt\u0131\u011f\u0131n\u0131 bildirdi. T\u00fcrkiye\u2019nin, Azerbaycan\u2019\u0131n ikinci b\u00fcy\u00fck ticari orta\u011f\u0131 oldu\u011funu ifade eden Bilgin, bu y\u0131l\u0131n ilk \u00e7eyre\u011finde iki \u00fclke aras\u0131ndaki ticaret hacminin 500 milyon dolar\u0131 buldu\u011funu kaydetti.<\/p>\n<p>Bilgin, Azerbaycan ve T\u00fcrkiye\u2019nin birlikte b\u00fcy\u00fck k\u00fcresel projelere imza att\u0131\u011f\u0131n\u0131 s\u00f6yleyerek \u201cBunlardan en zoru Bak\u00fc-Tiflis-Kars demiryolu hatt\u0131yd\u0131. Bu hat art\u0131k faaliyete ba\u015flad\u0131. T\u00fcrkiye ve Azerbaycan TANAP\u2019a imza atarak kendi g\u00fc\u00e7lerini ortaya koydu. G\u00fcney Gaz Koridoru\u2019nun en \u00f6nemli k\u0131sm\u0131 TANAP\u2019la Azerbaycan kendi do\u011falgaz\u0131n\u0131 Avrupa pazarlar\u0131na \u00e7\u0131kartma olana\u011f\u0131 elde edecek. TP olarak buradaki enerji \u015firketleriyle, T\u00fcrkiye ve Azerbaycan olarak ise enerji g\u00fcvenli\u011fi alan\u0131ndaki i\u015f birli\u011fini geni\u015fletmek niyetindeyiz.\u201d diye konu\u015ftu.<\/p>","protected":false},"excerpt":{"rendered":"<p>Sorry, this entry is only available in Turkish. For the sake of viewer convenience, the content is shown below in the alternative language. You may click the link to switch the active language.T\u00fcrkiye Petrolleri (TP) Y\u00f6netim Kurulu Ba\u015fkan\u0131 ve Genel M\u00fcd\u00fcr\u00fc Melih Han Bilgin, Azerbaycan\u2019\u0131n ba\u015fkenti Bak\u00fc\u2019de d\u00fczenlenen 25. Uluslararas\u0131 Hazar Petrol ve Do\u011falgaz Konferans\u0131\u2019na [&hellip;]<\/p>\n","protected":false},"author":1,"featured_media":55446,"comment_status":"open","ping_status":"open","sticky":false,"template":"","format":"standard","meta":[],"categories":[53,44],"tags":[37815,92,63,67,232,1009,59,34935,34936,2297],"views":984,"_links":{"self":[{"href":"https:\/\/www.enerjigazetesi.ist\/en\/wp-json\/wp\/v2\/posts\/74753"}],"collection":[{"href":"https:\/\/www.enerjigazetesi.ist\/en\/wp-json\/wp\/v2\/posts"}],"about":[{"href":"https:\/\/www.enerjigazetesi.ist\/en\/wp-json\/wp\/v2\/types\/post"}],"author":[{"embeddable":true,"href":"https:\/\/www.enerjigazetesi.ist\/en\/wp-json\/wp\/v2\/users\/1"}],"replies":[{"embeddable":true,"href":"https:\/\/www.enerjigazetesi.ist\/en\/wp-json\/wp\/v2\/comments?post=74753"}],"version-history":[{"count":1,"href":"https:\/\/www.enerjigazetesi.ist\/en\/wp-json\/wp\/v2\/posts\/74753\/revisions"}],"predecessor-version":[{"id":74754,"href":"https:\/\/www.enerjigazetesi.ist\/en\/wp-json\/wp\/v2\/posts\/74753\/revisions\/74754"}],"wp:featuredmedia":[{"embeddable":true,"href":"https:\/\/www.enerjigazetesi.ist\/en\/wp-json\/wp\/v2\/media\/55446"}],"wp:attachment":[{"href":"https:\/\/www.enerjigazetesi.ist\/en\/wp-json\/wp\/v2\/media?parent=74753"}],"wp:term":[{"taxonomy":"category","embeddable":true,"href":"https:\/\/www.enerjigazetesi.ist\/en\/wp-json\/wp\/v2\/categories?post=74753"},{"taxonomy":"post_tag","embeddable":true,"href":"https:\/\/www.enerjigazetesi.ist\/en\/wp-json\/wp\/v2\/tags?post=74753"}],"curies":[{"name":"wp","href":"https:\/\/api.w.org\/{rel}","templated":true}]}}