{"id":74731,"date":"2018-06-01T07:26:23","date_gmt":"2018-06-01T04:26:23","guid":{"rendered":"https:\/\/www.enerjigazetesi.ist\/?p=74731"},"modified":"2018-06-03T21:40:04","modified_gmt":"2018-06-03T18:40:04","slug":"zorlu-su-ayak-izini-onaylatan-ilk-enerji-sirketi-oldu","status":"publish","type":"post","link":"https:\/\/www.enerjigazetesi.ist\/en\/zorlu-su-ayak-izini-onaylatan-ilk-enerji-sirketi-oldu\/","title":{"rendered":"(Turkish) Zorlu Su Ayak \u0130zini Onaylatan \u0130lk Enerji \u015eirketi Oldu"},"content":{"rendered":"<p class=\"qtranxs-available-languages-message qtranxs-available-languages-message-en\">Sorry, this entry is only available in <a href=\"https:\/\/www.enerjigazetesi.ist\/tr\/wp-json\/wp\/v2\/posts\/74731\" class=\"qtranxs-available-language-link qtranxs-available-language-link-tr\" title=\"Turkish\">Turkish<\/a>. For the sake of viewer convenience, the content is shown below in the alternative language. You may click the link to switch the active language.<\/p><p><strong>T\u00fcm tesislerinde su kaynaklar\u0131n\u0131 verimli kullanma ve at\u0131k sular\u0131 azaltma \u00e7al\u0131\u015fmalar\u0131 y\u00fcr\u00fcten Zorlu Enerji Grubu,\u00a0T\u00fcrkiye\u2019de su ayak izini hesaplatarak onaylatan ilk enerji \u015firketi oldu.<\/strong><\/p>\n<p>Zorlu Enerji Grubu; s\u00fcrd\u00fcr\u00fclebilirlik yakla\u015f\u0131m\u0131n\u0131, yerli ve yenilenebilir enerji kaynaklar\u0131n\u0131 en \u00fcst seviyede kullanarak \u015fekillendirmeye devam ederken \u00e7evreye ve topluma verdi\u011fi de\u011feri ald\u0131\u011f\u0131 ba\u011f\u0131ms\u0131z <img loading=\"lazy\" class=\"alignleft size-medium wp-image-74732\" src=\"https:\/\/www.enerjigazetesi.ist\/wp-content\/uploads\/2018\/06\/zorlu-su-ayak-izini-onaylatan-ilk-enerji-sirketi-oldu-300x200.jpg\" alt=\"\" width=\"300\" height=\"200\" srcset=\"https:\/\/www.enerjigazetesi.ist\/wp-content\/uploads\/2018\/06\/zorlu-su-ayak-izini-onaylatan-ilk-enerji-sirketi-oldu.jpg 300w, https:\/\/www.enerjigazetesi.ist\/wp-content\/uploads\/2018\/06\/zorlu-su-ayak-izini-onaylatan-ilk-enerji-sirketi-oldu-75x50.jpg 75w\" sizes=\"(max-width: 300px) 100vw, 300px\" \/>sertifikalarla tescillendirmeyi de s\u00fcrd\u00fcr\u00fcyor.<\/p>\n<p>Bu vizyon do\u011frultusunda Zorlu Enerji, Zorlu Jeotermal ve Zorlu Do\u011fal tesisleriyle t\u00fcketilen her mal ve hizmetin \u00fcretiminden t\u00fcketimine kadar kullan\u0131lan su miktar\u0131n\u0131 tan\u0131mlayan su ayak izini hesaplatarak onaylatan T\u00fcrkiye\u2019deki ilk enerji \u015firketi oldu.<\/p>\n<p>Enerji sekt\u00f6r\u00fcnde T\u00fcrkiye\u2019nin ilk ISO 14046 Su Ayak izi Belgesini alan Zorlu Enerji Grubu\u2019nun \u00fc\u00e7 \u015firketi; su y\u00f6netimi konusunda \u00fclkemizin \u00f6nc\u00fc \u00e7al\u0131\u015fmalar\u0131ndan birini ger\u00e7ekle\u015ftirerek do\u011faya verdikleri de\u011feri bir kez daha ba\u011f\u0131ms\u0131z kurumlarca tescilletmi\u015f oldu.<\/p>\n<p>Konuyla ilgili duygu ve d\u00fc\u015f\u00fcncelerini dile getiren Zorlu Enerji Grubu Ba\u015fkan\u0131 Sinan Ak, \u201c\u2019<i>Karbon Saydaml\u0131k Projesi\u2019ne T\u00fcrkiye\u2019den kat\u0131lan ilk enerji \u015firket olarak 2011 y\u0131l\u0131ndan bu yana her y\u0131l karbon ayak izimizi, 2017 y\u0131l\u0131ndan bu yana ise su ayak izimizi kamuoyu ile \u015feffaf bir bi\u00e7imde payla\u015f\u0131yoruz.<\/i><\/p>\n<p><i>2010 y\u0131l\u0131ndan bu yana ISO 14064 Sera Gaz\u0131 Hesaplama ve Do\u011frulama Y\u00f6netim Sistemi standard\u0131n\u0131 yine sekt\u00f6r\u00fcnde ilk olarak hayata ge\u00e7iren Grup olarak \u015fimdi de ISO 14046 Su Ayak izi Belgesini alarak do\u011faya, \u00e7evreye ve topluma verdi\u011fimiz de\u011feri bir kez daha g\u00f6stermi\u015f olduk. Bu belgelendirme ile t\u00fcm tesislerimizde su kaynaklar\u0131n\u0131n verimli kullan\u0131m\u0131, at\u0131k sular\u0131n azalt\u0131lmas\u0131 \u00e7al\u0131\u015fmalar\u0131n\u0131 sistematik hale getirerek y\u00f6netiyoruz. CDP platformu arac\u0131l\u0131\u011f\u0131yla bu performans\u0131m\u0131z\u0131 kamuoyu ile \u015feffaf bir \u015fekilde payla\u015fmaya ba\u015flayaca\u011f\u0131z. Payda\u015flar\u0131m\u0131zla yapt\u0131\u011f\u0131m\u0131z g\u00f6r\u00fc\u015fmelerle neticesinde hayata ge\u00e7irdi\u011fimiz bu projeyle; suyun verimli ve tasarruflu bir \u015fekilde kullan\u0131lmas\u0131 konusunda toplum bilincini de art\u0131rmay\u0131 hedefliyoruz\u201d\u00a0dedi.<\/i><\/p>","protected":false},"excerpt":{"rendered":"<p>Sorry, this entry is only available in Turkish. For the sake of viewer convenience, the content is shown below in the alternative language. You may click the link to switch the active language.T\u00fcm tesislerinde su kaynaklar\u0131n\u0131 verimli kullanma ve at\u0131k sular\u0131 azaltma \u00e7al\u0131\u015fmalar\u0131 y\u00fcr\u00fcten Zorlu Enerji Grubu,\u00a0T\u00fcrkiye\u2019de su ayak izini hesaplatarak onaylatan ilk enerji \u015firketi [&hellip;]<\/p>\n","protected":false},"author":1,"featured_media":74732,"comment_status":"open","ping_status":"open","sticky":false,"template":"","format":"standard","meta":[],"categories":[53],"tags":[67,1009,37807,2582,99,1296,344],"views":998,"_links":{"self":[{"href":"https:\/\/www.enerjigazetesi.ist\/en\/wp-json\/wp\/v2\/posts\/74731"}],"collection":[{"href":"https:\/\/www.enerjigazetesi.ist\/en\/wp-json\/wp\/v2\/posts"}],"about":[{"href":"https:\/\/www.enerjigazetesi.ist\/en\/wp-json\/wp\/v2\/types\/post"}],"author":[{"embeddable":true,"href":"https:\/\/www.enerjigazetesi.ist\/en\/wp-json\/wp\/v2\/users\/1"}],"replies":[{"embeddable":true,"href":"https:\/\/www.enerjigazetesi.ist\/en\/wp-json\/wp\/v2\/comments?post=74731"}],"version-history":[{"count":2,"href":"https:\/\/www.enerjigazetesi.ist\/en\/wp-json\/wp\/v2\/posts\/74731\/revisions"}],"predecessor-version":[{"id":74835,"href":"https:\/\/www.enerjigazetesi.ist\/en\/wp-json\/wp\/v2\/posts\/74731\/revisions\/74835"}],"wp:featuredmedia":[{"embeddable":true,"href":"https:\/\/www.enerjigazetesi.ist\/en\/wp-json\/wp\/v2\/media\/74732"}],"wp:attachment":[{"href":"https:\/\/www.enerjigazetesi.ist\/en\/wp-json\/wp\/v2\/media?parent=74731"}],"wp:term":[{"taxonomy":"category","embeddable":true,"href":"https:\/\/www.enerjigazetesi.ist\/en\/wp-json\/wp\/v2\/categories?post=74731"},{"taxonomy":"post_tag","embeddable":true,"href":"https:\/\/www.enerjigazetesi.ist\/en\/wp-json\/wp\/v2\/tags?post=74731"}],"curies":[{"name":"wp","href":"https:\/\/api.w.org\/{rel}","templated":true}]}}