{"id":74729,"date":"2018-06-01T07:22:57","date_gmt":"2018-06-01T04:22:57","guid":{"rendered":"https:\/\/www.enerjigazetesi.ist\/?p=74729"},"modified":"2018-06-01T07:22:57","modified_gmt":"2018-06-01T04:22:57","slug":"cw-enerji-en-buyuk-500-sanayi-kurulusu-listesinde-yerini-aldi","status":"publish","type":"post","link":"https:\/\/www.enerjigazetesi.ist\/en\/cw-enerji-en-buyuk-500-sanayi-kurulusu-listesinde-yerini-aldi\/","title":{"rendered":"(Turkish) CW Enerji En B\u00fcy\u00fck 500 Sanayi Kurulu\u015fu Listesinde Yerini Ald\u0131"},"content":{"rendered":"<p class=\"qtranxs-available-languages-message qtranxs-available-languages-message-en\">Sorry, this entry is only available in <a href=\"https:\/\/www.enerjigazetesi.ist\/tr\/wp-json\/wp\/v2\/posts\/74729\" class=\"qtranxs-available-language-link qtranxs-available-language-link-tr\" title=\"Turkish\">Turkish<\/a>. For the sake of viewer convenience, the content is shown below in the alternative language. You may click the link to switch the active language.<\/p><p><strong>CW Enerji, 2017 y\u0131l\u0131 itibariyle T\u00fcrkiye\u2019nin en b\u00fcy\u00fck 413\u2019\u00fcnc\u00fc sanayi kurulu\u015fu oldu.\u00a0<\/strong><\/p>\n<p><strong>Antalya\u2019da Organize Sanayi B\u00f6lgesi\u2019nde faaliyet g\u00f6steren g\u00fcne\u015f paneli \u00fcreticisi CW Enerji M\u00fchendislik Ticaret ve Sanayi Anonim \u015eirketi, \u0130stanbul Sanayi Odas\u0131\u2019n\u0131n (\u0130SO) 1968 y\u0131l\u0131ndan bu yana aral\u0131ks\u0131z ger\u00e7ekle\u015ftirdi\u011fi ve sekt\u00f6r i\u00e7in en de\u011ferli verileri olu\u015fturan \u201cT\u00fcrkiye\u2019nin 500 B\u00fcy\u00fck Sanayi Kurulu\u015fu-2017\u201d ara\u015ft\u0131rmas\u0131nda T\u00fcrkiye\u2019nin en b\u00fcy\u00fck 413\u2019\u00fcnc\u00fc sanayi kurulu\u015fu oldu.\u00a0<\/strong><\/p>\n<p>T\u00fcrkiye\u2019de sanayi faaliyet alan\u0131ndaki en b\u00fcy\u00fck kurulu\u015flar\u0131 tespit etmek i\u00e7in \u0130stanbul Sanayi ve Ticaret Odas\u0131 taraf\u0131ndan yap\u0131lan , \u201cT\u00fcrkiye\u2019nin 500 B\u00fcy\u00fck Sanayi Kurulu\u015fu\u201d\u00a0 \u0130SO 500 s\u0131ralamas\u0131n\u0131n 2017 sonu\u00e7lar\u0131 a\u00e7\u0131kland\u0131. Sanayi kurulu\u015flar\u0131na ait net sat\u0131\u015flar, \u00fcretimden sat\u0131\u015flar, ihracat (dolar olarak), vergi <img loading=\"lazy\" class=\"alignright wp-image-71442 size-medium\" src=\"https:\/\/www.enerjigazetesi.ist\/wp-content\/uploads\/2018\/02\/enerji-kenti-elazigin-gunes-santralleri-cw-enerjiden-300x200.jpg\" alt=\"cw-enerji-en-buyuk-500-sanayi-kurulusu-listesinde-yerini-aldi\" width=\"300\" height=\"200\" srcset=\"https:\/\/www.enerjigazetesi.ist\/wp-content\/uploads\/2018\/02\/enerji-kenti-elazigin-gunes-santralleri-cw-enerjiden-300x200.jpg 300w, https:\/\/www.enerjigazetesi.ist\/wp-content\/uploads\/2018\/02\/enerji-kenti-elazigin-gunes-santralleri-cw-enerjiden-768x512.jpg 768w, https:\/\/www.enerjigazetesi.ist\/wp-content\/uploads\/2018\/02\/enerji-kenti-elazigin-gunes-santralleri-cw-enerjiden-1024x683.jpg 1024w, https:\/\/www.enerjigazetesi.ist\/wp-content\/uploads\/2018\/02\/enerji-kenti-elazigin-gunes-santralleri-cw-enerjiden-500x333.jpg 500w, https:\/\/www.enerjigazetesi.ist\/wp-content\/uploads\/2018\/02\/enerji-kenti-elazigin-gunes-santralleri-cw-enerjiden-75x50.jpg 75w, https:\/\/www.enerjigazetesi.ist\/wp-content\/uploads\/2018\/02\/enerji-kenti-elazigin-gunes-santralleri-cw-enerjiden.jpg 1368w\" sizes=\"(max-width: 300px) 100vw, 300px\" \/>\u00f6ncesi d\u00f6nem kar ve zarar, faiz amortisman ve vergi \u00f6ncesi kar ve zarar, aktif-pasif toplam\u0131, y\u0131ll\u0131k ortalama \u00e7al\u0131\u015fan say\u0131s\u0131, ar-ge harcamalar\u0131 ve br\u00fct katma de\u011ferin hesaplanmas\u0131nda kullan\u0131lan fakt\u00f6r gelirleri \u00f6demeler gibi t\u00fcm bu verileri kapsayan \u0130SO 500 ara\u015ft\u0131rmas\u0131nda Antalya\u2019da Organize Sanayi B\u00f6lgesi\u2019nde faaliyet g\u00f6steren, Antalya Ticaret ve Sanayi Odas\u0131\u2019na ba\u011fl\u0131 g\u00fcne\u015f paneli \u00fcreticisi CW Enerji M\u00fchendislik Ticaret ve Sanayi Anonim \u015eirketi, 2017 y\u0131l\u0131nda 382.399.793 TL\u2019lik \u00fcretimden net sat\u0131\u015flar\u0131 ile 413\u2019\u00fcnc\u00fc s\u0131rada yerini ald\u0131.<\/p>\n<p>2017 \u0130SO 500 listesinde Antalya Ticaret ve Sanayi Odas\u0131na kay\u0131tl\u0131 5 firma yer al\u0131rken, CW Enerji M\u00fchendislik Ticaret ve Anonim \u015eirketi net sat\u0131\u015flar kategorisinde 418.361.355 TL, \u00fcretimden net sat\u0131\u015flar kategorisinde 382.399.793 TL ile kent s\u0131ralamas\u0131nda 3\u2019\u00fcnc\u00fc oldu.<\/p>\n<p>Fotovoltaik panel sat\u0131\u015f\u0131 yapan iki firman\u0131n yer ald\u0131\u011f\u0131 2017 \u0130SO 500 listesinde CW Enerji M\u00fchendislik Ticaret ve Anonim \u015eirketi, yerli panel \u00fcretimi ve sat\u0131\u015f\u0131 yapan tek firma olarak listede yerini al\u0131rken, \u00fcretimden net sat\u0131\u015flar ve bet sat\u0131\u015flar kategorisinde kendi sekt\u00f6r\u00fcnde \u0130SO 500 listesine giren di\u011fer firmadan \u00fcst s\u0131rada yerini ald\u0131.<\/p>\n<p><strong>-\u201c25 M\u0130LYON USD \u0130HRACAT HEDEF\u0130\u201d<\/strong><\/p>\n<p>2017 y\u0131l\u0131nda 438 MW g\u00fcc\u00fcnde \u00fcretim kapasitelerinin b\u00fcy\u00fck \u00e7o\u011funlu\u011funu i\u00e7 pazara kanalize eden CW Enerji M\u00fchendislik Ticaret ve Anonim \u015eirketi\u2019nin bu nedenle do\u011frudan ihracat gelirinin toplam net sat\u0131\u015f i\u00e7indeki pay\u0131 y\u00fczde % 0,25 gibi k\u00fc\u00e7\u00fck bir rakamd\u0131r. T\u00fcrkiye\u2019nin her noktas\u0131nda bulunan bayi a\u011f\u0131 arac\u0131l\u0131\u011f\u0131yla muhtelif yerlere ihracat\u0131 olduk\u00e7a y\u00fcksek olan CW Enerji M\u00fchendislik Ticaret ve Anonim \u015eirketi, 1 GW \/ y\u0131l g\u00fcne\u015f paneli 500 MW \/ y\u0131l h\u00fccre \u00fcretim kapasiteli 125 milyon liral\u0131k yeni fabrika yat\u0131r\u0131mlar\u0131 ile birlikte 2018 y\u0131l\u0131 projeksiyonunda ihracat\u0131n\u0131 25 milyon USD\u2019ye \u00e7\u0131kartmay\u0131 hedefliyor.<\/p>\n<p>Fotovoltaik sekt\u00f6r\u00fcnde T\u00fcrkiye\u2019nin \u00f6tesinde Avrupa\u2019n\u0131n en b\u00fcy\u00fck \u00fcretim kapasitesine sahip CW Enerji M\u00fchendislik Ticaret ve Anonim \u015eirketi T\u00fcrkiye\u2019nin 500 B\u00fcy\u00fck Sanayi Kurulu\u015fu\u201d\u00a0 \u0130SO 500\u2019de bu y\u0131l ilk defa yerini ald\u0131.<\/p>\n<p>CW Enerji M\u00fchendislik Ticaret ve Anonim \u015eirketi Y\u00f6netim Kurulu Ba\u015fkan\u0131 Tar\u0131k Sarvan yapt\u0131\u011f\u0131 a\u00e7\u0131klamada, \u201c2017 y\u0131l\u0131 net \u00fcretimden sat\u0131\u015flara g\u00f6re yap\u0131lan T\u00fcrkiye\u2019nin en b\u00fcy\u00fck sanayi kurulu\u015flar\u0131 listesine girmi\u015f olmaktan gurur duyduk. \u015eirketimizin bu listede yer almas\u0131 g\u00fcnden g\u00fcne y\u00fckselmesi hem bizim i\u00e7in hem de Antalya i\u00e7in gurur verici bir sonu\u00e7tur. \u00c7al\u0131\u015fanlar\u0131m\u0131zla hep birlikte el ele vererek kuruldu\u011fumuz g\u00fcnden bu yana ba\u015far\u0131 basamaklar\u0131n\u0131 ad\u0131m ad\u0131m t\u0131rman\u0131yoruz\u201d dedi.<\/p>\n<p>CW Enerji\u2019nin kurulu\u015funda 15 MegaWatt (MW) olan panel \u00fcretim kapasitesini i\u00e7 ve d\u0131\u015f pazardaki talebi de\u011ferlendirerek 438 MW g\u00fcc\u00fcne \u00e7\u0131kartt\u0131\u011f\u0131n\u0131 aktaran Tar\u0131k Sarvan, 1 GW \/ y\u0131l g\u00fcne\u015f paneli 500 MW \/ y\u0131l h\u00fccre \u00fcretim kapasiteli 125 milyon liral\u0131k yeni fabrika yat\u0131r\u0131mlar\u0131 ile birlikte firmalar\u0131n\u0131n g\u00fcnden g\u00fcne b\u00fcy\u00fcd\u00fc\u011f\u00fcn\u00fc kaydetti.<\/p>\n<p>\u00d6zellikle yurt d\u0131\u015f\u0131ndan artan talep nedeniyle yeni bir fabrika yapma karar\u0131 ald\u0131klar\u0131n\u0131 kaydeden Sarvan, \u015funlar\u0131 s\u00f6yledi: \u201cYeni fabrikam\u0131z tamamlanmak \u00fczere. Bu y\u0131l\u0131n \u00fc\u00e7\u00fcnc\u00fc \u00e7eyre\u011finde \u00fcretime ba\u015flam\u0131\u015f olacak. Yurt d\u0131\u015f\u0131na taahh\u00fctlerimiz var, onun i\u00e7in gece g\u00fcnd\u00fcz \u00e7al\u0131\u015f\u0131yoruz. Halen i\u00e7 pazarda ve d\u0131\u015f pazarda projelerimiz var. 13 \u00fclkeye ihracat yap\u0131yoruz. Yurt d\u0131\u015f\u0131 talepleri artt\u0131\u011f\u0131 i\u00e7in yeni yat\u0131r\u0131m karar\u0131 ald\u0131k. Yurt d\u0131\u015f\u0131na \u00e7\u0131kabilmemiz i\u00e7in b\u00fcy\u00fck montanl\u0131 \u00fcr\u00fcnlere y\u00f6nelmemiz laz\u0131m.1 gw \u00fcretim kapasiteli yeni fabrikam\u0131z Avrupa\u2019n\u0131n en b\u00fcy\u00fc\u011f\u00fc olacak. Yurt d\u0131\u015f\u0131nda masaya oturdu\u011funuz zaman istedikleri rakamlar 50, 100, 150 mw\u2019ler. Bunu da birka\u00e7 ayda istiyorlar. Bu mal\u0131 vermemiz i\u00e7in g\u00f6vdemizin b\u00fcy\u00fck olmas\u0131 laz\u0131m. Kimse sizinle 3-5 mw i\u00e7in oturup konu\u015fmuyor. \u0130n\u015fallah yeni yat\u0131r\u0131mla yurt d\u0131\u015f\u0131ndaki b\u00fcy\u00fck yat\u0131r\u0131mc\u0131lar\u0131 da T\u00fcrkiye\u2019den destekleyece\u011fiz. Yeni fabrika ile ihracat yapt\u0131\u011f\u0131m\u0131z \u00fclke say\u0131s\u0131n\u0131n da yakla\u015f\u0131k 40\u2019a \u00e7\u0131kmas\u0131n\u0131 hedefliyoruz.\u201d<\/p>\n<p><strong>-\u201cBA\u015eARI DO\u011eRU YATIRIM VE \u0130NOVASYONDA\u201d<\/strong><\/p>\n<p>Do\u011fru yat\u0131r\u0131m ve inovasyonun ba\u015far\u0131daki en b\u00fcy\u00fck etken oldu\u011funu ifade eden Tar\u0131k Sarvan, \u201c\u015eirketlerimizdeki ba\u015far\u0131, planl\u0131 programl\u0131 \u00e7al\u0131\u015fmalar, do\u011fru yat\u0131r\u0131mlar ve modern teknolojiyi kullanman\u0131n sonu\u00e7lar\u0131d\u0131r. \u0130novasyona ve teknolojik yeniliklere \u00f6nem vermemizin yan\u0131 s\u0131ra kurum i\u00e7i e\u011fitimlerle de personelimizin kendisini en iyi \u015fekilde yeti\u015ftirmesine destek oluyoruz. Kazand\u0131klar\u0131m\u0131z\u0131 \u00e7al\u0131\u015fanlar\u0131m\u0131zla payla\u015f\u0131yor, \u015fehrimize d\u00f6n\u00fck istihdam\u0131 da her ge\u00e7en g\u00fcn art\u0131r\u0131yoruz. B\u00fcnyemizde binden fazla personelimizle gelece\u011fe emin ad\u0131mlarla y\u00fcr\u00fcyoruz\u201d diyerek s\u00f6zlerini tamamlad\u0131.<\/p>","protected":false},"excerpt":{"rendered":"<p>Sorry, this entry is only available in Turkish. For the sake of viewer convenience, the content is shown below in the alternative language. You may click the link to switch the active language.CW Enerji, 2017 y\u0131l\u0131 itibariyle T\u00fcrkiye\u2019nin en b\u00fcy\u00fck 413\u2019\u00fcnc\u00fc sanayi kurulu\u015fu oldu.\u00a0 Antalya\u2019da Organize Sanayi B\u00f6lgesi\u2019nde faaliyet g\u00f6steren g\u00fcne\u015f paneli \u00fcreticisi CW Enerji [&hellip;]<\/p>\n","protected":false},"author":1,"featured_media":71442,"comment_status":"open","ping_status":"open","sticky":false,"template":"","format":"standard","meta":[],"categories":[52,49],"tags":[34868,67,1009,23416,23131],"views":684,"_links":{"self":[{"href":"https:\/\/www.enerjigazetesi.ist\/en\/wp-json\/wp\/v2\/posts\/74729"}],"collection":[{"href":"https:\/\/www.enerjigazetesi.ist\/en\/wp-json\/wp\/v2\/posts"}],"about":[{"href":"https:\/\/www.enerjigazetesi.ist\/en\/wp-json\/wp\/v2\/types\/post"}],"author":[{"embeddable":true,"href":"https:\/\/www.enerjigazetesi.ist\/en\/wp-json\/wp\/v2\/users\/1"}],"replies":[{"embeddable":true,"href":"https:\/\/www.enerjigazetesi.ist\/en\/wp-json\/wp\/v2\/comments?post=74729"}],"version-history":[{"count":1,"href":"https:\/\/www.enerjigazetesi.ist\/en\/wp-json\/wp\/v2\/posts\/74729\/revisions"}],"predecessor-version":[{"id":74730,"href":"https:\/\/www.enerjigazetesi.ist\/en\/wp-json\/wp\/v2\/posts\/74729\/revisions\/74730"}],"wp:featuredmedia":[{"embeddable":true,"href":"https:\/\/www.enerjigazetesi.ist\/en\/wp-json\/wp\/v2\/media\/71442"}],"wp:attachment":[{"href":"https:\/\/www.enerjigazetesi.ist\/en\/wp-json\/wp\/v2\/media?parent=74729"}],"wp:term":[{"taxonomy":"category","embeddable":true,"href":"https:\/\/www.enerjigazetesi.ist\/en\/wp-json\/wp\/v2\/categories?post=74729"},{"taxonomy":"post_tag","embeddable":true,"href":"https:\/\/www.enerjigazetesi.ist\/en\/wp-json\/wp\/v2\/tags?post=74729"}],"curies":[{"name":"wp","href":"https:\/\/api.w.org\/{rel}","templated":true}]}}