{"id":74711,"date":"2018-05-31T07:17:47","date_gmt":"2018-05-31T04:17:47","guid":{"rendered":"https:\/\/www.enerjigazetesi.ist\/?p=74711"},"modified":"2018-05-31T07:17:47","modified_gmt":"2018-05-31T04:17:47","slug":"turkiye-olarak-gunes-sektorunde-kaliforniya-rol-model-alinabilir","status":"publish","type":"post","link":"https:\/\/www.enerjigazetesi.ist\/en\/turkiye-olarak-gunes-sektorunde-kaliforniya-rol-model-alinabilir\/","title":{"rendered":"(Turkish) \u201cT\u00fcrkiye Olarak G\u00fcne\u015f Sekt\u00f6r\u00fcnde Kaliforniya Rol Model Al\u0131nabilir\u201d"},"content":{"rendered":"<p class=\"qtranxs-available-languages-message qtranxs-available-languages-message-en\">Sorry, this entry is only available in <a href=\"https:\/\/www.enerjigazetesi.ist\/tr\/wp-json\/wp\/v2\/posts\/74711\" class=\"qtranxs-available-language-link qtranxs-available-language-link-tr\" title=\"Turkish\">Turkish<\/a>. For the sake of viewer convenience, the content is shown below in the alternative language. You may click the link to switch the active language.<\/p><p><strong>T\u00fcrkiye\u2019nin en b\u00fcy\u00fck enerji etkinli\u011fi Uluslararas\u0131 Enerji Kongresi ve Fuar\u0131\u2019na ba\u015fkanl\u0131k eden \u00c7i\u011fdem Dilek,\u00a0y\u0131ll\u0131k g\u00fcne\u015flenme s\u00fcresinin 2 bin 640 saat oldu\u011fu T\u00fcrkiye\u2019nin g\u00fcne\u015f enerjisinde ABD\u2019nin Kaliforniya Eyaleti ve Hindistan\u2019\u0131n Amaravati \u015fehrini rol model alabilece\u011fini s\u00f6yledi. Dilek, g\u00fcne\u015f enerjisi \u00fcretiminde T\u00fcrkiye\u2019nin Avrupa\u2019da 7\u2019nci, d\u00fcnyada ise 13\u2019\u00fcnc\u00fc s\u0131rada yer ald\u0131\u011f\u0131n\u0131 s\u00f6yledi.<\/strong><\/p>\n<p>Dilek, 10 y\u0131l boyunca d\u00fczenledikleri kongrelerle enerji sekt\u00f6r\u00fcndeki uluslararas\u0131 geli\u015fmeleri yerli <img loading=\"lazy\" class=\"alignleft size-medium wp-image-64757\" src=\"https:\/\/www.enerjigazetesi.ist\/wp-content\/uploads\/2017\/06\/cataklidan-santrallere-what-peak-ile-bakim-onarim-ve-servis-hizmeti-300x200.jpg\" alt=\"\" width=\"300\" height=\"200\" srcset=\"https:\/\/www.enerjigazetesi.ist\/wp-content\/uploads\/2017\/06\/cataklidan-santrallere-what-peak-ile-bakim-onarim-ve-servis-hizmeti-300x200.jpg 300w, https:\/\/www.enerjigazetesi.ist\/wp-content\/uploads\/2017\/06\/cataklidan-santrallere-what-peak-ile-bakim-onarim-ve-servis-hizmeti-74x50.jpg 74w, https:\/\/www.enerjigazetesi.ist\/wp-content\/uploads\/2017\/06\/cataklidan-santrallere-what-peak-ile-bakim-onarim-ve-servis-hizmeti.jpg 424w\" sizes=\"(max-width: 300px) 100vw, 300px\" \/>akt\u00f6rlerle tan\u0131\u015ft\u0131rd\u0131klar\u0131n\u0131 s\u00f6yledi. Sekt\u00f6r\u00fcn birbirini tan\u0131y\u0131p ilham alarak b\u00fcy\u00fck projelere imza att\u0131\u011f\u0131n\u0131n alt\u0131n\u0131 \u00e7izen Dilek, Kaliforniya ve Amaravati kent modellerini T\u00fcrkiye\u2019de uygulama vaktinin geldi\u011fini s\u00f6yledi. Dilek, \u015funlar\u0131 s\u00f6yledi: \u201cD\u00fcnyada g\u00fcne\u015f enerjisi \u00fcretiminde \u00c7in, ABD ve Almanya ilk s\u0131ralarda yer al\u0131yor. \u00dclkemizin y\u0131ll\u0131k g\u00fcne\u015flenme s\u00fcresi 2 bin 640 saat olmas\u0131na ra\u011fmen, bin 600 saat ile Almanya bizden 46 kat daha fazla enerji \u00fcretiyor.<\/p>\n<p>Ge\u00e7ti\u011fimiz g\u00fcnlerde ABD\u2019nin ald\u0131\u011f\u0131 kararla Kaliforniya eyaletinde g\u00fcne\u015f sistemleri panellerinin, 1 Ocak 2020 itibari ile binalarda zorunlu hale getirilece\u011fi duyuruldu. Bir di\u011fer \u00f6rnek olarak Hindistan\u2019da da s\u00fcrd\u00fcrebilir ve yeni bir \u015fehir olu\u015fturuluyor. Amaravati \u015fehri, g\u00fcne\u015f panellerinin ve temiz enerjinin kullan\u0131ld\u0131\u011f\u0131, ula\u015f\u0131m\u0131n elektrikle sa\u011fland\u0131\u011f\u0131 tamamen do\u011fal enerji t\u00fcketimi temas\u0131na sahip olacak.<\/p>\n<p>Biz bu y\u0131lki kongremizde bu iki \u015fehri rol model olarak almak istiyoruz. Bizde Kaliforniya gibi k\u0131sa vadede g\u00fcne\u015f enerji sistemlerini zorunlu hale getirecek altyap\u0131y\u0131 elbirli\u011fiyle olu\u015fturabiliriz. Amaravati kentinin kurdu\u011fu sistem bize de ilham olabilir.\u201d dedi.<\/p>","protected":false},"excerpt":{"rendered":"<p>Sorry, this entry is only available in Turkish. For the sake of viewer convenience, the content is shown below in the alternative language. You may click the link to switch the active language.T\u00fcrkiye\u2019nin en b\u00fcy\u00fck enerji etkinli\u011fi Uluslararas\u0131 Enerji Kongresi ve Fuar\u0131\u2019na ba\u015fkanl\u0131k eden \u00c7i\u011fdem Dilek,\u00a0y\u0131ll\u0131k g\u00fcne\u015flenme s\u00fcresinin 2 bin 640 saat oldu\u011fu T\u00fcrkiye\u2019nin g\u00fcne\u015f [&hellip;]<\/p>\n","protected":false},"author":1,"featured_media":64757,"comment_status":"open","ping_status":"open","sticky":false,"template":"","format":"standard","meta":[],"categories":[53,49],"tags":[19,67,1009,165,2326,13,23416,2206,23133,37801,842],"views":833,"_links":{"self":[{"href":"https:\/\/www.enerjigazetesi.ist\/en\/wp-json\/wp\/v2\/posts\/74711"}],"collection":[{"href":"https:\/\/www.enerjigazetesi.ist\/en\/wp-json\/wp\/v2\/posts"}],"about":[{"href":"https:\/\/www.enerjigazetesi.ist\/en\/wp-json\/wp\/v2\/types\/post"}],"author":[{"embeddable":true,"href":"https:\/\/www.enerjigazetesi.ist\/en\/wp-json\/wp\/v2\/users\/1"}],"replies":[{"embeddable":true,"href":"https:\/\/www.enerjigazetesi.ist\/en\/wp-json\/wp\/v2\/comments?post=74711"}],"version-history":[{"count":1,"href":"https:\/\/www.enerjigazetesi.ist\/en\/wp-json\/wp\/v2\/posts\/74711\/revisions"}],"predecessor-version":[{"id":74712,"href":"https:\/\/www.enerjigazetesi.ist\/en\/wp-json\/wp\/v2\/posts\/74711\/revisions\/74712"}],"wp:featuredmedia":[{"embeddable":true,"href":"https:\/\/www.enerjigazetesi.ist\/en\/wp-json\/wp\/v2\/media\/64757"}],"wp:attachment":[{"href":"https:\/\/www.enerjigazetesi.ist\/en\/wp-json\/wp\/v2\/media?parent=74711"}],"wp:term":[{"taxonomy":"category","embeddable":true,"href":"https:\/\/www.enerjigazetesi.ist\/en\/wp-json\/wp\/v2\/categories?post=74711"},{"taxonomy":"post_tag","embeddable":true,"href":"https:\/\/www.enerjigazetesi.ist\/en\/wp-json\/wp\/v2\/tags?post=74711"}],"curies":[{"name":"wp","href":"https:\/\/api.w.org\/{rel}","templated":true}]}}