{"id":74677,"date":"2018-05-29T23:05:28","date_gmt":"2018-05-29T20:05:28","guid":{"rendered":"https:\/\/www.enerjigazetesi.ist\/?p=74677"},"modified":"2018-05-29T23:05:28","modified_gmt":"2018-05-29T20:05:28","slug":"catilara-kurulan-mini-ges-ile-aylik-800-tl-gelir-elde-edilebilinir","status":"publish","type":"post","link":"https:\/\/www.enerjigazetesi.ist\/en\/catilara-kurulan-mini-ges-ile-aylik-800-tl-gelir-elde-edilebilinir\/","title":{"rendered":"(Turkish) &#8221;\u00c7at\u0131lara Kurulan Mini GES \u0130le Ayl\u0131k 800 TL Gelir Elde Edilebilinir&#8221;"},"content":{"rendered":"<p class=\"qtranxs-available-languages-message qtranxs-available-languages-message-en\">Sorry, this entry is only available in <a href=\"https:\/\/www.enerjigazetesi.ist\/tr\/wp-json\/wp\/v2\/posts\/74677\" class=\"qtranxs-available-language-link qtranxs-available-language-link-tr\" title=\"Turkish\">Turkish<\/a>. For the sake of viewer convenience, the content is shown below in the alternative language. You may click the link to switch the active language.<\/p><p><strong>CW Enerji M\u00fchendislik Ticaret ve Sanayi Anonim \u015eirketinin Genel M\u00fcd\u00fcr\u00fc Volkan Y\u0131lmaz, evlerin \u00e7at\u0131lar\u0131na kurulacak mini bir GES ile ayl\u0131k bazda 800 TL\u2019ye kadar gelir sa\u011flanabilece\u011fini aktard\u0131.<\/strong><\/p>\n<p><span id=\"more-100123\"><\/span>Antalya OSB\u2019de faaliyet g\u00f6steren g\u00fcne\u015f paneli \u00fcreticisi CW Enerji M\u00fchendislik Ticaret ve Sanayi Anonim \u015eirketi Genel M\u00fcd\u00fcr\u00fc Volkan Y\u0131lmaz \u00f6nemli a\u00e7\u0131klamalarda bulundu. Y\u0131lmaz a\u00e7\u0131klamas\u0131nda, bu <img loading=\"lazy\" class=\"alignright size-medium wp-image-61931\" src=\"https:\/\/www.enerjigazetesi.ist\/wp-content\/uploads\/2017\/02\/kmu-gunes-enerji-sistemiyle-kendi-elektrigini-uretecek-300x225.jpg\" alt=\"\" width=\"300\" height=\"225\" srcset=\"https:\/\/www.enerjigazetesi.ist\/wp-content\/uploads\/2017\/02\/kmu-gunes-enerji-sistemiyle-kendi-elektrigini-uretecek-300x225.jpg 300w, https:\/\/www.enerjigazetesi.ist\/wp-content\/uploads\/2017\/02\/kmu-gunes-enerji-sistemiyle-kendi-elektrigini-uretecek-500x375.jpg 500w, https:\/\/www.enerjigazetesi.ist\/wp-content\/uploads\/2017\/02\/kmu-gunes-enerji-sistemiyle-kendi-elektrigini-uretecek-66x50.jpg 66w, https:\/\/www.enerjigazetesi.ist\/wp-content\/uploads\/2017\/02\/kmu-gunes-enerji-sistemiyle-kendi-elektrigini-uretecek.jpg 696w\" sizes=\"(max-width: 300px) 100vw, 300px\" \/>ocak ay\u0131nda Resmi Gazete\u2019de yay\u0131mlanan ve faaliyete al\u0131nan d\u00fczenlemeyle birlikte 10 kilovata kadar \u00e7at\u0131 tipi GES projelerinin uygulamaya al\u0131nmas\u0131na y\u00f6nelik prosed\u00fcr\u00fcn sadele\u015ftirildi\u011fini ifade ederek, lisanss\u0131z \u00fcretim ba\u015fvurular\u0131 ile alakal\u0131 s\u00fcrecinde h\u0131z kazand\u0131\u011f\u0131n\u0131 bildirdi.<\/p>\n<p>Bahsi ge\u00e7en mevzuat\u0131n y\u00fcr\u00fcrl\u00fc\u011fe al\u0131nmas\u0131yla beraber firmalar\u0131nda b\u00fcy\u00fck \u00f6l\u00e7\u00fcde bir telefon trafi\u011fi oldu\u011funa vurgu yapan Y\u0131lmaz, bunun \u00fcst\u00fcne b\u00fcnyelerinde bulunan m\u00fchendislerden 10 kilovata kadar GES projeleriyle alakal\u0131 ayr\u0131 bir birim m\u00fcd\u00fcrl\u00fc\u011f\u00fc olu\u015fturduklar\u0131ndan bahsetti.<\/p>\n<p>\u0130nsanlar\u0131n evlerinin \u00e7at\u0131lar\u0131n\u0131 g\u00fcne\u015f panelleri ile de\u011ferlendirerek, gerek da\u011f\u0131t\u0131m \u015firketlerine elektrik faturas\u0131 \u00f6demekten kurtulabileceklerini gerekse ihtiya\u00e7 fazlas\u0131 elektriklerini sat\u0131p gelir sa\u011flayabileceklerine de\u011finen Y\u0131lmaz, bununla alakal\u0131 b\u00fct\u00fcn i\u015flemlerin ise GES\u2019i kuracak \u015firketler taraf\u0131ndan ger\u00e7ekle\u015ftirildi\u011fini aktard\u0131.<\/p>\n<p>Bahsi ge\u00e7en konuyla alakal\u0131 \u00f6zellikle m\u00fcstakil evlerden bir\u00e7ok talep geldi\u011fini dile getiren Y\u0131lmaz, GES\u2019lerin \u00f6n\u00fcm\u00fczdeki senelerde s\u00f6z konusu evlerde daha fazla yayg\u0131n bir konuma gelece\u011fini kaydetti. 10 kilovata kadar tasarruf sa\u011flamak isteyen herkesin bunu yapt\u0131rabilece\u011fine de\u011finen Y\u0131lmaz, 10 kilovatl\u0131k bir sistemin ise \u00e7at\u0131da ortalama bazda 70 ila 80 metrekarelik alan kaplad\u0131\u011f\u0131n\u0131 ifade etti.<\/p>\n<p>\u00c7at\u0131lardaki GES ile \u00fcretimi yap\u0131lan elektrikle, elektri\u011fe gelen zamlardan da kurtulmu\u015f olunabilece\u011fini s\u00f6yleyen Y\u0131lmaz, yap\u0131lan \u00e7al\u0131\u015fmalar do\u011frultusunda 150 metrekareden olu\u015fan m\u00fcstakil bir evin elektrik faturas\u0131n\u0131n ayl\u0131k bazda 200 ila 300 TL aras\u0131nda de\u011fi\u015fiklik g\u00f6sterdi\u011fini, 10 kilovatl\u0131k bir GES\u2019in ise \u015fu anda ayl\u0131k bazda 700 ila 800 TL aras\u0131nda bir getiri sa\u011flad\u0131\u011f\u0131n\u0131 s\u00f6zlerine ekledi.<\/p>","protected":false},"excerpt":{"rendered":"<p>Sorry, this entry is only available in Turkish. For the sake of viewer convenience, the content is shown below in the alternative language. You may click the link to switch the active language.CW Enerji M\u00fchendislik Ticaret ve Sanayi Anonim \u015eirketinin Genel M\u00fcd\u00fcr\u00fc Volkan Y\u0131lmaz, evlerin \u00e7at\u0131lar\u0131na kurulacak mini bir GES ile ayl\u0131k bazda 800 TL\u2019ye [&hellip;]<\/p>\n","protected":false},"author":1,"featured_media":61931,"comment_status":"open","ping_status":"open","sticky":false,"template":"","format":"standard","meta":[],"categories":[53,49],"tags":[14110,34868,19,67,1009,23416,142,23131,105],"views":1206,"_links":{"self":[{"href":"https:\/\/www.enerjigazetesi.ist\/en\/wp-json\/wp\/v2\/posts\/74677"}],"collection":[{"href":"https:\/\/www.enerjigazetesi.ist\/en\/wp-json\/wp\/v2\/posts"}],"about":[{"href":"https:\/\/www.enerjigazetesi.ist\/en\/wp-json\/wp\/v2\/types\/post"}],"author":[{"embeddable":true,"href":"https:\/\/www.enerjigazetesi.ist\/en\/wp-json\/wp\/v2\/users\/1"}],"replies":[{"embeddable":true,"href":"https:\/\/www.enerjigazetesi.ist\/en\/wp-json\/wp\/v2\/comments?post=74677"}],"version-history":[{"count":1,"href":"https:\/\/www.enerjigazetesi.ist\/en\/wp-json\/wp\/v2\/posts\/74677\/revisions"}],"predecessor-version":[{"id":74678,"href":"https:\/\/www.enerjigazetesi.ist\/en\/wp-json\/wp\/v2\/posts\/74677\/revisions\/74678"}],"wp:featuredmedia":[{"embeddable":true,"href":"https:\/\/www.enerjigazetesi.ist\/en\/wp-json\/wp\/v2\/media\/61931"}],"wp:attachment":[{"href":"https:\/\/www.enerjigazetesi.ist\/en\/wp-json\/wp\/v2\/media?parent=74677"}],"wp:term":[{"taxonomy":"category","embeddable":true,"href":"https:\/\/www.enerjigazetesi.ist\/en\/wp-json\/wp\/v2\/categories?post=74677"},{"taxonomy":"post_tag","embeddable":true,"href":"https:\/\/www.enerjigazetesi.ist\/en\/wp-json\/wp\/v2\/tags?post=74677"}],"curies":[{"name":"wp","href":"https:\/\/api.w.org\/{rel}","templated":true}]}}