{"id":74661,"date":"2018-05-29T07:28:20","date_gmt":"2018-05-29T04:28:20","guid":{"rendered":"https:\/\/www.enerjigazetesi.ist\/?p=74661"},"modified":"2018-05-29T07:28:50","modified_gmt":"2018-05-29T04:28:50","slug":"fransanin-ilk-ceyrek-gunes-enerjisi-kurulumlarinda-buyuk-basari","status":"publish","type":"post","link":"https:\/\/www.enerjigazetesi.ist\/en\/fransanin-ilk-ceyrek-gunes-enerjisi-kurulumlarinda-buyuk-basari\/","title":{"rendered":"(Turkish) Fransa&#8217;n\u0131n \u0130lk \u00c7eyrek G\u00fcne\u015f Enerjisi Kurulumlar\u0131nda B\u00fcy\u00fck Ba\u015far\u0131!"},"content":{"rendered":"<p class=\"qtranxs-available-languages-message qtranxs-available-languages-message-en\">Sorry, this entry is only available in <a href=\"https:\/\/www.enerjigazetesi.ist\/tr\/wp-json\/wp\/v2\/posts\/74661\" class=\"qtranxs-available-language-link qtranxs-available-language-link-tr\" title=\"Turkish\">Turkish<\/a>. For the sake of viewer convenience, the content is shown below in the alternative language. You may click the link to switch the active language.<\/p><p><strong>Ekoloji ve Enerji (MTES) Bakanl\u0131\u011f\u0131n\u0131n yay\u0131mlad\u0131\u011f\u0131 istatistiki verilere g\u00f6re, Fransa bu y\u0131l\u0131n ilk \u00e7eyre\u011finde 246 MW\u2019l\u0131k yeni g\u00fcne\u015f enerji kapasitesini \u015febekeye ba\u011flad\u0131. Rakam, bir \u00f6nceki y\u0131l\u0131n ayn\u0131 d\u00f6neminde ula\u015f\u0131lan rakam\u0131n 3 kat\u0131 olmaktad\u0131r. Ge\u00e7ti\u011fimiz y\u0131l ayn\u0131 d\u00f6nemde 86 MW\u2019l\u0131k kapasite \u015febekeye ba\u011flanm\u0131\u015ft\u0131.<\/strong><\/p>\n<p><strong><img loading=\"lazy\" class=\"alignleft size-medium wp-image-47361\" src=\"https:\/\/www.enerjigazetesi.ist\/wp-content\/uploads\/2015\/12\/avrupanin-en-buyuk-gesi-fransada-tamamlandi-300x184.jpg\" alt=\"\" width=\"300\" height=\"184\" srcset=\"https:\/\/www.enerjigazetesi.ist\/wp-content\/uploads\/2015\/12\/avrupanin-en-buyuk-gesi-fransada-tamamlandi-300x184.jpg 300w, https:\/\/www.enerjigazetesi.ist\/wp-content\/uploads\/2015\/12\/avrupanin-en-buyuk-gesi-fransada-tamamlandi-80x50.jpg 80w, https:\/\/www.enerjigazetesi.ist\/wp-content\/uploads\/2015\/12\/avrupanin-en-buyuk-gesi-fransada-tamamlandi.jpg 448w\" sizes=\"(max-width: 300px) 100vw, 300px\" \/><\/strong>Fransa\u2019n\u0131n k\u00fcm\u00fclatif kurulu g\u00fcne\u015f enerjisi kapasitesi Mart sonunda 8.29 GW\u2019a y\u00fckseldi; bunun 7.91 GW\u2019si Frans\u0131z anakaras\u0131nda ve 386 MW\u2019l\u0131k k\u0131sm\u0131 ise \u00fclkenin deniz a\u015f\u0131r\u0131 b\u00f6lgelerinde ve Korsika\u2019da yer almaktad\u0131r.<\/p>\n<p>250 kW\u2019dan b\u00fcy\u00fck g\u00fcne\u015f enerji sistemleri, toplam kapasitenin yar\u0131s\u0131ndan fazlas\u0131n\u0131 (yakla\u015f\u0131k 4.3 GW), ard\u0131ndan 100 kW\u2019dan 250 kW\u2019a kadar de\u011fi\u015fen b\u00fcy\u00fckl\u00fckte sistemlere ile 36 kW ve 100 kW aras\u0131nda de\u011fi\u015fen santralleri ise kalan k\u0131sm\u0131n\u0131 meydana getirmektedir.<\/p>","protected":false},"excerpt":{"rendered":"<p>Sorry, this entry is only available in Turkish. For the sake of viewer convenience, the content is shown below in the alternative language. You may click the link to switch the active language.Ekoloji ve Enerji (MTES) Bakanl\u0131\u011f\u0131n\u0131n yay\u0131mlad\u0131\u011f\u0131 istatistiki verilere g\u00f6re, Fransa bu y\u0131l\u0131n ilk \u00e7eyre\u011finde 246 MW\u2019l\u0131k yeni g\u00fcne\u015f enerji kapasitesini \u015febekeye ba\u011flad\u0131. Rakam, [&hellip;]<\/p>\n","protected":false},"author":1,"featured_media":47361,"comment_status":"open","ping_status":"open","sticky":false,"template":"","format":"standard","meta":[],"categories":[53,49],"tags":[67,1009,2326,23416,2569,23133,23131],"views":504,"_links":{"self":[{"href":"https:\/\/www.enerjigazetesi.ist\/en\/wp-json\/wp\/v2\/posts\/74661"}],"collection":[{"href":"https:\/\/www.enerjigazetesi.ist\/en\/wp-json\/wp\/v2\/posts"}],"about":[{"href":"https:\/\/www.enerjigazetesi.ist\/en\/wp-json\/wp\/v2\/types\/post"}],"author":[{"embeddable":true,"href":"https:\/\/www.enerjigazetesi.ist\/en\/wp-json\/wp\/v2\/users\/1"}],"replies":[{"embeddable":true,"href":"https:\/\/www.enerjigazetesi.ist\/en\/wp-json\/wp\/v2\/comments?post=74661"}],"version-history":[{"count":2,"href":"https:\/\/www.enerjigazetesi.ist\/en\/wp-json\/wp\/v2\/posts\/74661\/revisions"}],"predecessor-version":[{"id":74663,"href":"https:\/\/www.enerjigazetesi.ist\/en\/wp-json\/wp\/v2\/posts\/74661\/revisions\/74663"}],"wp:featuredmedia":[{"embeddable":true,"href":"https:\/\/www.enerjigazetesi.ist\/en\/wp-json\/wp\/v2\/media\/47361"}],"wp:attachment":[{"href":"https:\/\/www.enerjigazetesi.ist\/en\/wp-json\/wp\/v2\/media?parent=74661"}],"wp:term":[{"taxonomy":"category","embeddable":true,"href":"https:\/\/www.enerjigazetesi.ist\/en\/wp-json\/wp\/v2\/categories?post=74661"},{"taxonomy":"post_tag","embeddable":true,"href":"https:\/\/www.enerjigazetesi.ist\/en\/wp-json\/wp\/v2\/tags?post=74661"}],"curies":[{"name":"wp","href":"https:\/\/api.w.org\/{rel}","templated":true}]}}