{"id":74658,"date":"2018-05-29T07:23:39","date_gmt":"2018-05-29T04:23:39","guid":{"rendered":"https:\/\/www.enerjigazetesi.ist\/?p=74658"},"modified":"2018-05-29T07:23:39","modified_gmt":"2018-05-29T04:23:39","slug":"vestel-catisina-kuracagi-gunes-santrali-ile-elektrigini-uretecek","status":"publish","type":"post","link":"https:\/\/www.enerjigazetesi.ist\/en\/vestel-catisina-kuracagi-gunes-santrali-ile-elektrigini-uretecek\/","title":{"rendered":"(Turkish) Vestel \u00c7at\u0131s\u0131na Kuraca\u011f\u0131 G\u00fcne\u015f Santrali \u0130le Elektri\u011fini \u00dcretecek"},"content":{"rendered":"<p class=\"qtranxs-available-languages-message qtranxs-available-languages-message-en\">Sorry, this entry is only available in <a href=\"https:\/\/www.enerjigazetesi.ist\/tr\/wp-json\/wp\/v2\/posts\/74658\" class=\"qtranxs-available-language-link qtranxs-available-language-link-tr\" title=\"Turkish\">Turkish<\/a>. For the sake of viewer convenience, the content is shown below in the alternative language. You may click the link to switch the active language.<\/p><p><strong>T\u00fcrkiye\u2019nin Beyaz E\u015fya ve Elektronik Devlerinden Vestel\u2019in Manisadaki Fabrikas\u0131 Enerjisini \u00e7at\u0131s\u0131na Kuruca\u011f\u0131 G\u00fcne\u015f Enerji Santrali ile elde edecek.<img loading=\"lazy\" class=\"alignright size-medium wp-image-74659\" src=\"https:\/\/www.enerjigazetesi.ist\/wp-content\/uploads\/2018\/05\/vestel-catisina-kuracagi-gunes-santrali-ile-elektrigini-uretecek-300x150.jpg\" alt=\"\" width=\"300\" height=\"150\" srcset=\"https:\/\/www.enerjigazetesi.ist\/wp-content\/uploads\/2018\/05\/vestel-catisina-kuracagi-gunes-santrali-ile-elektrigini-uretecek-300x150.jpg 300w, https:\/\/www.enerjigazetesi.ist\/wp-content\/uploads\/2018\/05\/vestel-catisina-kuracagi-gunes-santrali-ile-elektrigini-uretecek-500x250.jpg 500w, https:\/\/www.enerjigazetesi.ist\/wp-content\/uploads\/2018\/05\/vestel-catisina-kuracagi-gunes-santrali-ile-elektrigini-uretecek-80x40.jpg 80w, https:\/\/www.enerjigazetesi.ist\/wp-content\/uploads\/2018\/05\/vestel-catisina-kuracagi-gunes-santrali-ile-elektrigini-uretecek.jpg 640w\" sizes=\"(max-width: 300px) 100vw, 300px\" \/><\/strong><\/p>\n<p>Zorlu Solar Direkt\u00f6r\u00fc Evren Evcit yapt\u0131\u011f\u0131 a\u00e7\u0131klamada,\u00a0\u201cToplamda \u00e7at\u0131ya 80 megavat\u0131n \u00fczerinde bir kurulum yapabiliyoruz. Bu d\u00fcnyan\u0131n en b\u00fcy\u00fck solar \u00e7at\u0131lar\u0131ndan birisi olacak. D\u00fcnyada ilk \u00fc\u00e7e girer, Avrupa\u2019n\u0131n en b\u00fcy\u00fc\u011f\u00fc olur\u201d ifadelerini kulland\u0131.<\/p>\n<p><strong>7 YILDA GER\u0130 D\u00d6N\u00dcYOR<\/strong><\/p>\n<p>Evcit, \u201cElektrik fiyatlar\u0131ndaki art\u0131\u015f ile Vestel\u2019in \u00e7at\u0131s\u0131na kurdu\u011fumuz solar sistemin geri d\u00f6n\u00fc\u015f\u00fcn\u00fc kabaca 7-7.5 y\u0131llara denk geliyor. Sanayi i\u00e7in \u00e7ok uzun bir s\u00fcre de\u011fil bu, zira kurdu\u011funuz andan itibaren sistem geri d\u00f6n\u00fc\u015f sa\u011flamaktad\u0131r.<\/p>\n<p>Santral elektri\u011fin y\u00fczde 100\u2019\u00fcn\u00fc kar\u015f\u0131layamaz \u00e7\u00fcnk\u00fc tesis \u00e7ok b\u00fcy\u00fck ama t\u00fcm \u00e7at\u0131ya panel kurabilirsek, elektrik maliyetinin y\u00fczde 15-20\u2019sini bu \u015fekilde kar\u015f\u0131layabilecek. Vestel\u2019e rekabet a\u00e7\u0131s\u0131ndan \u00e7ok b\u00fcy\u00fck bir avantaj sa\u011flayacak \u00e7\u00fcnk\u00fc enerji maliyeti asl\u0131nda elektronik \u00fcretimindeki toplam maliyetin \u00f6nemli kalemlerinden birisidir&#8221; dedi.<\/p>","protected":false},"excerpt":{"rendered":"<p>Sorry, this entry is only available in Turkish. For the sake of viewer convenience, the content is shown below in the alternative language. You may click the link to switch the active language.T\u00fcrkiye\u2019nin Beyaz E\u015fya ve Elektronik Devlerinden Vestel\u2019in Manisadaki Fabrikas\u0131 Enerjisini \u00e7at\u0131s\u0131na Kuruca\u011f\u0131 G\u00fcne\u015f Enerji Santrali ile elde edecek. Zorlu Solar Direkt\u00f6r\u00fc Evren Evcit [&hellip;]<\/p>\n","protected":false},"author":1,"featured_media":74659,"comment_status":"open","ping_status":"open","sticky":false,"template":"","format":"standard","meta":[],"categories":[51,53,49],"tags":[67,1009,2326,23416,2569,23131,720],"views":647,"_links":{"self":[{"href":"https:\/\/www.enerjigazetesi.ist\/en\/wp-json\/wp\/v2\/posts\/74658"}],"collection":[{"href":"https:\/\/www.enerjigazetesi.ist\/en\/wp-json\/wp\/v2\/posts"}],"about":[{"href":"https:\/\/www.enerjigazetesi.ist\/en\/wp-json\/wp\/v2\/types\/post"}],"author":[{"embeddable":true,"href":"https:\/\/www.enerjigazetesi.ist\/en\/wp-json\/wp\/v2\/users\/1"}],"replies":[{"embeddable":true,"href":"https:\/\/www.enerjigazetesi.ist\/en\/wp-json\/wp\/v2\/comments?post=74658"}],"version-history":[{"count":1,"href":"https:\/\/www.enerjigazetesi.ist\/en\/wp-json\/wp\/v2\/posts\/74658\/revisions"}],"predecessor-version":[{"id":74660,"href":"https:\/\/www.enerjigazetesi.ist\/en\/wp-json\/wp\/v2\/posts\/74658\/revisions\/74660"}],"wp:featuredmedia":[{"embeddable":true,"href":"https:\/\/www.enerjigazetesi.ist\/en\/wp-json\/wp\/v2\/media\/74659"}],"wp:attachment":[{"href":"https:\/\/www.enerjigazetesi.ist\/en\/wp-json\/wp\/v2\/media?parent=74658"}],"wp:term":[{"taxonomy":"category","embeddable":true,"href":"https:\/\/www.enerjigazetesi.ist\/en\/wp-json\/wp\/v2\/categories?post=74658"},{"taxonomy":"post_tag","embeddable":true,"href":"https:\/\/www.enerjigazetesi.ist\/en\/wp-json\/wp\/v2\/tags?post=74658"}],"curies":[{"name":"wp","href":"https:\/\/api.w.org\/{rel}","templated":true}]}}