{"id":74647,"date":"2018-05-29T00:18:38","date_gmt":"2018-05-28T21:18:38","guid":{"rendered":"https:\/\/www.enerjigazetesi.ist\/?p=74647"},"modified":"2018-05-29T00:18:38","modified_gmt":"2018-05-28T21:18:38","slug":"imar-barisina-gunes-enerjisi-santralleride-girecek","status":"publish","type":"post","link":"https:\/\/www.enerjigazetesi.ist\/en\/imar-barisina-gunes-enerjisi-santralleride-girecek\/","title":{"rendered":"(Turkish) \u0130mar Bar\u0131\u015f\u0131na G\u00fcne\u015f Enerjisi Santralleri\u2019de Girecek!"},"content":{"rendered":"<p class=\"qtranxs-available-languages-message qtranxs-available-languages-message-en\">Sorry, this entry is only available in <a href=\"https:\/\/www.enerjigazetesi.ist\/tr\/wp-json\/wp\/v2\/posts\/74647\" class=\"qtranxs-available-language-link qtranxs-available-language-link-tr\" title=\"Turkish\">Turkish<\/a>. For the sake of viewer convenience, the content is shown below in the alternative language. You may click the link to switch the active language.<\/p><p><strong>\u00c7evre ve \u015eehircilik Bakanl\u0131\u011f\u0131 T\u00fcrkiye\u2019de gayrimenkul sahiplerini ilgilendiren imar aff\u0131nda \u00e7al\u0131\u015fmalar\u0131n\u0131 1 hafta i\u00e7inde tamamlayaca\u011f\u0131n\u0131 a\u00e7\u0131klad\u0131. \u0130mar bar\u0131\u015f\u0131 m\u00fcracaatlarda yalan beyanlarda bulunanlar\u0131n paras\u0131 iadesi olmayacak. G\u00fcne\u015f Enerji Santralleri de projede yer alacak.<img loading=\"lazy\" class=\"alignleft size-medium wp-image-63437\" src=\"https:\/\/www.enerjigazetesi.ist\/wp-content\/uploads\/2017\/04\/burdur-gesi-al-abound-holding-satin-aldi-300x190.jpg\" alt=\"\" width=\"300\" height=\"190\" srcset=\"https:\/\/www.enerjigazetesi.ist\/wp-content\/uploads\/2017\/04\/burdur-gesi-al-abound-holding-satin-aldi-300x190.jpg 300w, https:\/\/www.enerjigazetesi.ist\/wp-content\/uploads\/2017\/04\/burdur-gesi-al-abound-holding-satin-aldi-500x317.jpg 500w, https:\/\/www.enerjigazetesi.ist\/wp-content\/uploads\/2017\/04\/burdur-gesi-al-abound-holding-satin-aldi-80x50.jpg 80w, https:\/\/www.enerjigazetesi.ist\/wp-content\/uploads\/2017\/04\/burdur-gesi-al-abound-holding-satin-aldi.jpg 900w\" sizes=\"(max-width: 300px) 100vw, 300px\" \/><\/strong><\/p>\n<p>Tamam\u0131 kapal\u0131 alandan olu\u015fmayan g\u00fcne\u015f enerjisi santrallar\u0131n\u0131n (GES) yap\u0131 olmad\u0131\u011f\u0131n\u0131, ancak ruhsat istendi\u011fini aktaran \u00c7evre ve \u015eehircilik Bakanl\u0131\u011f\u0131 M\u00fcste\u015far Yard\u0131mc\u0131s\u0131 Refik Tuzcuo\u011flu, \u201cBunlar yap\u0131 kay\u0131t belgesi olmas\u0131 gerekiyor. Kurulu g\u00fcc\u00fcne g\u00f6re, megavat ba\u015f\u0131 bedel belirleyece\u011fiz\u201d ifadelerini kulland\u0131.<\/p>\n<p>\u201c\u0130mar bar\u0131\u015f\u0131 ve yap\u0131 kay\u0131t belgesi\u201d ad\u0131yla a\u00e7\u0131lacak ilgili b\u00f6l\u00fcmde vatanda\u015f, bakanl\u0131\u011f\u0131n haz\u0131rlad\u0131\u011f\u0131 formu dolduracak, yap\u0131n\u0131n foto\u011fraflar\u0131n\u0131 \u00e7ekip sisteme y\u00fckleyebilecek&#8230;<\/p>","protected":false},"excerpt":{"rendered":"<p>Sorry, this entry is only available in Turkish. For the sake of viewer convenience, the content is shown below in the alternative language. You may click the link to switch the active language.\u00c7evre ve \u015eehircilik Bakanl\u0131\u011f\u0131 T\u00fcrkiye\u2019de gayrimenkul sahiplerini ilgilendiren imar aff\u0131nda \u00e7al\u0131\u015fmalar\u0131n\u0131 1 hafta i\u00e7inde tamamlayaca\u011f\u0131n\u0131 a\u00e7\u0131klad\u0131. \u0130mar bar\u0131\u015f\u0131 m\u00fcracaatlarda yalan beyanlarda bulunanlar\u0131n paras\u0131 [&hellip;]<\/p>\n","protected":false},"author":1,"featured_media":63437,"comment_status":"open","ping_status":"open","sticky":false,"template":"","format":"standard","meta":[],"categories":[53,49],"tags":[67,1009,2326,23416,23131],"views":1344,"_links":{"self":[{"href":"https:\/\/www.enerjigazetesi.ist\/en\/wp-json\/wp\/v2\/posts\/74647"}],"collection":[{"href":"https:\/\/www.enerjigazetesi.ist\/en\/wp-json\/wp\/v2\/posts"}],"about":[{"href":"https:\/\/www.enerjigazetesi.ist\/en\/wp-json\/wp\/v2\/types\/post"}],"author":[{"embeddable":true,"href":"https:\/\/www.enerjigazetesi.ist\/en\/wp-json\/wp\/v2\/users\/1"}],"replies":[{"embeddable":true,"href":"https:\/\/www.enerjigazetesi.ist\/en\/wp-json\/wp\/v2\/comments?post=74647"}],"version-history":[{"count":1,"href":"https:\/\/www.enerjigazetesi.ist\/en\/wp-json\/wp\/v2\/posts\/74647\/revisions"}],"predecessor-version":[{"id":74648,"href":"https:\/\/www.enerjigazetesi.ist\/en\/wp-json\/wp\/v2\/posts\/74647\/revisions\/74648"}],"wp:featuredmedia":[{"embeddable":true,"href":"https:\/\/www.enerjigazetesi.ist\/en\/wp-json\/wp\/v2\/media\/63437"}],"wp:attachment":[{"href":"https:\/\/www.enerjigazetesi.ist\/en\/wp-json\/wp\/v2\/media?parent=74647"}],"wp:term":[{"taxonomy":"category","embeddable":true,"href":"https:\/\/www.enerjigazetesi.ist\/en\/wp-json\/wp\/v2\/categories?post=74647"},{"taxonomy":"post_tag","embeddable":true,"href":"https:\/\/www.enerjigazetesi.ist\/en\/wp-json\/wp\/v2\/tags?post=74647"}],"curies":[{"name":"wp","href":"https:\/\/api.w.org\/{rel}","templated":true}]}}