{"id":74633,"date":"2018-05-28T23:37:56","date_gmt":"2018-05-28T20:37:56","guid":{"rendered":"https:\/\/www.enerjigazetesi.ist\/?p=74633"},"modified":"2018-05-28T23:37:56","modified_gmt":"2018-05-28T20:37:56","slug":"elektrikli-araclari-satin-almak-yerine-kiralamaya-ne-dersiniz","status":"publish","type":"post","link":"https:\/\/www.enerjigazetesi.ist\/en\/elektrikli-araclari-satin-almak-yerine-kiralamaya-ne-dersiniz\/","title":{"rendered":"(Turkish) Elektrikli Ara\u00e7lar\u0131 Sat\u0131n Almak Yerine Kiralamaya Ne Dersiniz?"},"content":{"rendered":"<p class=\"qtranxs-available-languages-message qtranxs-available-languages-message-en\">Sorry, this entry is only available in <a href=\"https:\/\/www.enerjigazetesi.ist\/tr\/wp-json\/wp\/v2\/posts\/74633\" class=\"qtranxs-available-language-link qtranxs-available-language-link-tr\" title=\"Turkish\">Turkish<\/a>. For the sake of viewer convenience, the content is shown below in the alternative language. You may click the link to switch the active language.<\/p><p><strong>Fiyatlar d\u00fc\u015ft\u00fck\u00e7e ve se\u00e7enekler artt\u0131k\u00e7a birka\u00e7 sene i\u00e7inde \u00e7evreye daha duyarl\u0131 l\u00fcks SUV ara\u00e7lar bile t\u00fcketici kullan\u0131m\u0131na sunulacak.<\/strong><\/p>\n<p><em>Bloomberg New Energy Finance<\/em>\u2019in\u00a0<em>Electric Vehicle Outlook 2018<\/em>\u00a0raporuna g\u00f6re 2040 y\u0131l\u0131na gelindi\u011finde s\u0131f\u0131r araba sat\u0131\u015flar\u0131n\u0131n %55\u2019inin \u2013 ve trafikteki toplam 1,6 milyar araban\u0131n \u00fc\u00e7te birinin \u2013 elektrikli ara\u00e7lardan olu\u015fmas\u0131 bekleniyor. \u00d6n\u00fcm\u00fczdeki 20 y\u0131l boyunca azalan maliyetler ve zenginle\u015fen <img loading=\"lazy\" class=\"alignright size-medium wp-image-13668\" src=\"https:\/\/www.enerjigazetesi.ist\/wp-content\/uploads\/2013\/08\/japon-otomotiv-devlerinden-elektrikli-araclar-icin-ortak-proje-300x193.jpg\" alt=\"\" width=\"300\" height=\"193\" srcset=\"https:\/\/www.enerjigazetesi.ist\/wp-content\/uploads\/2013\/08\/japon-otomotiv-devlerinden-elektrikli-araclar-icin-ortak-proje-300x193.jpg 300w, https:\/\/www.enerjigazetesi.ist\/wp-content\/uploads\/2013\/08\/japon-otomotiv-devlerinden-elektrikli-araclar-icin-ortak-proje-77x50.jpg 77w, https:\/\/www.enerjigazetesi.ist\/wp-content\/uploads\/2013\/08\/japon-otomotiv-devlerinden-elektrikli-araclar-icin-ortak-proje.jpg 441w\" sizes=\"(max-width: 300px) 100vw, 300px\" \/>model ve se\u00e7enekler ile otomobillerin ve otob\u00fcslerin elektrikli se\u00e7eneklere d\u00f6nmesi beklentiler aras\u0131nda.<\/p>\n<p>Daha yak\u0131n bir tarih baz al\u0131nacak olunursa, 2024 y\u0131l\u0131nda batarya fiyatlar\u0131n\u0131n da d\u00fc\u015fmesi ile elektrikli ara\u00e7lar ve i\u00e7ten yanmal\u0131 motorlu ara\u00e7lar\u0131n fiyatlar\u0131n\u0131n ayn\u0131 \u00e7izgiye gelmesi bekleniyor. Ge\u00e7en sene BNEF\u2019in yine ayn\u0131 raporunda fiyatlar\u0131n e\u015fitlenece\u011fi bu tarih 2026 olarak belirlenmi\u015fti. Ancak \u015fimdi elektrikli ara\u00e7lar\u0131n bu fiyatlara 6 y\u0131l i\u00e7inde ula\u015faca\u011f\u0131 tahmin ediliyor. Bu 6 y\u0131ll\u0131k d\u00f6nem, ABD\u2019deki otomobil ve hafif kamyonlar\u0131n ortalama ya\u015f\u0131n\u0131n yakla\u015f\u0131k yar\u0131s\u0131 kadar. Yani bug\u00fcn sat\u0131n al\u0131nacak herhangi bir ara\u00e7, elektrikli ara\u00e7lar\u0131n rekabet\u00e7i bir hale gelece\u011fi d\u00f6nemden \u00e7ok daha uzun bir s\u00fcre sonra kullan\u0131lmaya devam edilebilecek.<\/p>\n<p>Peki kiralamak istenirse? 6 y\u0131ll\u0131k bu s\u00fcre her biri 3 y\u0131l olan 2 adet ara\u00e7 kira kontrat d\u00f6ng\u00fcs\u00fc demektir. Bu \u00fclkedeki ara\u00e7lar\u0131n \u00fc\u00e7te birinin kiral\u0131k oldu\u011fu ABD i\u00e7in \u00f6nemli bir detay olu\u015fturmaktad\u0131r. Bug\u00fcn ara\u00e7 sat\u0131n alan bir t\u00fcketici konvansiyonel ve elektrikli ara\u00e7lar\u0131n gelecekteki fiyatlar\u0131n\u0131 \u00f6nemsiz bulabilir, ancak 6 y\u0131l sonra hangi arac\u0131 kiralayaca\u011f\u0131na karar vermesi gereken biri i\u00e7in olduk\u00e7a \u00f6nemli bir k\u0131stas ortaya koymaktad\u0131r.<\/p>\n<p>Bununla birlikte, end\u00fcstrinin toplam kira oranlar\u0131, l\u00fcks ara\u00e7 kira oranlar\u0131 kadar cazip de\u011fildir. \u00dclkede l\u00fcks SUV\u2019lerin yar\u0131s\u0131ndan fazlas\u0131 yani orta dereceli l\u00fcks otomobillerin %60\u2019\u0131ndan fazlas\u0131 ve daha d\u00fc\u015f\u00fck fiyatl\u0131 l\u00fcks ara\u00e7lar\u0131n \u00fc\u00e7te ikisinden fazlas\u0131 kiralanmaktad\u0131r. Otomobil \u00fcreticilerinin de fark\u0131nda oldu\u011fu gibi s\u00fcr\u00fcc\u00fclerin tercihleri giderek SUV\u2019lere do\u011fru kaymaktad\u0131r.<\/p>\n<p>Hem kirac\u0131lar\u0131 hem de sat\u0131n al\u0131c\u0131lar\u0131 memnun edecek bir \u015fekilde her g\u00fcn daha fazla se\u00e7enek t\u00fcketicilerin be\u011fenisine sunulmaktad\u0131r. Bug\u00fcn l\u00fcks bir ara\u00e7 ya da bir SUV kiralayan bir s\u00fcr\u00fcc\u00fcn\u00fcn 3 sene i\u00e7inde kira kontrat\u0131n\u0131n s\u00fcresi doldu\u011funda \u00f6n\u00fcnde 300\u2019den fazla elektrikli ara\u00e7 modeli se\u00e7ene\u011fi olacakt\u0131r. \u00dc\u00e7 sene sonra bu say\u0131 daha da fazla olacak ve s\u00fcr\u00fcc\u00fcn\u00fcn \u00f6zellikle kira fiyatlar\u0131 ara\u00e7lar\u0131n normal fiyatlar\u0131n\u0131 da yans\u0131t\u0131rsa, yaln\u0131zca basit bir karar vermesi gerekecektir. Bu noktada elektrikli ya da konvansiyonel ara\u00e7 aras\u0131ndaki tek fark s\u00fcr\u00fcc\u00fcn\u00fcn kendi tercihi olacak, birka\u00e7 sene i\u00e7erisinde ara\u00e7 kiralayan s\u00fcr\u00fcc\u00fcler fazladan hi\u00e7bir hesaplama yapmadan kendi istekleri do\u011frultusunda elektrikli ara\u00e7 ya da normal ara\u00e7 aras\u0131nda karar verebilecektir.<\/p>\n<p>Kaynak:\u00a0\u201cBuying Into the Electric Vehicle Future? Maybe Try Leasing It\u201d,<\/p>\n<p>Bloomberg<\/p>","protected":false},"excerpt":{"rendered":"<p>Sorry, this entry is only available in Turkish. For the sake of viewer convenience, the content is shown below in the alternative language. You may click the link to switch the active language.Fiyatlar d\u00fc\u015ft\u00fck\u00e7e ve se\u00e7enekler artt\u0131k\u00e7a birka\u00e7 sene i\u00e7inde \u00e7evreye daha duyarl\u0131 l\u00fcks SUV ara\u00e7lar bile t\u00fcketici kullan\u0131m\u0131na sunulacak. Bloomberg New Energy Finance\u2019in\u00a0Electric Vehicle [&hellip;]<\/p>\n","protected":false},"author":1,"featured_media":13668,"comment_status":"open","ping_status":"open","sticky":false,"template":"","format":"standard","meta":[],"categories":[51,53],"tags":[215,1270,67,1009],"views":622,"_links":{"self":[{"href":"https:\/\/www.enerjigazetesi.ist\/en\/wp-json\/wp\/v2\/posts\/74633"}],"collection":[{"href":"https:\/\/www.enerjigazetesi.ist\/en\/wp-json\/wp\/v2\/posts"}],"about":[{"href":"https:\/\/www.enerjigazetesi.ist\/en\/wp-json\/wp\/v2\/types\/post"}],"author":[{"embeddable":true,"href":"https:\/\/www.enerjigazetesi.ist\/en\/wp-json\/wp\/v2\/users\/1"}],"replies":[{"embeddable":true,"href":"https:\/\/www.enerjigazetesi.ist\/en\/wp-json\/wp\/v2\/comments?post=74633"}],"version-history":[{"count":1,"href":"https:\/\/www.enerjigazetesi.ist\/en\/wp-json\/wp\/v2\/posts\/74633\/revisions"}],"predecessor-version":[{"id":74634,"href":"https:\/\/www.enerjigazetesi.ist\/en\/wp-json\/wp\/v2\/posts\/74633\/revisions\/74634"}],"wp:featuredmedia":[{"embeddable":true,"href":"https:\/\/www.enerjigazetesi.ist\/en\/wp-json\/wp\/v2\/media\/13668"}],"wp:attachment":[{"href":"https:\/\/www.enerjigazetesi.ist\/en\/wp-json\/wp\/v2\/media?parent=74633"}],"wp:term":[{"taxonomy":"category","embeddable":true,"href":"https:\/\/www.enerjigazetesi.ist\/en\/wp-json\/wp\/v2\/categories?post=74633"},{"taxonomy":"post_tag","embeddable":true,"href":"https:\/\/www.enerjigazetesi.ist\/en\/wp-json\/wp\/v2\/tags?post=74633"}],"curies":[{"name":"wp","href":"https:\/\/api.w.org\/{rel}","templated":true}]}}