{"id":74622,"date":"2018-05-27T13:02:18","date_gmt":"2018-05-27T10:02:18","guid":{"rendered":"https:\/\/www.enerjigazetesi.ist\/?p=74622"},"modified":"2018-05-27T13:06:02","modified_gmt":"2018-05-27T10:06:02","slug":"birol-turkiye-enerji-alaninda-cok-dogru-adimlar-atti","status":"publish","type":"post","link":"https:\/\/www.enerjigazetesi.ist\/en\/birol-turkiye-enerji-alaninda-cok-dogru-adimlar-atti\/","title":{"rendered":"(Turkish) Birol: T\u00fcrkiye Enerji Alan\u0131nda \u00c7ok Do\u011fru Ad\u0131mlar Att\u0131"},"content":{"rendered":"<p class=\"qtranxs-available-languages-message qtranxs-available-languages-message-en\">Sorry, this entry is only available in <a href=\"https:\/\/www.enerjigazetesi.ist\/tr\/wp-json\/wp\/v2\/posts\/74622\" class=\"qtranxs-available-language-link qtranxs-available-language-link-tr\" title=\"Turkish\">Turkish<\/a>. For the sake of viewer convenience, the content is shown below in the alternative language. You may click the link to switch the active language.<\/p><p><strong>Uluslararas\u0131 Enerji Ajans\u0131\u00a0(IEA) Ba\u015fkan\u0131\u00a0Fatih Birol taraf\u0131ndan\u00a0\u00e7o\u011funlu\u011funun\u00a0G20 \u00fclkelerince temsil edildi\u011fi \u201c9. Temiz Enerji Bakanlar Toplant\u0131s\u0131\u201dna kat\u0131lmak \u00fczere gitti\u011fi Danimarka\u2019n\u0131n ba\u015fkenti Kopenhag\u2019ta gazetecilere a\u00e7\u0131klamalarda bulundu.<\/strong><\/p>\n<p><img loading=\"lazy\" class=\"alignleft size-medium wp-image-2903\" src=\"https:\/\/www.enerjigazetesi.ist\/wp-content\/uploads\/2012\/10\/uluslararasi-enerji-ajansi-fatih-birol-turkiye-petrol-300x205.jpg\" alt=\"\" width=\"300\" height=\"205\" srcset=\"https:\/\/www.enerjigazetesi.ist\/wp-content\/uploads\/2012\/10\/uluslararasi-enerji-ajansi-fatih-birol-turkiye-petrol-300x205.jpg 300w, https:\/\/www.enerjigazetesi.ist\/wp-content\/uploads\/2012\/10\/uluslararasi-enerji-ajansi-fatih-birol-turkiye-petrol-73x50.jpg 73w, https:\/\/www.enerjigazetesi.ist\/wp-content\/uploads\/2012\/10\/uluslararasi-enerji-ajansi-fatih-birol-turkiye-petrol.jpg 425w\" sizes=\"(max-width: 300px) 100vw, 300px\" \/>\u00dclkelerin \u00f6zellikle Danimarka gibi \u00fclkeleri \u00f6rnek alarak, g\u00fcne\u015f ve r\u00fczg\u00e2r gibi enerji teknolojilerine yat\u0131r\u0131m yapt\u0131\u011f\u0131n\u0131 dile getiren Birol,\u00a0\u201cT\u00fcrkiye hem g\u00fcne\u015f hem r\u00fczg\u00e2r konusunda do\u011fru ad\u0131mlar atm\u0131\u015ft\u0131r. Ge\u00e7ti\u011fimiz 6-7 ayl\u0131k s\u00fcre\u00e7te bu konuda ciddi a\u015famalar a\u015f\u0131ld\u0131. \u201cT\u00fcrkiye\u2019nin \u00f6zellikle yenilenebilir enerjideki hamleleri, d\u00fcnyada at\u0131lan ad\u0131mlarla e\u015fg\u00fcd\u00fcm i\u00e7inde devam ediyor.\u201d dedi.<\/p>\n<p>Birol ayr\u0131ca,\u00a0\u201cKarbondioksit sal\u0131m\u0131n\u0131n d\u00fc\u015f\u00fcr\u00fclebilmesine y\u00f6nelik yap\u0131lmas\u0131 gerekenlerden en \u00f6nemlisi yenilenebilir enerjiden daha fazla faydalanmakt\u0131r. Bununla birlikte, T\u00fcrkiye gibi \u00fclkelerin de se\u00e7ti\u011fi ayr\u0131ca n\u00fckleer enerjiden yararlanmak ve enerjiyi verimli kullanmak da di\u011fer \u00f6nemli unsurlar aras\u0131ndad\u0131r&#8221; ifadelerini kulland\u0131.<\/p>","protected":false},"excerpt":{"rendered":"<p>Sorry, this entry is only available in Turkish. For the sake of viewer convenience, the content is shown below in the alternative language. You may click the link to switch the active language.Uluslararas\u0131 Enerji Ajans\u0131\u00a0(IEA) Ba\u015fkan\u0131\u00a0Fatih Birol taraf\u0131ndan\u00a0\u00e7o\u011funlu\u011funun\u00a0G20 \u00fclkelerince temsil edildi\u011fi \u201c9. Temiz Enerji Bakanlar Toplant\u0131s\u0131\u201dna kat\u0131lmak \u00fczere gitti\u011fi Danimarka\u2019n\u0131n ba\u015fkenti Kopenhag\u2019ta gazetecilere a\u00e7\u0131klamalarda bulundu. [&hellip;]<\/p>\n","protected":false},"author":1,"featured_media":2903,"comment_status":"open","ping_status":"open","sticky":false,"template":"","format":"standard","meta":[],"categories":[53,49,50],"tags":[67,1009,818,2326,23416,1023,474,24949,26829],"views":666,"_links":{"self":[{"href":"https:\/\/www.enerjigazetesi.ist\/en\/wp-json\/wp\/v2\/posts\/74622"}],"collection":[{"href":"https:\/\/www.enerjigazetesi.ist\/en\/wp-json\/wp\/v2\/posts"}],"about":[{"href":"https:\/\/www.enerjigazetesi.ist\/en\/wp-json\/wp\/v2\/types\/post"}],"author":[{"embeddable":true,"href":"https:\/\/www.enerjigazetesi.ist\/en\/wp-json\/wp\/v2\/users\/1"}],"replies":[{"embeddable":true,"href":"https:\/\/www.enerjigazetesi.ist\/en\/wp-json\/wp\/v2\/comments?post=74622"}],"version-history":[{"count":4,"href":"https:\/\/www.enerjigazetesi.ist\/en\/wp-json\/wp\/v2\/posts\/74622\/revisions"}],"predecessor-version":[{"id":74626,"href":"https:\/\/www.enerjigazetesi.ist\/en\/wp-json\/wp\/v2\/posts\/74622\/revisions\/74626"}],"wp:featuredmedia":[{"embeddable":true,"href":"https:\/\/www.enerjigazetesi.ist\/en\/wp-json\/wp\/v2\/media\/2903"}],"wp:attachment":[{"href":"https:\/\/www.enerjigazetesi.ist\/en\/wp-json\/wp\/v2\/media?parent=74622"}],"wp:term":[{"taxonomy":"category","embeddable":true,"href":"https:\/\/www.enerjigazetesi.ist\/en\/wp-json\/wp\/v2\/categories?post=74622"},{"taxonomy":"post_tag","embeddable":true,"href":"https:\/\/www.enerjigazetesi.ist\/en\/wp-json\/wp\/v2\/tags?post=74622"}],"curies":[{"name":"wp","href":"https:\/\/api.w.org\/{rel}","templated":true}]}}