{"id":74588,"date":"2018-05-27T10:55:19","date_gmt":"2018-05-27T07:55:19","guid":{"rendered":"https:\/\/www.enerjigazetesi.ist\/?p=74588"},"modified":"2018-05-27T10:57:09","modified_gmt":"2018-05-27T07:57:09","slug":"enerjide-disa-bagimliligi-azaltan-projelere-2-5-milyon-liralik-destek","status":"publish","type":"post","link":"https:\/\/www.enerjigazetesi.ist\/en\/enerjide-disa-bagimliligi-azaltan-projelere-2-5-milyon-liralik-destek\/","title":{"rendered":"(Turkish) Enerjide D\u0131\u015fa Ba\u011f\u0131ml\u0131l\u0131\u011f\u0131 Azaltan Projelere 2.5 Milyon Liral\u0131k Destek"},"content":{"rendered":"<p class=\"qtranxs-available-languages-message qtranxs-available-languages-message-en\">Sorry, this entry is only available in <a href=\"https:\/\/www.enerjigazetesi.ist\/tr\/wp-json\/wp\/v2\/posts\/74588\" class=\"qtranxs-available-language-link qtranxs-available-language-link-tr\" title=\"Turkish\">Turkish<\/a>. For the sake of viewer convenience, the content is shown below in the alternative language. You may click the link to switch the active language.<\/p><p><strong>T\u00dcB\u0130TAK enerjide d\u0131\u015fa ba\u011f\u0131ml\u0131l\u0131\u011f\u0131n azalt\u0131lmas\u0131 ve T\u00fcrkiye\u2019nin enerji ticaret merkezi olma konular\u0131nda politika ve stratejilerin geli\u015ftirilmesi amac\u0131yla harekete ge\u00e7ti. <\/strong><\/p>\n<p>T\u00dcB\u0130TAK\u2019\u0131n \u00e7\u0131kt\u0131\u011f\u0131 \u00e7a\u011fr\u0131 kapsam\u0131nda \u2018Yerli enerji \u00fcretiminin art\u0131r\u0131lmas\u0131\u2019, \u2018Enerjinin verimli ve etkin kullan\u0131m\u0131n art\u0131r\u0131lmas\u0131 ve yayg\u0131nla\u015ft\u0131r\u0131lmas\u0131\u2019 ve \u2018T\u00fcrkiye\u2019nin enerji ticaret merkezi olmas\u0131\u2019 hedeflerine <img loading=\"lazy\" class=\"alignleft size-medium wp-image-41615\" src=\"https:\/\/www.enerjigazetesi.ist\/wp-content\/uploads\/2015\/07\/ulusal-enerji-verimliligi-eylem-plani-taslagi-goruse-acildi-300x165.jpg\" alt=\"\" width=\"300\" height=\"165\" srcset=\"https:\/\/www.enerjigazetesi.ist\/wp-content\/uploads\/2015\/07\/ulusal-enerji-verimliligi-eylem-plani-taslagi-goruse-acildi-300x165.jpg 300w, https:\/\/www.enerjigazetesi.ist\/wp-content\/uploads\/2015\/07\/ulusal-enerji-verimliligi-eylem-plani-taslagi-goruse-acildi-500x276.jpg 500w, https:\/\/www.enerjigazetesi.ist\/wp-content\/uploads\/2015\/07\/ulusal-enerji-verimliligi-eylem-plani-taslagi-goruse-acildi-80x44.jpg 80w, https:\/\/www.enerjigazetesi.ist\/wp-content\/uploads\/2015\/07\/ulusal-enerji-verimliligi-eylem-plani-taslagi-goruse-acildi.jpg 696w\" sizes=\"(max-width: 300px) 100vw, 300px\" \/>ili\u015fkin projeler desteklenecek. K\u00fc\u00e7\u00fck, orta ve b\u00fcy\u00fck \u00f6l\u00e7ekli olarak de\u011ferlendirilecek projelere 500 bin ila 2.5 milyon lira aras\u0131nda destek \u00f6demesi yap\u0131lacak.<\/p>\n<p>Yerli enerji \u00fcretiminin art\u0131r\u0131lmas\u0131na y\u00f6nelik proje \u00f6nerilerinin, fosil yak\u0131t potansiyellerinin daha verimli ve etkin de\u011ferlendirilmesine y\u00f6nelik politika \u00f6nerilerinin geli\u015ftirilmesi, yenilenebilir kaynaklardan enerji \u00fcretimini art\u0131r\u0131c\u0131 y\u00f6nde finansal model ve y\u00f6ntemlerin geli\u015ftirilmesi gibi konulara odaklanmas\u0131 bekleniyor. Proje \u00f6nerilerinin ayr\u0131ca, n\u00fckleer ve hidrojen enerjisi gibi di\u011fer enerji kaynaklar\u0131n\u0131n devreye al\u0131nmas\u0131na y\u00f6nelik politika \u00f6nerileri geli\u015ftirilmesi, T\u00fcrkiye\u2019de enerji \u00fcretim sepetinde yerli kaynaklar\u0131n art\u0131r\u0131lmas\u0131na y\u00f6nelik senaryo ve modellemelerin geli\u015ftirilmesi, enerji \u00fcretimi alan\u0131ndaki kritik teknolojilerin belirlenerek yerli \u00fcretime imkan verecek \u015fekilde Ar-Ge strateji ve politikalar\u0131n\u0131n olu\u015fturulmas\u0131 gibi konularla ili\u015fkili olmas\u0131 gerekecek.<\/p>","protected":false},"excerpt":{"rendered":"<p>Sorry, this entry is only available in Turkish. For the sake of viewer convenience, the content is shown below in the alternative language. You may click the link to switch the active language.T\u00dcB\u0130TAK enerjide d\u0131\u015fa ba\u011f\u0131ml\u0131l\u0131\u011f\u0131n azalt\u0131lmas\u0131 ve T\u00fcrkiye\u2019nin enerji ticaret merkezi olma konular\u0131nda politika ve stratejilerin geli\u015ftirilmesi amac\u0131yla harekete ge\u00e7ti. T\u00dcB\u0130TAK\u2019\u0131n \u00e7\u0131kt\u0131\u011f\u0131 \u00e7a\u011fr\u0131 kapsam\u0131nda [&hellip;]<\/p>\n","protected":false},"author":1,"featured_media":41615,"comment_status":"open","ping_status":"open","sticky":false,"template":"","format":"standard","meta":[],"categories":[53,52],"tags":[2005,67,1009,18,12,1653,1971,793],"views":960,"_links":{"self":[{"href":"https:\/\/www.enerjigazetesi.ist\/en\/wp-json\/wp\/v2\/posts\/74588"}],"collection":[{"href":"https:\/\/www.enerjigazetesi.ist\/en\/wp-json\/wp\/v2\/posts"}],"about":[{"href":"https:\/\/www.enerjigazetesi.ist\/en\/wp-json\/wp\/v2\/types\/post"}],"author":[{"embeddable":true,"href":"https:\/\/www.enerjigazetesi.ist\/en\/wp-json\/wp\/v2\/users\/1"}],"replies":[{"embeddable":true,"href":"https:\/\/www.enerjigazetesi.ist\/en\/wp-json\/wp\/v2\/comments?post=74588"}],"version-history":[{"count":1,"href":"https:\/\/www.enerjigazetesi.ist\/en\/wp-json\/wp\/v2\/posts\/74588\/revisions"}],"predecessor-version":[{"id":74589,"href":"https:\/\/www.enerjigazetesi.ist\/en\/wp-json\/wp\/v2\/posts\/74588\/revisions\/74589"}],"wp:featuredmedia":[{"embeddable":true,"href":"https:\/\/www.enerjigazetesi.ist\/en\/wp-json\/wp\/v2\/media\/41615"}],"wp:attachment":[{"href":"https:\/\/www.enerjigazetesi.ist\/en\/wp-json\/wp\/v2\/media?parent=74588"}],"wp:term":[{"taxonomy":"category","embeddable":true,"href":"https:\/\/www.enerjigazetesi.ist\/en\/wp-json\/wp\/v2\/categories?post=74588"},{"taxonomy":"post_tag","embeddable":true,"href":"https:\/\/www.enerjigazetesi.ist\/en\/wp-json\/wp\/v2\/tags?post=74588"}],"curies":[{"name":"wp","href":"https:\/\/api.w.org\/{rel}","templated":true}]}}