{"id":74557,"date":"2018-05-26T18:30:14","date_gmt":"2018-05-26T15:30:14","guid":{"rendered":"https:\/\/www.enerjigazetesi.ist\/?p=74557"},"modified":"2018-05-26T18:30:14","modified_gmt":"2018-05-26T15:30:14","slug":"gensedin-yeni-yonetim-kurulu-belirlendi-2","status":"publish","type":"post","link":"https:\/\/www.enerjigazetesi.ist\/en\/gensedin-yeni-yonetim-kurulu-belirlendi-2\/","title":{"rendered":"(Turkish) GENSED&#8217;in Yeni Y\u00f6netim Kurulu Belirlendi"},"content":{"rendered":"<p class=\"qtranxs-available-languages-message qtranxs-available-languages-message-en\">Sorry, this entry is only available in <a href=\"https:\/\/www.enerjigazetesi.ist\/tr\/wp-json\/wp\/v2\/posts\/74557\" class=\"qtranxs-available-language-link qtranxs-available-language-link-tr\" title=\"Turkish\">Turkish<\/a>. For the sake of viewer convenience, the content is shown below in the alternative language. You may click the link to switch the active language.<\/p><p><strong>GENSED&#8217;de yap\u0131lan ola\u011fan genel kurulunda yeni y\u00f6netim kurulu belirlenerek a\u00e7\u0131kland\u0131.<\/strong><\/p>\n<p><img loading=\"lazy\" class=\"alignright size-medium wp-image-74558\" src=\"https:\/\/www.enerjigazetesi.ist\/wp-content\/uploads\/2018\/05\/gensedin-yeni-yonetim-kurulu-belirlendi-2-300x150.jpg\" alt=\"\" width=\"300\" height=\"150\" srcset=\"https:\/\/www.enerjigazetesi.ist\/wp-content\/uploads\/2018\/05\/gensedin-yeni-yonetim-kurulu-belirlendi-2-300x150.jpg 300w, https:\/\/www.enerjigazetesi.ist\/wp-content\/uploads\/2018\/05\/gensedin-yeni-yonetim-kurulu-belirlendi-2-500x250.jpg 500w, https:\/\/www.enerjigazetesi.ist\/wp-content\/uploads\/2018\/05\/gensedin-yeni-yonetim-kurulu-belirlendi-2-80x40.jpg 80w, https:\/\/www.enerjigazetesi.ist\/wp-content\/uploads\/2018\/05\/gensedin-yeni-yonetim-kurulu-belirlendi-2.jpg 640w\" sizes=\"(max-width: 300px) 100vw, 300px\" \/><\/p>\n<p>Buna g\u00f6re GENSED\u2019in yeni y\u00f6netim kurulu a\u015fa\u011f\u0131da belirtilmi\u015ftir.<\/p>\n<p><strong>Y\u00f6netim Kurulu Asil \u00dcyeler<\/strong><\/p>\n<p>\u2013 Arda Yal\u0131 (Elin Enerji)<\/p>\n<p>\u2013 Artun \u0130stepan \u015eabciyan (Staubli)<\/p>\n<p>\u2013 Cemil Tolun (SolarEdge)<\/p>\n<p>\u2013 Evren Evcit (Zorlu Solar)<\/p>\n<p>\u2013 Halil Demirda\u011f (Smart Energy)<\/p>\n<p>\u2013 Hakan Daltaban (IBC Solar)<\/p>\n<p>\u2013 Mehmet Cemil \u00c7etin (Halk Enerji)<\/p>\n<p>\u2013 Mustafa Herdem (Else Enerji)<\/p>\n<p>\u2013 Mustafa T\u0131r\u0131s (T-Dinamik)<\/p>\n<p>\u2013 Nevzat Ta\u015fk\u0131n (Vergo Enerji)<\/p>\n<p>\u2013 Tolga Murat \u00d6zdemir (Konar Enerji)<\/p>\n<p><strong>Y\u00f6netim Kurulu Yedek \u00dcyeler<\/strong><\/p>\n<p>\u2013 Ali Ayan (Gest Energy)<\/p>\n<p>\u2013 Alican Ekin (Ekinler Eurosol Enerji)<\/p>\n<p>\u2013 Fatih \u00dcnal (Hensel Elektrik)<\/p>\n<p>\u2013 Fatma Murray (DNVGL)<\/p>\n<p>\u2013 Hakan H\u0131zarc\u0131o\u011flu (\u0130nform)<\/p>\n<p>\u2013 Levent Y\u0131ld\u0131z (YP Enerji)<\/p>\n<p>\u2013 Mustafa Ahmet Beler (HT Solar)<\/p>\n<p>\u2013 Nedret \u00dcnl\u00fc (KACO new energy)<\/p>\n<p>\u2013 Utku Korkmaz (RKT Energy)<\/p>\n<p><strong>Denetleme Kurulu Asil \u00dcyeler<\/strong><\/p>\n<p>\u2013 Ahmet Ekim (Pointek)<\/p>\n<p>\u2013 Ali Hakan Uzunhekim (Actus Solar)<\/p>\n<p>\u2013 \u00d6zlem D\u00f6\u011ferlio\u011flu (D\u00f6\u011ferlio\u011flu Hukuk)<\/p>\n<p>\u2013 Umut G\u00fcrb\u00fcz (Asunim)<\/p>\n<p>\u2013 Yal\u0131m Serdar Serhadl\u0131o\u011flu (Fronius)<\/p>\n<p><strong>Denetleme Kurulu Yedek \u00dcyeler<\/strong><\/p>\n<p>\u2013 Ahmet Fatih Kavaslar (Mavisis)<\/p>\n<p>\u2013 Erin\u00e7 K\u0131sa (Polat Enerji)<\/p>\n<p>\u2013 Murat \u00c7atakl\u0131 (\u00c7atakl\u0131 Enerji)<\/p>\n<p>\u2013 Nuri Korhan G\u00f6\u011f\u00fc\u015f (Juwi)<\/p>\n<p>\u2013 Kayahan Tolunay (Bireysel)<\/p>","protected":false},"excerpt":{"rendered":"<p>Sorry, this entry is only available in Turkish. For the sake of viewer convenience, the content is shown below in the alternative language. You may click the link to switch the active language.GENSED&#8217;de yap\u0131lan ola\u011fan genel kurulunda yeni y\u00f6netim kurulu belirlenerek a\u00e7\u0131kland\u0131. Buna g\u00f6re GENSED\u2019in yeni y\u00f6netim kurulu a\u015fa\u011f\u0131da belirtilmi\u015ftir. Y\u00f6netim Kurulu Asil \u00dcyeler \u2013 [&hellip;]<\/p>\n","protected":false},"author":1,"featured_media":74558,"comment_status":"open","ping_status":"open","sticky":false,"template":"","format":"standard","meta":[],"categories":[53,49],"tags":[67,1009,34923,23311,727,23416,23131],"views":757,"_links":{"self":[{"href":"https:\/\/www.enerjigazetesi.ist\/en\/wp-json\/wp\/v2\/posts\/74557"}],"collection":[{"href":"https:\/\/www.enerjigazetesi.ist\/en\/wp-json\/wp\/v2\/posts"}],"about":[{"href":"https:\/\/www.enerjigazetesi.ist\/en\/wp-json\/wp\/v2\/types\/post"}],"author":[{"embeddable":true,"href":"https:\/\/www.enerjigazetesi.ist\/en\/wp-json\/wp\/v2\/users\/1"}],"replies":[{"embeddable":true,"href":"https:\/\/www.enerjigazetesi.ist\/en\/wp-json\/wp\/v2\/comments?post=74557"}],"version-history":[{"count":1,"href":"https:\/\/www.enerjigazetesi.ist\/en\/wp-json\/wp\/v2\/posts\/74557\/revisions"}],"predecessor-version":[{"id":74559,"href":"https:\/\/www.enerjigazetesi.ist\/en\/wp-json\/wp\/v2\/posts\/74557\/revisions\/74559"}],"wp:featuredmedia":[{"embeddable":true,"href":"https:\/\/www.enerjigazetesi.ist\/en\/wp-json\/wp\/v2\/media\/74558"}],"wp:attachment":[{"href":"https:\/\/www.enerjigazetesi.ist\/en\/wp-json\/wp\/v2\/media?parent=74557"}],"wp:term":[{"taxonomy":"category","embeddable":true,"href":"https:\/\/www.enerjigazetesi.ist\/en\/wp-json\/wp\/v2\/categories?post=74557"},{"taxonomy":"post_tag","embeddable":true,"href":"https:\/\/www.enerjigazetesi.ist\/en\/wp-json\/wp\/v2\/tags?post=74557"}],"curies":[{"name":"wp","href":"https:\/\/api.w.org\/{rel}","templated":true}]}}