{"id":74521,"date":"2018-05-24T08:03:34","date_gmt":"2018-05-24T05:03:34","guid":{"rendered":"https:\/\/www.enerjigazetesi.ist\/?p=74521"},"modified":"2018-05-24T08:05:02","modified_gmt":"2018-05-24T05:05:02","slug":"yeni-nesil-ruzgar-turbinleri-ile-turkiyenin-enerji-sorununa-katki","status":"publish","type":"post","link":"https:\/\/www.enerjigazetesi.ist\/en\/yeni-nesil-ruzgar-turbinleri-ile-turkiyenin-enerji-sorununa-katki\/","title":{"rendered":"(Turkish) Yeni Nesil R\u00fczgar T\u00fcrbinleri \u0130le T\u00fcrkiye\u2019nin Enerji Sorununa Katk\u0131"},"content":{"rendered":"<p class=\"qtranxs-available-languages-message qtranxs-available-languages-message-en\">Sorry, this entry is only available in <a href=\"https:\/\/www.enerjigazetesi.ist\/tr\/wp-json\/wp\/v2\/posts\/74521\" class=\"qtranxs-available-language-link qtranxs-available-language-link-tr\" title=\"Turkish\">Turkish<\/a>. For the sake of viewer convenience, the content is shown below in the alternative language. You may click the link to switch the active language.<\/p><p><strong>20.11.2012 y\u0131llar\u0131nda \u00e7al\u0131\u015fmalar\u0131na ba\u015flanan, 2013 y\u0131l\u0131nda T\u00dcB\u0130TAK taraf\u0131ndan kabul g\u00f6ren ve ayn\u0131 y\u0131l Erciyes Teknopark\u2019taki \u015firket kurulumunun ard\u0131ndan patent al\u0131mlar\u0131 yap\u0131lan projenin amac\u0131n\u0131n, d\u00fc\u015f\u00fck akarsu ve r\u00fczgar h\u0131zlar\u0131nda y\u00fcksek kapasiteli enerji \u00fcretmek oldu\u011funu s\u00f6yleyen Kayserili Giri\u015fimci \u0130lhan Kurtulu\u015f \u00c7\u0131klaiblik\u00e7i, jenerat\u00f6rlerin bu \u00f6zelli\u011fiyle d\u00fcnyada \u00f6nemli bir yer alaca\u011f\u0131n\u0131 ifade etti.<\/strong><\/p>\n<p>Birbirlerine z\u0131t y\u00f6nlere d\u00f6nen \u00e7ift pervane ile bile\u015fke h\u0131z iki kat\u0131na \u00e7\u0131kar\u0131l\u0131yor. R\u00fczgar ve Akarsu T\u00fcrbinleri \u0130\u00e7in Yeni Nesil Jenerat\u00f6rprojesi ile \u0130stanbul B\u00fcy\u00fck\u015fehir Belediyesi, \u0130SBAK A.\u015e. ve BTM <img loading=\"lazy\" class=\"alignright size-medium wp-image-74522\" src=\"https:\/\/www.enerjigazetesi.ist\/wp-content\/uploads\/2018\/05\/yeni-nesil-ruzgar-turbinleri-ile-turkiyenin-enerji-sorununa-katki-300x150.jpg\" alt=\"\" width=\"300\" height=\"150\" srcset=\"https:\/\/www.enerjigazetesi.ist\/wp-content\/uploads\/2018\/05\/yeni-nesil-ruzgar-turbinleri-ile-turkiyenin-enerji-sorununa-katki-300x150.jpg 300w, https:\/\/www.enerjigazetesi.ist\/wp-content\/uploads\/2018\/05\/yeni-nesil-ruzgar-turbinleri-ile-turkiyenin-enerji-sorununa-katki-500x250.jpg 500w, https:\/\/www.enerjigazetesi.ist\/wp-content\/uploads\/2018\/05\/yeni-nesil-ruzgar-turbinleri-ile-turkiyenin-enerji-sorununa-katki-80x40.jpg 80w, https:\/\/www.enerjigazetesi.ist\/wp-content\/uploads\/2018\/05\/yeni-nesil-ruzgar-turbinleri-ile-turkiyenin-enerji-sorununa-katki.jpg 696w\" sizes=\"(max-width: 300px) 100vw, 300px\" \/>taraf\u0131ndan d\u00fczenlenen; World Cities Congress 2018\u2019de \u0130novatif \u00c7\u00f6z\u00fcmler Kategorisinde 1.lik \u00f6d\u00fcl\u00fcn\u00fc ald\u0131klar\u0131n\u0131 belirten \u00c7\u0131klaiblik\u00e7i, t\u00fcrbinlerin \u00e7al\u0131\u015fma prensiplerine dair \u015fu bilgileri verdi:<\/p>\n<p>\u201cR\u00fczgar t\u00fcrbinleri 2 ayr\u0131 pervaneden olu\u015fuyor. \u0130ster dikey, ister yatay r\u00fczgar t\u00fcrbinleri olsun tek pervane yerine \u00e7ift pervane kullan\u0131yoruz. Pervaneler kanat a\u00e7\u0131lar\u0131ndaki farkl\u0131l\u0131ktan dolay\u0131 birbirlerine z\u0131t y\u00f6nlere d\u00f6n\u00fcyor. Jenerat\u00f6r i\u00e7inde sarg\u0131 ve m\u0131knat\u0131slar\u0131n bulundu\u011fu b\u00f6l\u00fcmlere bu hareketi aktararak birbirlerine z\u0131t y\u00f6nde d\u00f6nd\u00fcrd\u00fc\u011f\u00fc i\u00e7in bile\u015fke h\u0131z\u0131 2 kat\u0131na \u00e7\u0131k\u0131yor. Bu z\u0131t y\u00f6nl\u00fc d\u00f6nme sonras\u0131nda bile\u015fke h\u0131z 2 kat\u0131na \u00e7\u0131kt\u0131\u011f\u0131 i\u00e7in h\u0131z\u0131n k\u00fcp\u00fcyle orant\u0131l\u0131 olan g\u00fc\u00e7te 8 kat art\u0131\u015f elde edilebiliyor. Ancak burada anl\u0131k olarak y\u00fcksek g\u00fc\u00e7 \u00fcretiminden de\u011fil, zamana ba\u011fl\u0131 olarak artan enerji \u00fcretiminden bahsediyoruz.\u201d<\/p>\n<p>\u0130stanbul Belediyesi ve Marmara \u00dcniversitesi ile birlikte Bo\u011fazlardaki y\u00fczeysel ak\u0131nt\u0131lar\u0131 de\u011ferlendirmek \u00fczere deneme \u00e7al\u0131\u015fmalar\u0131na ba\u015flayacaklar\u0131n\u0131 kaydeden \u00c7\u0131klaiblik\u00e7i, \u201cT\u00fcrbinlerimizin bir ba\u015fka fark\u0131 da, di\u011fer t\u00fcrbinlerin d\u00fc\u015f\u00fck kapasitelerde \u00fcretim yapt\u0131\u011f\u0131 ko\u015fullarda bile bizim t\u00fcrbinlerimizin daha y\u00fcksek verimle enerji \u00fcretmesidir. Bu bak\u0131mdan \u00f6zellikle Bo\u011fazlarda y\u00fczeysel ak\u0131nt\u0131 \u00e7ok m\u00fcthi\u015f. 010 metre derinlikte, 5 knot ile 7 knot aras\u0131nda de\u011fi\u015fen ak\u0131nt\u0131lar var. \u0130stanbul Belediyesi ile Marmara \u00dcniversitesiyle birlikte ortak bir proje yaparak bu ak\u0131nt\u0131lardaki enerjiyi de\u011ferlendirmek istiyoruz. Bu ba\u011flamda ilk denemelerimiz Bo\u011fazlarda ba\u015flayacak\u201d dedi.<\/p>","protected":false},"excerpt":{"rendered":"<p>Sorry, this entry is only available in Turkish. For the sake of viewer convenience, the content is shown below in the alternative language. You may click the link to switch the active language.20.11.2012 y\u0131llar\u0131nda \u00e7al\u0131\u015fmalar\u0131na ba\u015flanan, 2013 y\u0131l\u0131nda T\u00dcB\u0130TAK taraf\u0131ndan kabul g\u00f6ren ve ayn\u0131 y\u0131l Erciyes Teknopark\u2019taki \u015firket kurulumunun ard\u0131ndan patent al\u0131mlar\u0131 yap\u0131lan projenin amac\u0131n\u0131n, [&hellip;]<\/p>\n","protected":false},"author":1,"featured_media":74522,"comment_status":"open","ping_status":"open","sticky":false,"template":"","format":"standard","meta":[],"categories":[53,50],"tags":[37745,140,67,1009,18,474,16,24949,231,1971,37746],"views":1350,"_links":{"self":[{"href":"https:\/\/www.enerjigazetesi.ist\/en\/wp-json\/wp\/v2\/posts\/74521"}],"collection":[{"href":"https:\/\/www.enerjigazetesi.ist\/en\/wp-json\/wp\/v2\/posts"}],"about":[{"href":"https:\/\/www.enerjigazetesi.ist\/en\/wp-json\/wp\/v2\/types\/post"}],"author":[{"embeddable":true,"href":"https:\/\/www.enerjigazetesi.ist\/en\/wp-json\/wp\/v2\/users\/1"}],"replies":[{"embeddable":true,"href":"https:\/\/www.enerjigazetesi.ist\/en\/wp-json\/wp\/v2\/comments?post=74521"}],"version-history":[{"count":3,"href":"https:\/\/www.enerjigazetesi.ist\/en\/wp-json\/wp\/v2\/posts\/74521\/revisions"}],"predecessor-version":[{"id":74525,"href":"https:\/\/www.enerjigazetesi.ist\/en\/wp-json\/wp\/v2\/posts\/74521\/revisions\/74525"}],"wp:featuredmedia":[{"embeddable":true,"href":"https:\/\/www.enerjigazetesi.ist\/en\/wp-json\/wp\/v2\/media\/74522"}],"wp:attachment":[{"href":"https:\/\/www.enerjigazetesi.ist\/en\/wp-json\/wp\/v2\/media?parent=74521"}],"wp:term":[{"taxonomy":"category","embeddable":true,"href":"https:\/\/www.enerjigazetesi.ist\/en\/wp-json\/wp\/v2\/categories?post=74521"},{"taxonomy":"post_tag","embeddable":true,"href":"https:\/\/www.enerjigazetesi.ist\/en\/wp-json\/wp\/v2\/tags?post=74521"}],"curies":[{"name":"wp","href":"https:\/\/api.w.org\/{rel}","templated":true}]}}