{"id":74488,"date":"2018-05-22T07:21:02","date_gmt":"2018-05-22T04:21:02","guid":{"rendered":"https:\/\/www.enerjigazetesi.ist\/?p=74488"},"modified":"2018-05-22T07:21:34","modified_gmt":"2018-05-22T04:21:34","slug":"turkiyede-akaryakit-talebinin-mevsimselligi","status":"publish","type":"post","link":"https:\/\/www.enerjigazetesi.ist\/en\/turkiyede-akaryakit-talebinin-mevsimselligi\/","title":{"rendered":"(Turkish) T\u00fcrkiye&#8217;de Akaryak\u0131t Talebinin Mevsimselli\u011fi"},"content":{"rendered":"<p class=\"qtranxs-available-languages-message qtranxs-available-languages-message-en\">Sorry, this entry is only available in <a href=\"https:\/\/www.enerjigazetesi.ist\/tr\/wp-json\/wp\/v2\/posts\/74488\" class=\"qtranxs-available-language-link qtranxs-available-language-link-tr\" title=\"Turkish\">Turkish<\/a>. For the sake of viewer convenience, the content is shown below in the alternative language. You may click the link to switch the active language.<\/p><p><strong>T\u00fcrkiye\u2019de petrol talebinin mevsimselli\u011fi bilinen bir ger\u00e7ektir. \u00d6zellikle petrol fiyatlar\u0131n\u0131n artt\u0131\u011f\u0131 d\u00f6nemlerde cari a\u00e7\u0131\u011f\u0131n nas\u0131l ilerleyebilece\u011fi konusunda bir fikir verir. <\/strong><\/p>\n<p>T\u00fcrkiye\u2019de bir \u201cs\u00fcr\u00fc\u015f\u201d-\u201cyolculuk\u201d sezonu var ise buna iki \u015fekilde bakmak faydal\u0131 olur: T\u00fcm akaryak\u0131t <img loading=\"lazy\" class=\"alignright size-medium wp-image-29449\" src=\"https:\/\/www.enerjigazetesi.ist\/wp-content\/uploads\/2014\/07\/akaryak\u0131t-benzin-pompa-300x200.jpg\" alt=\"\" width=\"300\" height=\"200\" srcset=\"https:\/\/www.enerjigazetesi.ist\/wp-content\/uploads\/2014\/07\/akaryak\u0131t-benzin-pompa-300x200.jpg 300w, https:\/\/www.enerjigazetesi.ist\/wp-content\/uploads\/2014\/07\/akaryak\u0131t-benzin-pompa-500x333.jpg 500w, https:\/\/www.enerjigazetesi.ist\/wp-content\/uploads\/2014\/07\/akaryak\u0131t-benzin-pompa-75x50.jpg 75w, https:\/\/www.enerjigazetesi.ist\/wp-content\/uploads\/2014\/07\/akaryak\u0131t-benzin-pompa.jpg 870w\" sizes=\"(max-width: 300px) 100vw, 300px\" \/>\u00fcr\u00fcnleri olarak, sonras\u0131nda ise kara yak\u0131tlar\u0131 (dizel, benzin, LPG) olarak. Jet yak\u0131tlar\u0131, mevsimselli\u011fin olduk\u00e7a y\u00fcksek olmas\u0131ndan dolay\u0131 ayr\u0131 tutulmu\u015ftur.<\/p>\n<p>T\u00fcrkiye\u2019de petrol \u00fcr\u00fcn talebinin \u00e7ok net bir mevsimselli\u011fi vard\u0131r. 3.\u00e7eyrek en y\u00fcksek, 1.\u00e7eyrek de en d\u00fc\u015f\u00fck petrol taleplerinin g\u00f6r\u00fcld\u00fc\u011f\u00fc d\u00f6nemlerdir. Yaln\u0131z burada 4.\u00e7eyrekte y\u0131ll\u0131k talep art\u0131\u015f\u0131 etkisi net olarak g\u00f6r\u00fcld\u00fc\u011f\u00fcnden, her zaman k\u0131\u015f talebi en d\u00fc\u015f\u00fck talep d\u00f6nemidir diyemiyoruz.<\/p>\n<p>Benzin talebinin d\u00fc\u015f\u00fck olmas\u0131 asl\u0131nda genel ama\u00e7 ve ta\u015f\u0131mac\u0131l\u0131k ama\u00e7l\u0131 aktivitelerin birbirinden ayr\u0131lmas\u0131nda fayda sa\u011flamaktad\u0131r. Ta\u015f\u0131mac\u0131l\u0131kta daha d\u00fczenli bir e\u011fri tahmin edilmektedir. Ama benzin gibi sadece ticari olmayan ama\u00e7l\u0131 \u00fcr\u00fcn miktar\u0131 bayram-tatillerden kaynaklanan etkiyi h\u0131zla yans\u0131tmaktad\u0131r.<\/p>\n<p>As\u0131l soruya gelirsek, cari a\u00e7\u0131k etkisi 3.\u00e7eyrekte h\u0131zlanacakt\u0131r. Fiyatlar\u0131n t\u00fcketime olan etkisini de as\u0131l 3.\u00e7eyrek verilerinden sonra g\u00f6rece\u011fiz&#8230;.<\/p>\n<p>Yaz\u0131n\u0131n <a href=\"http:\/\/www.dunyaenerji.org.tr\/turkiye-akaryakit-talebinin-mevsimselligi\/\">Devam\u0131 \u0130\u00e7in TIKLAYINIZ&gt;&gt;&gt;<\/a><\/p>","protected":false},"excerpt":{"rendered":"<p>Sorry, this entry is only available in Turkish. For the sake of viewer convenience, the content is shown below in the alternative language. You may click the link to switch the active language.T\u00fcrkiye\u2019de petrol talebinin mevsimselli\u011fi bilinen bir ger\u00e7ektir. \u00d6zellikle petrol fiyatlar\u0131n\u0131n artt\u0131\u011f\u0131 d\u00f6nemlerde cari a\u00e7\u0131\u011f\u0131n nas\u0131l ilerleyebilece\u011fi konusunda bir fikir verir. T\u00fcrkiye\u2019de bir \u201cs\u00fcr\u00fc\u015f\u201d-\u201cyolculuk\u201d [&hellip;]<\/p>\n","protected":false},"author":1,"featured_media":29449,"comment_status":"open","ping_status":"open","sticky":false,"template":"","format":"standard","meta":[],"categories":[53,44],"tags":[2289,67,1009,34935,2388,34936,846],"views":660,"_links":{"self":[{"href":"https:\/\/www.enerjigazetesi.ist\/en\/wp-json\/wp\/v2\/posts\/74488"}],"collection":[{"href":"https:\/\/www.enerjigazetesi.ist\/en\/wp-json\/wp\/v2\/posts"}],"about":[{"href":"https:\/\/www.enerjigazetesi.ist\/en\/wp-json\/wp\/v2\/types\/post"}],"author":[{"embeddable":true,"href":"https:\/\/www.enerjigazetesi.ist\/en\/wp-json\/wp\/v2\/users\/1"}],"replies":[{"embeddable":true,"href":"https:\/\/www.enerjigazetesi.ist\/en\/wp-json\/wp\/v2\/comments?post=74488"}],"version-history":[{"count":1,"href":"https:\/\/www.enerjigazetesi.ist\/en\/wp-json\/wp\/v2\/posts\/74488\/revisions"}],"predecessor-version":[{"id":74489,"href":"https:\/\/www.enerjigazetesi.ist\/en\/wp-json\/wp\/v2\/posts\/74488\/revisions\/74489"}],"wp:featuredmedia":[{"embeddable":true,"href":"https:\/\/www.enerjigazetesi.ist\/en\/wp-json\/wp\/v2\/media\/29449"}],"wp:attachment":[{"href":"https:\/\/www.enerjigazetesi.ist\/en\/wp-json\/wp\/v2\/media?parent=74488"}],"wp:term":[{"taxonomy":"category","embeddable":true,"href":"https:\/\/www.enerjigazetesi.ist\/en\/wp-json\/wp\/v2\/categories?post=74488"},{"taxonomy":"post_tag","embeddable":true,"href":"https:\/\/www.enerjigazetesi.ist\/en\/wp-json\/wp\/v2\/tags?post=74488"}],"curies":[{"name":"wp","href":"https:\/\/api.w.org\/{rel}","templated":true}]}}