{"id":74479,"date":"2018-05-22T07:07:47","date_gmt":"2018-05-22T04:07:47","guid":{"rendered":"https:\/\/www.enerjigazetesi.ist\/?p=74479"},"modified":"2018-05-22T07:07:47","modified_gmt":"2018-05-22T04:07:47","slug":"turkiyenin-catilarinda-nukleerden-daha-fazla-elektrik-uretilebilinir","status":"publish","type":"post","link":"https:\/\/www.enerjigazetesi.ist\/en\/turkiyenin-catilarinda-nukleerden-daha-fazla-elektrik-uretilebilinir\/","title":{"rendered":"(Turkish) T\u00fcrkiye\u2019nin \u00c7at\u0131lar\u0131nda N\u00fckleerden Daha Fazla Elektrik \u00dcretilebilinir&#8230;"},"content":{"rendered":"<p class=\"qtranxs-available-languages-message qtranxs-available-languages-message-en\">Sorry, this entry is only available in <a href=\"https:\/\/www.enerjigazetesi.ist\/tr\/wp-json\/wp\/v2\/posts\/74479\" class=\"qtranxs-available-language-link qtranxs-available-language-link-tr\" title=\"Turkish\">Turkish<\/a>. For the sake of viewer convenience, the content is shown below in the alternative language. You may click the link to switch the active language.<\/p><p><strong>T\u00fcrkiye\u2019de \u00e7at\u0131 g\u00fcne\u015f paneli kurulumu i\u00e7in uygun durumda 467 milyon metrekare alan var. E\u011fer tamam\u0131 kullan\u0131l\u0131rsa elde edilecek 19 gigavat enerji ile 3 n\u00fckleer santralin yap\u0131lmas\u0131na gerek kalmayacak. Ancak bu konuda at\u0131lan ad\u0131mlar yeterli g\u00fcce sahip de\u011fil. <\/strong><\/p>\n<p>H\u00fck\u00fcmet ge\u00e7ti\u011fimiz aylarda \u00e7at\u0131s\u0131na g\u00fcne\u015f enerjisi paneli kurmak isteyenleri gelir vergisinden muaf etmi\u015f ve sadece y\u00fczde 5\u2019lik stopaj vergisi ile y\u00fck\u00fcml\u00fc k\u0131lm\u0131\u015ft\u0131. Bakanlar kurulu taraf\u0131ndan \u00f6nceki g\u00fcn <img loading=\"lazy\" class=\"alignleft size-medium wp-image-74480\" src=\"https:\/\/www.enerjigazetesi.ist\/wp-content\/uploads\/2018\/05\/turkiyenin-catilarinda-nukleerden-daha-fazla-elektrik-uretilebilinir-300x144.jpg\" alt=\"\" width=\"300\" height=\"144\" srcset=\"https:\/\/www.enerjigazetesi.ist\/wp-content\/uploads\/2018\/05\/turkiyenin-catilarinda-nukleerden-daha-fazla-elektrik-uretilebilinir-300x144.jpg 300w, https:\/\/www.enerjigazetesi.ist\/wp-content\/uploads\/2018\/05\/turkiyenin-catilarinda-nukleerden-daha-fazla-elektrik-uretilebilinir-500x240.jpg 500w, https:\/\/www.enerjigazetesi.ist\/wp-content\/uploads\/2018\/05\/turkiyenin-catilarinda-nukleerden-daha-fazla-elektrik-uretilebilinir-80x38.jpg 80w, https:\/\/www.enerjigazetesi.ist\/wp-content\/uploads\/2018\/05\/turkiyenin-catilarinda-nukleerden-daha-fazla-elektrik-uretilebilinir.jpg 674w\" sizes=\"(max-width: 300px) 100vw, 300px\" \/>al\u0131nan bir karar ile bu vergi de s\u0131f\u0131rland\u0131. Art\u0131k \u00e7at\u0131s\u0131na g\u00fcne\u015f paneli kurarak hem kendi ihtiyac\u0131n\u0131 kar\u015f\u0131lamak hem de devlete elektrik satmak isteyenler sadece 100 dolarl\u0131k ba\u015fvuru \u00fccretini \u00f6deyecek. Ba\u015fka herhangi bir vergi \u00f6demesine gerek kalmayacak.<\/p>\n<p>Konu ile ilgili a\u00e7\u0131klamalarda bulunan G\u00fcne\u015f Enerjisi Derne\u011fi (G\u00dcNDER) Ba\u015fkan\u0131 Kutay Kaleli, son d\u00fczenlemenin ard\u0131ndan bu konuda yap\u0131lacak yat\u0131r\u0131mlar\u0131n artaca\u011f\u0131n\u0131 ifade etti. \u00c7at\u0131s\u0131na g\u00fcne\u015f enerjisi paneli kuran ki\u015filerin y\u0131ll\u0131k kazan\u00e7lar\u0131n\u0131n 2 bin dolar seviyesinde olaca\u011f\u0131n\u0131 ifade eden Kaleli, vatanda\u015f\u0131n en \u00f6nemli sorununun 42 bin liraya varan ba\u015flang\u0131\u00e7 maliyetleri oldu\u011funu ifade etti. Bu konuda bankalar\u0131n d\u00fc\u015f\u00fck faiz oranlar\u0131 ile minimum 6 y\u0131ll\u0131k vadelerde kredi sa\u011flamas\u0131 durumunda te\u015fvikin anlam kazanaca\u011f\u0131n\u0131 ifade eden Kaleli, h\u00fck\u00fcmetin bu konuya da el atmas\u0131 gerekti\u011finin alt\u0131n\u0131 \u00e7izdi.<\/p>\n<p>G\u00dcNDER, Yenilenebilir Enerji Genel M\u00fcd\u00fcrl\u00fc\u011f\u00fc ve D\u00fcnya Bankas\u0131 verilerine g\u00f6re \u00fclkemiz genelinde g\u00fcne\u015f paneli i\u00e7in kullan\u0131labilir toplamda 467 milyon metrekare alan bulunuyor. Bu alanlar\u0131n kullan\u0131m\u0131 ile toplamda 19 gigavatl\u0131k bir enerji \u00fcretimi s\u00f6z konusu olabilicek. Akkuyu, Sinop ve \u0130\u011fneada n\u00fckleer santrallerinin tamam\u0131n\u0131n aktif olmas\u0131 ile \u00fcretilebilecek toplam enerji miktar\u0131 ise 13,7 gigavat.<\/p>","protected":false},"excerpt":{"rendered":"<p>Sorry, this entry is only available in Turkish. For the sake of viewer convenience, the content is shown below in the alternative language. You may click the link to switch the active language.T\u00fcrkiye\u2019de \u00e7at\u0131 g\u00fcne\u015f paneli kurulumu i\u00e7in uygun durumda 467 milyon metrekare alan var. E\u011fer tamam\u0131 kullan\u0131l\u0131rsa elde edilecek 19 gigavat enerji ile 3 [&hellip;]<\/p>\n","protected":false},"author":1,"featured_media":74480,"comment_status":"open","ping_status":"open","sticky":false,"template":"","format":"standard","meta":[],"categories":[51,53,49,43],"tags":[19,67,1009,1382,13,1876,23133,142,21,3940],"views":772,"_links":{"self":[{"href":"https:\/\/www.enerjigazetesi.ist\/en\/wp-json\/wp\/v2\/posts\/74479"}],"collection":[{"href":"https:\/\/www.enerjigazetesi.ist\/en\/wp-json\/wp\/v2\/posts"}],"about":[{"href":"https:\/\/www.enerjigazetesi.ist\/en\/wp-json\/wp\/v2\/types\/post"}],"author":[{"embeddable":true,"href":"https:\/\/www.enerjigazetesi.ist\/en\/wp-json\/wp\/v2\/users\/1"}],"replies":[{"embeddable":true,"href":"https:\/\/www.enerjigazetesi.ist\/en\/wp-json\/wp\/v2\/comments?post=74479"}],"version-history":[{"count":1,"href":"https:\/\/www.enerjigazetesi.ist\/en\/wp-json\/wp\/v2\/posts\/74479\/revisions"}],"predecessor-version":[{"id":74481,"href":"https:\/\/www.enerjigazetesi.ist\/en\/wp-json\/wp\/v2\/posts\/74479\/revisions\/74481"}],"wp:featuredmedia":[{"embeddable":true,"href":"https:\/\/www.enerjigazetesi.ist\/en\/wp-json\/wp\/v2\/media\/74480"}],"wp:attachment":[{"href":"https:\/\/www.enerjigazetesi.ist\/en\/wp-json\/wp\/v2\/media?parent=74479"}],"wp:term":[{"taxonomy":"category","embeddable":true,"href":"https:\/\/www.enerjigazetesi.ist\/en\/wp-json\/wp\/v2\/categories?post=74479"},{"taxonomy":"post_tag","embeddable":true,"href":"https:\/\/www.enerjigazetesi.ist\/en\/wp-json\/wp\/v2\/tags?post=74479"}],"curies":[{"name":"wp","href":"https:\/\/api.w.org\/{rel}","templated":true}]}}