{"id":74448,"date":"2018-05-20T14:05:05","date_gmt":"2018-05-20T11:05:05","guid":{"rendered":"https:\/\/www.enerjigazetesi.ist\/?p=74448"},"modified":"2018-05-20T14:05:05","modified_gmt":"2018-05-20T11:05:05","slug":"kara-ruzgar-ozelinde-almanya-yenilenebilir-enerji-kanunu-eeg-2017","status":"publish","type":"post","link":"https:\/\/www.enerjigazetesi.ist\/en\/kara-ruzgar-ozelinde-almanya-yenilenebilir-enerji-kanunu-eeg-2017\/","title":{"rendered":"(Turkish) Kara R\u00fczgar \u00d6zelinde Almanya Yenilenebilir Enerji Kanunu (EEG)-2017"},"content":{"rendered":"<p class=\"qtranxs-available-languages-message qtranxs-available-languages-message-en\">Sorry, this entry is only available in <a href=\"https:\/\/www.enerjigazetesi.ist\/tr\/wp-json\/wp\/v2\/posts\/74448\" class=\"qtranxs-available-language-link qtranxs-available-language-link-tr\" title=\"Turkish\">Turkish<\/a>. For the sake of viewer convenience, the content is shown below in the alternative language. You may click the link to switch the active language.<\/p><p><strong>Almanya, 1990 y\u0131l\u0131nda \u00e7evresel fayday\u0131 esas alan \u201cde\u011fer bazl\u0131\u201d yakla\u015f\u0131mla yenilenebilir enerjiye sabit fiyat garantisi getiren ilk AB \u00fclkesi olmu\u015ftur. Ancak sonras\u0131nda \u00f6zellikle g\u00fcne\u015f enerjisi santral maliyetlerinin kar\u015f\u0131lanamayaca\u011f\u0131n\u0131n ortaya konmas\u0131yla birlikte, 2000 y\u0131l\u0131nda \u00fcreticilere yat\u0131r\u0131m maliyetlerini temel alan sabit fiyat garantisi getiren Yenilenebilir Enerji Kanunu (Erneuerbare Energien Gesetz-EEG) kabul edilmi\u015ftir.<\/strong><\/p>\n<p>20 y\u0131l boyunca al\u0131m garantisinin verildi\u011fi EEG sayesinde Almanya\u2019da yenilenebilir enerji kapasitesi s\u00fcrekli olarak art\u0131\u015f g\u00f6stermi\u015f ve kanun bir\u00e7ok \u00fclkede benzerleri i\u00e7in \u00f6rnek olmu\u015ftur. 2016 y\u0131l\u0131 sonu itibariyle yenilenebilir enerjinin \u00fcretimdeki pay\u0131 %29\u2019a ula\u015fm\u0131\u015f ve yenilenebilir kaynaklar \u00fcretim portf\u00f6y\u00fc i\u00e7inde ilk s\u0131rada yer alm\u0131\u015ft\u0131r. Bu denli bir ba\u015far\u0131n\u0131n ger\u00e7ekle\u015fmesinde teknoloji \u00e7e\u015fitlendirmesi <img loading=\"lazy\" class=\"alignright size-medium wp-image-14867\" src=\"https:\/\/www.enerjigazetesi.ist\/wp-content\/uploads\/2013\/09\/avustralya-nin-elektriginin-yarisi-gunes-ve-ruzgar-enerjisi-ile-yesilleniyor-300x203.jpg\" alt=\"\" width=\"300\" height=\"203\" srcset=\"https:\/\/www.enerjigazetesi.ist\/wp-content\/uploads\/2013\/09\/avustralya-nin-elektriginin-yarisi-gunes-ve-ruzgar-enerjisi-ile-yesilleniyor-300x203.jpg 300w, https:\/\/www.enerjigazetesi.ist\/wp-content\/uploads\/2013\/09\/avustralya-nin-elektriginin-yarisi-gunes-ve-ruzgar-enerjisi-ile-yesilleniyor-73x50.jpg 73w, https:\/\/www.enerjigazetesi.ist\/wp-content\/uploads\/2013\/09\/avustralya-nin-elektriginin-yarisi-gunes-ve-ruzgar-enerjisi-ile-yesilleniyor.jpg 420w\" sizes=\"(max-width: 300px) 100vw, 300px\" \/>ve ekipman maliyetlerinin beklenenden fazla d\u00fc\u015fmesi de etkili olmu\u015ftur.<\/p>\n<p>2011 y\u0131l\u0131nda toplumsal proje olarak nitelendirdi\u011fi enerji d\u00f6n\u00fc\u015f\u00fcm\u00fcn\u00fc (Energiewende) ba\u015flatan Almanya, d\u00f6n\u00fc\u015f\u00fcm\u00fcn merkezinde yer alan EEG\u2019yi de toplumun ihtiya\u00e7lar\u0131 do\u011frultusunda g\u00fcncellemeye devam etmi\u015ftir. EEG, 2014 ve 2017\u2019de yap\u0131lan d\u00fczenlemeler ile maliyet de\u011fi\u015fimlerini dikkate alan; \u015febeke geni\u015flemesine, payda\u015f \u00e7e\u015fitlili\u011fine ve rekabete \u00f6nem veren, piyasa odakl\u0131 bir hal alm\u0131\u015ft\u0131r. Sabit fiyat garantisinden, ihale sistemine ge\u00e7ilerek, ekonomik ve teknolojik geli\u015fmeler ile paralel hareket eden bir destek mekanizmas\u0131 tasarlanm\u0131\u015f ve kontrol edilebilir kapasite art\u0131\u015f\u0131n\u0131n hedeflendi\u011fi yeni bir d\u00f6nem ba\u015flam\u0131\u015ft\u0131r.<\/p>\n<p>EEG\u2019nin geli\u015fimine bakt\u0131\u011f\u0131m\u0131zda \u00fc\u00e7 temel hedef g\u00f6r\u00fcyoruz: yenilenebilir enerji kaynaklar\u0131n\u0131n geli\u015ftirilmesi; fosil yak\u0131t kullan\u0131m\u0131n\u0131n s\u0131n\u0131rland\u0131r\u0131lmas\u0131; yenilenebilir enerji teknolojilerine s\u00fcrekli ar-ge deste\u011finin sa\u011flanmas\u0131. Kapasite miktar\u0131 ve kaynak kullan\u0131m\u0131ndaki ilerlemeye ek olarak, 2050 y\u0131ll\u0131 itibariyle dekarbonize ekonomi olma hedefine sahip \u00fclkede, yenilenebilir enerjinin toplum taraf\u0131ndan i\u00e7selle\u015ftirilmesine olanak sa\u011flayan enerji kooperatiflerinin yayg\u0131nla\u015fmas\u0131 ve halk\u0131n yenilenebilir enerji yat\u0131r\u0131mlar\u0131nda b\u00fcy\u00fck pay sahibi olmas\u0131 \u00f6nemli bir sosyo-ekonomik ba\u015far\u0131 say\u0131labilir.<\/p>\n<p>Bununla birlikte, yenilenebilir enerjinin geli\u015fimine y\u00f6nelik ad\u0131mlar at\u0131l\u0131rken, sistemin de s\u00fcrd\u00fcr\u00fclebilir bir yap\u0131 \u00fczerine kurulmas\u0131 amac\u0131yla yap\u0131lan manevralar ders niteli\u011findedir. Almanya\u2019n\u0131n ya\u015fad\u0131\u011f\u0131 tecr\u00fcbeler, yenilenebilir enerji kaynaklar\u0131n\u0131n penetrasyonunda benzer seviyelere ula\u015f\u0131ld\u0131\u011f\u0131nda elektrik sistemleri ile d\u00fczenleyici kurallar\u0131n nas\u0131l uyumla\u015ft\u0131r\u0131lmas\u0131 gerekti\u011fini g\u00f6stermesi a\u00e7\u0131s\u0131ndan f\u0131rsat olarak de\u011ferlendirilmelidir.<a href=\"http:\/\/www.dunyaenerji.org.tr\/kara-ruzgar-ozelinde-almanya-yenilenebilir-enerji-kanunu-eeg-2017\/#_ftn5\" name=\"_ftnref5\">[**]<\/a><\/p>\n<p>Yaz\u0131n\u0131n <a href=\"http:\/\/www.dunyaenerji.org.tr\/kara-ruzgar-ozelinde-almanya-yenilenebilir-enerji-kanunu-eeg-2017\/\">Devam\u0131 \u0130\u00e7in TIKLAYINIZ &gt;&gt;&gt;<\/a><\/p>\n<p><em><strong>Kaynak<\/strong><\/em><\/p>\n<ul>\n<li>BMWi (Federal Ministry for Economic Affairs and Energy)<\/li>\n<li>BNetzA (Germany\u2019s Federal Network Agency)<\/li>\n<li>2014 Revision of the Renewable Energy Sources Act, Federal Network Agency<\/li>\n<li>2016 Revision of the Renewable Energy Sources Act, Federal Network Agency<\/li>\n<li>Dr Marike Endell, J\u00fcrgen Quentin, (2017) RES Act 2017: New auction system with specific reference to onshore wind<\/li>\n<li>Christina Gerhardt, (2017), Germany\u2019s Renewable Energy Shift: Addressing Climate Change, Journal Capitalism Nature Socialism<\/li>\n<li><a href=\"https:\/\/www.cleanenergywire.org\/\">https:\/\/www.cleanenergywire.org\/<\/a><\/li>\n<li>Feed-In Tariffs: A Brief History (<a href=\"http:\/\/www.buildingefficiencyinitiative.org\/\">http:\/\/www.buildingefficiencyinitiative.org\/<\/a>)<\/li>\n<\/ul>\n<p><a href=\"http:\/\/www.dunyaenerji.org.tr\/kara-ruzgar-ozelinde-almanya-yenilenebilir-enerji-kanunu-eeg-2017\/#_ftnref1\" name=\"_ftn1\"><em><strong>[*]<\/strong><\/em><\/a><em>\u00a0\u201cComparing old and new: Changes to Germany\u2019s Renewable Energy Act\u201d Clean Energy Wire<\/em><\/p>\n<p><a href=\"http:\/\/www.dunyaenerji.org.tr\/kara-ruzgar-ozelinde-almanya-yenilenebilir-enerji-kanunu-eeg-2017\/#_ftnref2\" name=\"_ftn2\"><em><strong>[\u2020]<\/strong><\/em><\/a><em>\u00a0BMWi (Federal Ministry for Economic Affairs and Energy)<\/em><\/p>\n<p><a href=\"http:\/\/www.dunyaenerji.org.tr\/kara-ruzgar-ozelinde-almanya-yenilenebilir-enerji-kanunu-eeg-2017\/#_ftnref3\" name=\"_ftn3\"><em><strong>[\u2021]<\/strong><\/em><\/a><em>\u00a0BNetzA (Germany\u2019s Federal Network Agency)<\/em><\/p>\n<p><a href=\"http:\/\/www.dunyaenerji.org.tr\/kara-ruzgar-ozelinde-almanya-yenilenebilir-enerji-kanunu-eeg-2017\/#_ftnref4\" name=\"_ftn4\"><em><strong>[\u00a7]<\/strong><\/em><\/a><em>\u00a0Jochen Homann, President of the Federal Network Agency (CleanTechnica)<\/em><\/p>\n<p><a href=\"http:\/\/www.dunyaenerji.org.tr\/kara-ruzgar-ozelinde-almanya-yenilenebilir-enerji-kanunu-eeg-2017\/#_ftnref5\" name=\"_ftn5\"><em><strong>[**]<\/strong><\/em><\/a><em>\u00a0The Brattle Group 2014, The Brattle Group, (2014), Solar Energy Support in Germany: A Closer Look, Solar Energy Industries Association<\/em><\/p>","protected":false},"excerpt":{"rendered":"<p>Sorry, this entry is only available in Turkish. For the sake of viewer convenience, the content is shown below in the alternative language. You may click the link to switch the active language.Almanya, 1990 y\u0131l\u0131nda \u00e7evresel fayday\u0131 esas alan \u201cde\u011fer bazl\u0131\u201d yakla\u015f\u0131mla yenilenebilir enerjiye sabit fiyat garantisi getiren ilk AB \u00fclkesi olmu\u015ftur. Ancak sonras\u0131nda \u00f6zellikle [&hellip;]<\/p>\n","protected":false},"author":1,"featured_media":14867,"comment_status":"open","ping_status":"open","sticky":false,"template":"","format":"standard","meta":[],"categories":[53,49,50],"tags":[37728,37727,67,1009,23416,23133,37729,474,24949,231,26829],"views":797,"_links":{"self":[{"href":"https:\/\/www.enerjigazetesi.ist\/en\/wp-json\/wp\/v2\/posts\/74448"}],"collection":[{"href":"https:\/\/www.enerjigazetesi.ist\/en\/wp-json\/wp\/v2\/posts"}],"about":[{"href":"https:\/\/www.enerjigazetesi.ist\/en\/wp-json\/wp\/v2\/types\/post"}],"author":[{"embeddable":true,"href":"https:\/\/www.enerjigazetesi.ist\/en\/wp-json\/wp\/v2\/users\/1"}],"replies":[{"embeddable":true,"href":"https:\/\/www.enerjigazetesi.ist\/en\/wp-json\/wp\/v2\/comments?post=74448"}],"version-history":[{"count":1,"href":"https:\/\/www.enerjigazetesi.ist\/en\/wp-json\/wp\/v2\/posts\/74448\/revisions"}],"predecessor-version":[{"id":74449,"href":"https:\/\/www.enerjigazetesi.ist\/en\/wp-json\/wp\/v2\/posts\/74448\/revisions\/74449"}],"wp:featuredmedia":[{"embeddable":true,"href":"https:\/\/www.enerjigazetesi.ist\/en\/wp-json\/wp\/v2\/media\/14867"}],"wp:attachment":[{"href":"https:\/\/www.enerjigazetesi.ist\/en\/wp-json\/wp\/v2\/media?parent=74448"}],"wp:term":[{"taxonomy":"category","embeddable":true,"href":"https:\/\/www.enerjigazetesi.ist\/en\/wp-json\/wp\/v2\/categories?post=74448"},{"taxonomy":"post_tag","embeddable":true,"href":"https:\/\/www.enerjigazetesi.ist\/en\/wp-json\/wp\/v2\/tags?post=74448"}],"curies":[{"name":"wp","href":"https:\/\/api.w.org\/{rel}","templated":true}]}}