{"id":7444,"date":"2013-02-27T16:35:42","date_gmt":"2013-02-27T13:35:42","guid":{"rendered":"https:\/\/www.enerjigazetesi.ist\/?p=7444"},"modified":"2013-02-27T16:37:44","modified_gmt":"2013-02-27T13:37:44","slug":"istanbul-yesile-burunecek","status":"publish","type":"post","link":"https:\/\/www.enerjigazetesi.ist\/en\/istanbul-yesile-burunecek\/","title":{"rendered":"(Turkish) \u0130stanbul &#8216;Ye\u015fil&#8217;e B\u00fcr\u00fcnecek!"},"content":{"rendered":"<p class=\"qtranxs-available-languages-message qtranxs-available-languages-message-en\">Sorry, this entry is only available in <a href=\"https:\/\/www.enerjigazetesi.ist\/tr\/wp-json\/wp\/v2\/posts\/7444\" class=\"qtranxs-available-language-link qtranxs-available-language-link-tr\" title=\"Turkish\">Turkish<\/a>. For the sake of viewer convenience, the content is shown below in the alternative language. You may click the link to switch the active language.<\/p><p><\/p>\n<h2>Kentsel d\u00f6n\u00fc\u015f\u00fcm ye\u015fil semtler olu\u015fturmak i\u00e7in de bir f\u0131rsat!<\/h2>\n<p><strong>Su y\u00f6netiminde d\u00fcnya lideri olan ACO&#8217;nun T\u00fcrkiye Genel M\u00fcd\u00fcr\u00fc Ender \u00d6zatay, kentsel d\u00f6n\u00fc\u015f\u00fcm\u00fcn ye\u015fil semtler olu\u015fturmak i\u00e7in f\u0131rsat oldu\u011funu s\u00f6yleyerek, &#8220;\u00c7\u00fcnk\u00fc LEED konsepti sadece binalar ile s\u0131n\u0131rl\u0131 de\u011fil. \u0130stanbul&#8217;da yeni olu\u015fturulan veya kentsel d\u00f6n\u00fc\u015f\u00fcme tabi semtler LEED kriterlerine uygun \u015fekilde tasarlanabilir ve ye\u015fil binalar\u0131n de\u011feri daha da artabilir&#8221; dedi. Su y\u00f6netimi ve su d\u00f6ng\u00fcs\u00fc kontrol\u00fcn\u00fcn LEED kapsam\u0131ndaki ba\u015fl\u0131klardan biri oldu\u011funa dikkat \u00e7eken \u00d6zatay, &#8220;Ye\u015fil binalar\u0131n yeni yap\u0131larda i\u015fletme maliyeti %13.6 daha d\u00fc\u015f\u00fckt\u00fcr. Eski binalarda yap\u0131lan LEED uygulamalar\u0131nda ise bu rakam %8.5&#8217;tir. Bu ayn\u0131 zamanda binalar\u0131n de\u011ferlerini de %10 oran\u0131nda artt\u0131r\u0131r&#8221; diye konu\u015ftu.<\/strong><\/p>\n<p>Su y\u00f6netiminde d\u00fcnya lideri olan ACO&#8217;nun T\u00fcrkiye Genel M\u00fcd\u00fcr\u00fc Ender \u00d6zatay, kentsel d\u00f6n\u00fc\u015f\u00fcm\u00fcn ye\u015fil semtler olu\u015fturmak i\u00e7in f\u0131rsat oldu\u011funu s\u00f6yledi. Ye\u015fil binalar\u0131n \u00f6neminin giderek artt\u0131\u011f\u0131n\u0131 ifade eden \u00d6zatay, &#8220;Yeni yap\u0131lan binalarda LEED akreditasyonunun \u00f6nemi ve pop\u00fclaritesi her ge\u00e7en g\u00fcn art\u0131yor. Asl\u0131nda son y\u0131llarda g\u00fcndemde olan kentsel d\u00f6n\u00fc\u015f\u00fcm de ye\u015fil semtler olu\u015fturmak i\u00e7in bir f\u0131rsat. \u00c7\u00fcnk\u00fc LEED konsepti sadece binalarla s\u0131n\u0131rl\u0131 de\u011fil. Yeni olu\u015fturulan ve kentsel d\u00f6n\u00fc\u015f\u00fcme tabi semtler LEED kriterlerine uygun \u015fekilde tasarlanabilir, ye\u015fil binalar\u0131n de\u011feri daha da artabilir&#8221; dedi. <strong> <\/strong><\/p>\n<p><img loading=\"lazy\" class=\"alignleft size-medium wp-image-7445\" title=\"istanbul-yesil-e-burunecek-4371709_4594_o\" src=\"https:\/\/www.enerjigazetesi.ist\/wp-content\/uploads\/2013\/02\/istanbul-yesil-e-burunecek-4371709_4594_o-300x231.jpg\" alt=\"\" width=\"300\" height=\"231\" srcset=\"https:\/\/www.enerjigazetesi.ist\/wp-content\/uploads\/2013\/02\/istanbul-yesil-e-burunecek-4371709_4594_o-300x231.jpg 300w, https:\/\/www.enerjigazetesi.ist\/wp-content\/uploads\/2013\/02\/istanbul-yesil-e-burunecek-4371709_4594_o-64x50.jpg 64w, https:\/\/www.enerjigazetesi.ist\/wp-content\/uploads\/2013\/02\/istanbul-yesil-e-burunecek-4371709_4594_o.jpg 400w\" sizes=\"(max-width: 300px) 100vw, 300px\" \/><strong>LEED UYGULAMALARI B\u0130NALARIN DE\u011eER\u0130N\u0130 %10 ARTIRIYOR<\/strong><\/p>\n<p><strong>\u00a0<\/strong> Ye\u015fil binalar konusunda d\u00fcnyada resmi kurumlar\u0131n \u00f6nc\u00fc oldu\u011funu dile getiren Ender \u00d6zatay, &#8220;LEED projelerinin %30&#8217;u ya bir devlet kurumunundur ya da devlet kurumlar\u0131 taraf\u0131ndan kullan\u0131l\u0131yordur.Ye\u015fil binalar\u0131n yeni yap\u0131larda i\u015fletme maliyeti %13.6 daha d\u00fc\u015f\u00fckt\u00fcr. Eski binalarda yap\u0131lan LEED uygulamalar\u0131nda ise bu rakam %8.5&#8217;tir. Bu ayn\u0131 zamanda binalar\u0131n de\u011ferlerini de %10 oran\u0131nda artt\u0131r\u0131r&#8221; diye konu\u015ftu.<\/p>\n<p><strong>3 YILDA 5,5 M\u0130LYON L\u0130TRE YA\u011eIN DO\u011eAYA KARI\u015eMASINI ENGELLED\u0130K<\/strong><\/p>\n<p>Su y\u00f6netimi ve su d\u00f6ng\u00fcs\u00fc kontrol\u00fcn\u00fcn LEED kapsam\u0131ndaki ba\u015fl\u0131klardan biri oldu\u011funa dikkat \u00e7eken \u00d6zatay, &#8220;T\u00fcrkiye&#8217;deki LEED sertifikal\u0131 yap\u0131 say\u0131s\u0131 hen\u00fcz az olmas\u0131na kar\u015f\u0131n gelecekte devletin deste\u011fi ve artan bilin\u00e7le ye\u015fil binalar \u00e7o\u011falacak. Do\u011fru su y\u00f6netiminin sadece ye\u015fil binalarda de\u011fil b\u00fct\u00fcn yap\u0131larda yap\u0131lmas\u0131 i\u015fletme maliyetlerini d\u00fc\u015f\u00fcrece\u011fi gibi \u00e7evrenin korunmas\u0131n\u0131 da katk\u0131s\u0131 b\u00fcy\u00fck olacakt\u0131r&#8221; ifadesini kulland\u0131.<\/p>\n<p>ACO olarak T\u00fcrkiye&#8217;de son 3 y\u0131lda 5,5 milyon litre at\u0131k ya\u011f\u0131n do\u011faya kar\u0131\u015fmas\u0131n\u0131 engelleyerek \u00e7evrenin korunmas\u0131na b\u00fcy\u00fck katk\u0131da bulunduklar\u0131ndan bahseden Ender \u00d6zatay, \u015funlar\u0131 s\u00f6yledi: &#8220;Bizler at\u0131k ya\u011flar\u0131n toplanmas\u0131n\u0131 ve geri kazan\u0131lmas\u0131n\u0131, sadece ye\u015fil binalar i\u00e7in de\u011fil ulusal bir sorumluluk projesi olarak g\u00f6rmekteyiz. T\u00fcrkiye&#8217;de her y\u0131l yakla\u015f\u0131k 1,5 milyon ton s\u0131v\u0131 ya\u011f t\u00fcketiliyor. Bu ya\u011f\u0131n \u00fcretimi s\u00fcrecinde ve t\u00fcketimi sonucunda 350 bin ton kadar at\u0131k ya\u011f olu\u015fuyor. Ar\u0131t\u0131lmayan at\u0131k sular\u0131n i\u00e7indeki bitkisel ve hayvansal ya\u011flar; denizlere, g\u00f6llere ve akarsulara d\u00f6k\u00fcld\u00fc\u011f\u00fc zaman ortamdaki canl\u0131lar \u00fczerinde b\u00fcy\u00fck tahribata yol a\u00e7\u0131yor.1 litre at\u0131k ya\u011f 1 milyon m3 suyu kullan\u0131lamaz hale getiriyor.&#8221;<\/p>\n<p><strong>350 B\u0130N TON ATIK YA\u011eIN %1&#8217;\u0130 B\u0130LE TOPLANMIYOR!<\/strong><\/p>\n<p>ACO T\u00fcrkiye Genel M\u00fcd\u00fcr\u00fc Ender \u00d6zatay, s\u00f6zlerini \u015f\u00f6yle s\u00fcrd\u00fcrd\u00fc: &#8220;Kullan\u0131lm\u0131\u015f bitkisel at\u0131k ya\u011flar, evsel at\u0131k su kirlili\u011finin %25&#8217;ini olu\u015fturuyor. \u00c7evre ve Orman Bakanl\u0131\u011f\u0131m\u0131z\u0131n verilerine g\u00f6re toplanmas\u0131 gereken 350 bin ton ya\u011f\u0131n lisansl\u0131 toplay\u0131c\u0131larla % 1&#8217;i bile toplanamamaktad\u0131r.ABD&#8217;de yap\u0131lan bir ara\u015ft\u0131rmaya g\u00f6re lavaboya d\u00f6k\u00fclen at\u0131k ya\u011flar\u0131n kanalizasyon sistemlerinin %40 oran\u0131nda t\u0131kanmas\u0131na sebep oldu\u011fu bildirilmi\u015ftir.Ayr\u0131ca <strong>at\u0131k ya\u011flar<\/strong> ar\u0131tma maliyetini artt\u0131rmakta ve <strong>ar\u0131tma tesislerini \u00e7al\u0131\u015famaz<\/strong> hale getirmektedir. Avrupa&#8217;da yap\u0131lan bir ara\u015ft\u0131rmaya g\u00f6re lavaboya d\u00f6k\u00fclen <strong>1 litre<\/strong> kullan\u0131lm\u0131\u015f k\u0131zartmal\u0131k ya\u011f, ar\u0131tma tesisinde <strong>0,44 Euro<\/strong> ilave maliyet olu\u015fturmaktad\u0131r.&#8221;<\/p>\n<p>Kaynak: <a href=\"http:\/\/www.haberler.com\/istanbul-yesil-e-burunecek-4371709-haberi\/\" target=\"_blank\">Haberler<\/a><\/p>","protected":false},"excerpt":{"rendered":"<p>Sorry, this entry is only available in Turkish. For the sake of viewer convenience, the content is shown below in the alternative language. You may click the link to switch the active language. Kentsel d\u00f6n\u00fc\u015f\u00fcm ye\u015fil semtler olu\u015fturmak i\u00e7in de bir f\u0131rsat! Su y\u00f6netiminde d\u00fcnya lideri olan ACO&#8217;nun T\u00fcrkiye Genel M\u00fcd\u00fcr\u00fc Ender \u00d6zatay, kentsel d\u00f6n\u00fc\u015f\u00fcm\u00fcn [&hellip;]<\/p>\n","protected":false},"author":1,"featured_media":7445,"comment_status":"open","ping_status":"open","sticky":false,"template":"","format":"standard","meta":[],"categories":[53,52],"tags":[2980,2984,2985,2982,67,12,2981,593,790,684,2983,2979,55],"views":731,"_links":{"self":[{"href":"https:\/\/www.enerjigazetesi.ist\/en\/wp-json\/wp\/v2\/posts\/7444"}],"collection":[{"href":"https:\/\/www.enerjigazetesi.ist\/en\/wp-json\/wp\/v2\/posts"}],"about":[{"href":"https:\/\/www.enerjigazetesi.ist\/en\/wp-json\/wp\/v2\/types\/post"}],"author":[{"embeddable":true,"href":"https:\/\/www.enerjigazetesi.ist\/en\/wp-json\/wp\/v2\/users\/1"}],"replies":[{"embeddable":true,"href":"https:\/\/www.enerjigazetesi.ist\/en\/wp-json\/wp\/v2\/comments?post=7444"}],"version-history":[{"count":3,"href":"https:\/\/www.enerjigazetesi.ist\/en\/wp-json\/wp\/v2\/posts\/7444\/revisions"}],"predecessor-version":[{"id":7447,"href":"https:\/\/www.enerjigazetesi.ist\/en\/wp-json\/wp\/v2\/posts\/7444\/revisions\/7447"}],"wp:featuredmedia":[{"embeddable":true,"href":"https:\/\/www.enerjigazetesi.ist\/en\/wp-json\/wp\/v2\/media\/7445"}],"wp:attachment":[{"href":"https:\/\/www.enerjigazetesi.ist\/en\/wp-json\/wp\/v2\/media?parent=7444"}],"wp:term":[{"taxonomy":"category","embeddable":true,"href":"https:\/\/www.enerjigazetesi.ist\/en\/wp-json\/wp\/v2\/categories?post=7444"},{"taxonomy":"post_tag","embeddable":true,"href":"https:\/\/www.enerjigazetesi.ist\/en\/wp-json\/wp\/v2\/tags?post=7444"}],"curies":[{"name":"wp","href":"https:\/\/api.w.org\/{rel}","templated":true}]}}