{"id":74436,"date":"2018-05-20T12:42:42","date_gmt":"2018-05-20T09:42:42","guid":{"rendered":"https:\/\/www.enerjigazetesi.ist\/?p=74436"},"modified":"2018-05-20T12:43:02","modified_gmt":"2018-05-20T09:43:02","slug":"ruzgar-enerjisinin-bir-zamani-var-mi","status":"publish","type":"post","link":"https:\/\/www.enerjigazetesi.ist\/en\/ruzgar-enerjisinin-bir-zamani-var-mi\/","title":{"rendered":"(Turkish) R\u00fczgar Enerjisinin Bir Zaman\u0131 Var m\u0131?"},"content":{"rendered":"<p class=\"qtranxs-available-languages-message qtranxs-available-languages-message-en\">Sorry, this entry is only available in <a href=\"https:\/\/www.enerjigazetesi.ist\/tr\/wp-json\/wp\/v2\/posts\/74436\" class=\"qtranxs-available-language-link qtranxs-available-language-link-tr\" title=\"Turkish\">Turkish<\/a>. For the sake of viewer convenience, the content is shown below in the alternative language. You may click the link to switch the active language.<\/p><p><strong>R\u00fczgar \u00fcretiminde bir s\u00fcredir, \u00f6zellikle hafta sonlar\u0131nda, y\u00fcksek \u00fcretim rakamlar\u0131 (oranlar\u0131 de\u011fil) g\u00f6zlemlenmi\u015ftir. Bu rakamlar\u0131n neden hafta sonuna denk geldi\u011fi veya bunun bir yan\u0131lsama olup olmad\u0131\u011f\u0131 anla\u015f\u0131lmaya \u00e7al\u0131\u015f\u0131l\u0131rken American Geophysical Union\u2019da yay\u0131nlanan\u00a0<a href=\"http:\/\/meto.umd.edu\/~zli\/PDF_papers\/Yang_et_al-2016-GRL.pdf\">bir bilimsel makalede<\/a>, \u00c7in\u2019deki f\u0131rt\u0131nalar\u0131n ayr\u0131k haftal\u0131k d\u00f6ng\u00fcleri ve bunlar\u0131n aerosol tipleri ile potansiyel ba\u011flant\u0131lar\u0131 anlat\u0131lmaktayd\u0131. <\/strong><\/p>\n<p>Makalede, Cuma\u2019dan Sal\u0131\u2019ya f\u0131rt\u0131nalar\u0131n belirli b\u00f6lgelerde art\u0131\u015f\u0131na da de\u011finiliyor. Daha \u00e7ok kirlilik olarak g\u00f6z\u00fcken bu aerosollerin etkileri farkl\u0131 olabiliyor. Mesela, daha fazla so\u011fumaya sebep <img loading=\"lazy\" class=\"alignright size-full wp-image-74437\" src=\"https:\/\/www.enerjigazetesi.ist\/wp-content\/uploads\/2018\/05\/ruzgarin-bir-zamani-var-mi.jpg\" alt=\"\" width=\"297\" height=\"186\" srcset=\"https:\/\/www.enerjigazetesi.ist\/wp-content\/uploads\/2018\/05\/ruzgarin-bir-zamani-var-mi.jpg 297w, https:\/\/www.enerjigazetesi.ist\/wp-content\/uploads\/2018\/05\/ruzgarin-bir-zamani-var-mi-80x50.jpg 80w\" sizes=\"(max-width: 297px) 100vw, 297px\" \/>olabiliyorlar. Di\u011fer taraftan \u00f6zellikle k\u0131\u015f\u0131n belirli d\u00f6nemlerinde \u0130zmir gibi kentte b\u00fcy\u00fck bir \u0131s\u0131 t\u00fcketiliyor. Acaba t\u00fcm bu fakt\u00f6rler r\u00fczgar \u00fcretiminde tekrarlanan bir anomali olu\u015fturuyor mu?<\/p>\n<p>R\u00fczgar \u00fcretimi end\u00fcstriyel toplumun etkilerinden etkileniyor mu? San\u0131r\u0131m bu basit ara\u015ft\u0131rma ile cevap vermemiz zor ama b\u00f6yle bir hipotezi reddetmek de zor. Bir standart sapmada, Per\u015fembe-Cuma-Cumartesi\u2019de Sal\u0131 ve \u00c7ar\u015famba\u2019ya g\u00f6re anomali iki misli. G\u00fcn i\u00e7inde anomalilerin \u00f6nemli k\u0131sm\u0131 saat 18:00 sonras\u0131, g\u00fcne\u015fin muhtemelen bat\u0131\u015f\u0131ndan sonra ger\u00e7ekle\u015fiyor. Fakat kafa kar\u0131\u015ft\u0131ran konu hala masada, neden hafta i\u00e7i g\u00fcnler daha sakin g\u00f6r\u00fcn\u00fcyor. Daha fazla veri ve model olmadan daha ileri gitmemiz zor&#8230;<\/p>\n<p>Yaz\u0131n\u0131n <a href=\"http:\/\/www.dunyaenerji.org.tr\/ruzgarin-zamani-var-mi\/\">Devam\u0131 \u0130\u00e7in TIKLAYINIZ &gt;&gt;&gt;<\/a><\/p>","protected":false},"excerpt":{"rendered":"<p>Sorry, this entry is only available in Turkish. For the sake of viewer convenience, the content is shown below in the alternative language. You may click the link to switch the active language.R\u00fczgar \u00fcretiminde bir s\u00fcredir, \u00f6zellikle hafta sonlar\u0131nda, y\u00fcksek \u00fcretim rakamlar\u0131 (oranlar\u0131 de\u011fil) g\u00f6zlemlenmi\u015ftir. Bu rakamlar\u0131n neden hafta sonuna denk geldi\u011fi veya bunun bir [&hellip;]<\/p>\n","protected":false},"author":1,"featured_media":74437,"comment_status":"open","ping_status":"open","sticky":false,"template":"","format":"standard","meta":[],"categories":[53,50],"tags":[67,1009,474,24949,231,35035,37720],"views":766,"_links":{"self":[{"href":"https:\/\/www.enerjigazetesi.ist\/en\/wp-json\/wp\/v2\/posts\/74436"}],"collection":[{"href":"https:\/\/www.enerjigazetesi.ist\/en\/wp-json\/wp\/v2\/posts"}],"about":[{"href":"https:\/\/www.enerjigazetesi.ist\/en\/wp-json\/wp\/v2\/types\/post"}],"author":[{"embeddable":true,"href":"https:\/\/www.enerjigazetesi.ist\/en\/wp-json\/wp\/v2\/users\/1"}],"replies":[{"embeddable":true,"href":"https:\/\/www.enerjigazetesi.ist\/en\/wp-json\/wp\/v2\/comments?post=74436"}],"version-history":[{"count":2,"href":"https:\/\/www.enerjigazetesi.ist\/en\/wp-json\/wp\/v2\/posts\/74436\/revisions"}],"predecessor-version":[{"id":74439,"href":"https:\/\/www.enerjigazetesi.ist\/en\/wp-json\/wp\/v2\/posts\/74436\/revisions\/74439"}],"wp:featuredmedia":[{"embeddable":true,"href":"https:\/\/www.enerjigazetesi.ist\/en\/wp-json\/wp\/v2\/media\/74437"}],"wp:attachment":[{"href":"https:\/\/www.enerjigazetesi.ist\/en\/wp-json\/wp\/v2\/media?parent=74436"}],"wp:term":[{"taxonomy":"category","embeddable":true,"href":"https:\/\/www.enerjigazetesi.ist\/en\/wp-json\/wp\/v2\/categories?post=74436"},{"taxonomy":"post_tag","embeddable":true,"href":"https:\/\/www.enerjigazetesi.ist\/en\/wp-json\/wp\/v2\/tags?post=74436"}],"curies":[{"name":"wp","href":"https:\/\/api.w.org\/{rel}","templated":true}]}}