{"id":74433,"date":"2018-05-20T12:31:58","date_gmt":"2018-05-20T09:31:58","guid":{"rendered":"https:\/\/www.enerjigazetesi.ist\/?p=74433"},"modified":"2018-05-20T12:32:30","modified_gmt":"2018-05-20T09:32:30","slug":"gunes-enerjisi-uretimindeki-dengesizlikler-uzerine","status":"publish","type":"post","link":"https:\/\/www.enerjigazetesi.ist\/en\/gunes-enerjisi-uretimindeki-dengesizlikler-uzerine\/","title":{"rendered":"(Turkish) G\u00fcne\u015f Enerjisi \u00dcretimindeki Dengesizlikler \u00dczerine&#8230;"},"content":{"rendered":"<p class=\"qtranxs-available-languages-message qtranxs-available-languages-message-en\">Sorry, this entry is only available in <a href=\"https:\/\/www.enerjigazetesi.ist\/tr\/wp-json\/wp\/v2\/posts\/74433\" class=\"qtranxs-available-language-link qtranxs-available-language-link-tr\" title=\"Turkish\">Turkish<\/a>. For the sake of viewer convenience, the content is shown below in the alternative language. You may click the link to switch the active language.<\/p><p><strong>Yenilenebilir enerji konusunda iyimser grupta bulunan Bloomberg New Energy Finance\u2019in CEO\u2019su\u00a0<a href=\"https:\/\/www.freeingenergy.com\/bloomberg-new-energy-finance-founder-and-chairman-michael-liebreich-shares-his-views-on-nuclear-solar-and-the-politics-of-energy\/\">Micheal Liebreich<\/a>\u00a0\u201cEn s\u00fcper ucuz piller ile bile, \u015fu anda d\u00fcnyay\u0131 %100 g\u00fcne\u015fle \u00e7al\u0131\u015ft\u0131ramay\u0131z\u201d\u00a0 a\u00e7\u0131klamas\u0131n\u0131n ard\u0131ndan, \u015fimdi de kuzey yar\u0131mk\u00fcrenin \u00f6nemli k\u0131sm\u0131nda k\u0131\u015f\u0131n o kadar g\u00fcne\u015f \u0131\u015f\u0131\u011f\u0131 olmad\u0131\u011f\u0131 iddias\u0131nda bulundu.<\/strong><\/p>\n<p><img loading=\"lazy\" class=\"alignleft wp-image-64757 size-medium\" src=\"https:\/\/www.enerjigazetesi.ist\/wp-content\/uploads\/2017\/06\/cataklidan-santrallere-what-peak-ile-bakim-onarim-ve-servis-hizmeti-300x200.jpg\" alt=\"gunes-enerjisi-uretimindeki-dengesizlikler\" width=\"300\" height=\"200\" srcset=\"https:\/\/www.enerjigazetesi.ist\/wp-content\/uploads\/2017\/06\/cataklidan-santrallere-what-peak-ile-bakim-onarim-ve-servis-hizmeti-300x200.jpg 300w, https:\/\/www.enerjigazetesi.ist\/wp-content\/uploads\/2017\/06\/cataklidan-santrallere-what-peak-ile-bakim-onarim-ve-servis-hizmeti-74x50.jpg 74w, https:\/\/www.enerjigazetesi.ist\/wp-content\/uploads\/2017\/06\/cataklidan-santrallere-what-peak-ile-bakim-onarim-ve-servis-hizmeti.jpg 424w\" sizes=\"(max-width: 300px) 100vw, 300px\" \/>Yay\u0131mlanan Q raporunda, T\u00fcrkiye \u00f6zelinde ayl\u0131k elektrik talepleri ile g\u00fcne\u015f \u00fcretimi nas\u0131l bir ili\u015fki i\u00e7indedir, t\u00fcm enerjimizi g\u00fcne\u015ften kar\u015f\u0131lamak i\u00e7in ne kadar g\u00fcne\u015f kurulu g\u00fcc\u00fcne ihtiya\u00e7 duyar\u0131z ve bunun mevsimsel dengesizli\u011fi ne kadard\u0131r gibi temel sorulara cevap aranmaktad\u0131r.<\/p>\n<p>G\u00fcne\u015fin sistemdeki optimum oran\u0131 ne olmal\u0131? Bu soruya cevap vermek i\u00e7in daha \u00e7ok sorunun cevaplanmas\u0131 gerekecektir. G\u00fcne\u015fin k\u0131\u015f ve yaz \u00fcretimindeki dengesizli\u011finin T\u00fcrkiye elektrik piyasas\u0131n\u0131 da asimetrik etkileyece\u011fi a\u015fikard\u0131r. T\u00fcm kurulu g\u00fcc\u00fcn g\u00fcne\u015ften kar\u015f\u0131lanmas\u0131 \u015fimdilik zor oldu\u011fu gibi, yat\u0131r\u0131m, sistem y\u00f6netimi ve getirece\u011fi depolama maliyetleri de do\u011fal bir limit olarak kar\u015f\u0131m\u0131za \u00e7\u0131kmaktad\u0131r. Muhtemelen g\u00fcne\u015fin pay\u0131 artt\u0131k\u00e7a sisteme katt\u0131\u011f\u0131 katma de\u011fer d\u00fc\u015ferken, fosil yak\u0131tlar\u0131n da de\u011ferini artt\u0131racakt\u0131r&#8230;<\/p>\n<p>Yaz\u0131n\u0131n <a href=\"http:\/\/www.dunyaenerji.org.tr\/gunes-uretimindeki-dengesizlik\/\">Devam\u0131 \u0130\u00e7in TIKLAYINIZ&gt;&gt;&gt;<\/a><\/p>","protected":false},"excerpt":{"rendered":"<p>Sorry, this entry is only available in Turkish. For the sake of viewer convenience, the content is shown below in the alternative language. You may click the link to switch the active language.Yenilenebilir enerji konusunda iyimser grupta bulunan Bloomberg New Energy Finance\u2019in CEO\u2019su\u00a0Micheal Liebreich\u00a0\u201cEn s\u00fcper ucuz piller ile bile, \u015fu anda d\u00fcnyay\u0131 %100 g\u00fcne\u015fle \u00e7al\u0131\u015ft\u0131ramay\u0131z\u201d\u00a0 [&hellip;]<\/p>\n","protected":false},"author":1,"featured_media":64757,"comment_status":"open","ping_status":"open","sticky":false,"template":"","format":"standard","meta":[],"categories":[53,49],"tags":[67,1009,2326,23416,2569,23131,26829],"views":715,"_links":{"self":[{"href":"https:\/\/www.enerjigazetesi.ist\/en\/wp-json\/wp\/v2\/posts\/74433"}],"collection":[{"href":"https:\/\/www.enerjigazetesi.ist\/en\/wp-json\/wp\/v2\/posts"}],"about":[{"href":"https:\/\/www.enerjigazetesi.ist\/en\/wp-json\/wp\/v2\/types\/post"}],"author":[{"embeddable":true,"href":"https:\/\/www.enerjigazetesi.ist\/en\/wp-json\/wp\/v2\/users\/1"}],"replies":[{"embeddable":true,"href":"https:\/\/www.enerjigazetesi.ist\/en\/wp-json\/wp\/v2\/comments?post=74433"}],"version-history":[{"count":2,"href":"https:\/\/www.enerjigazetesi.ist\/en\/wp-json\/wp\/v2\/posts\/74433\/revisions"}],"predecessor-version":[{"id":74435,"href":"https:\/\/www.enerjigazetesi.ist\/en\/wp-json\/wp\/v2\/posts\/74433\/revisions\/74435"}],"wp:featuredmedia":[{"embeddable":true,"href":"https:\/\/www.enerjigazetesi.ist\/en\/wp-json\/wp\/v2\/media\/64757"}],"wp:attachment":[{"href":"https:\/\/www.enerjigazetesi.ist\/en\/wp-json\/wp\/v2\/media?parent=74433"}],"wp:term":[{"taxonomy":"category","embeddable":true,"href":"https:\/\/www.enerjigazetesi.ist\/en\/wp-json\/wp\/v2\/categories?post=74433"},{"taxonomy":"post_tag","embeddable":true,"href":"https:\/\/www.enerjigazetesi.ist\/en\/wp-json\/wp\/v2\/tags?post=74433"}],"curies":[{"name":"wp","href":"https:\/\/api.w.org\/{rel}","templated":true}]}}