{"id":74431,"date":"2018-05-20T12:20:12","date_gmt":"2018-05-20T09:20:12","guid":{"rendered":"https:\/\/www.enerjigazetesi.ist\/?p=74431"},"modified":"2018-05-20T12:20:12","modified_gmt":"2018-05-20T09:20:12","slug":"gunes-cati-uygulamalari-dek-atolye-calismalarinda-masaya-yatirildi","status":"publish","type":"post","link":"https:\/\/www.enerjigazetesi.ist\/en\/gunes-cati-uygulamalari-dek-atolye-calismalarinda-masaya-yatirildi\/","title":{"rendered":"(Turkish) G\u00fcne\u015f \u00c7at\u0131 Uygulamalar\u0131 &#8216;DEK At\u00f6lye&#8217; \u00c7al\u0131\u015fmalar\u0131nda Masaya Yat\u0131r\u0131ld\u0131"},"content":{"rendered":"<p class=\"qtranxs-available-languages-message qtranxs-available-languages-message-en\">Sorry, this entry is only available in <a href=\"https:\/\/www.enerjigazetesi.ist\/tr\/wp-json\/wp\/v2\/posts\/74431\" class=\"qtranxs-available-language-link qtranxs-available-language-link-tr\" title=\"Turkish\">Turkish<\/a>. For the sake of viewer convenience, the content is shown below in the alternative language. You may click the link to switch the active language.<\/p><p><strong><img loading=\"lazy\" class=\"size-medium wp-image-51034 alignleft\" src=\"https:\/\/www.enerjigazetesi.ist\/wp-content\/uploads\/2016\/02\/gunder-dogru-gunes-ureticileri-korunmali-300x233.jpg\" alt=\"\" width=\"300\" height=\"233\" srcset=\"https:\/\/www.enerjigazetesi.ist\/wp-content\/uploads\/2016\/02\/gunder-dogru-gunes-ureticileri-korunmali-300x233.jpg 300w, https:\/\/www.enerjigazetesi.ist\/wp-content\/uploads\/2016\/02\/gunder-dogru-gunes-ureticileri-korunmali-64x50.jpg 64w, https:\/\/www.enerjigazetesi.ist\/wp-content\/uploads\/2016\/02\/gunder-dogru-gunes-ureticileri-korunmali.jpg 431w\" sizes=\"(max-width: 300px) 100vw, 300px\" \/>DEK At\u00f6lye \u00e7al\u0131\u015fmas\u0131nda Mart ay\u0131n\u0131n son haftas\u0131 G\u00dcNDER Ba\u015fkan Yard\u0131mc\u0131s\u0131 Mehmet \u0130zzet \u00d6ZAYDIN ile Genel Sekreter Faruk TELEMC\u0130O\u011eLU konuk oldular.<\/strong><\/p>\n<p>E\u011fitimde G\u00dcNDER projelerini ve fotovoltaik panellere ili\u015fkin se\u00e7im kriterleri \u00fczerine teknik konu\u015fmalar yap\u0131ld\u0131.<a href=\"http:\/\/www.dunyaenerji.org.tr\/wp-content\/uploads\/2018\/04\/FotovoltaikPanelSecimi1.pdf\" target=\"_blank\" rel=\"noopener\"><br \/>\n<\/a><\/p>\n<p>Fotovoltaik Panel Se\u00e7imi Sunumu i\u00e7in<a href=\"http:\/\/www.dunyaenerji.org.tr\/wp-content\/uploads\/2018\/04\/FotovoltaikPanelSecimi1.pdf\" target=\"_blank\" rel=\"noopener\">\u00a0t\u0131klay\u0131n &gt;&gt;&gt;<\/a><\/p>\n<p>G\u00fcne\u015f \u00c7at\u0131 Uygulamalar\u0131 Sunumu i\u00e7in<a href=\"http:\/\/www.dunyaenerji.org.tr\/wp-content\/uploads\/2018\/04\/FTelemciogluSunum1.pdf\" target=\"_blank\" rel=\"noopener\">\u00a0t\u0131klay\u0131n &gt;&gt;&gt;<\/a><\/p>","protected":false},"excerpt":{"rendered":"<p>Sorry, this entry is only available in Turkish. For the sake of viewer convenience, the content is shown below in the alternative language. You may click the link to switch the active language.DEK At\u00f6lye \u00e7al\u0131\u015fmas\u0131nda Mart ay\u0131n\u0131n son haftas\u0131 G\u00dcNDER Ba\u015fkan Yard\u0131mc\u0131s\u0131 Mehmet \u0130zzet \u00d6ZAYDIN ile Genel Sekreter Faruk TELEMC\u0130O\u011eLU konuk oldular. E\u011fitimde G\u00dcNDER projelerini [&hellip;]<\/p>\n","protected":false},"author":1,"featured_media":51034,"comment_status":"open","ping_status":"open","sticky":false,"template":"","format":"standard","meta":[],"categories":[53,49],"tags":[37718,67,1009,24182,37717,23416,23133,23131,37719],"views":1188,"_links":{"self":[{"href":"https:\/\/www.enerjigazetesi.ist\/en\/wp-json\/wp\/v2\/posts\/74431"}],"collection":[{"href":"https:\/\/www.enerjigazetesi.ist\/en\/wp-json\/wp\/v2\/posts"}],"about":[{"href":"https:\/\/www.enerjigazetesi.ist\/en\/wp-json\/wp\/v2\/types\/post"}],"author":[{"embeddable":true,"href":"https:\/\/www.enerjigazetesi.ist\/en\/wp-json\/wp\/v2\/users\/1"}],"replies":[{"embeddable":true,"href":"https:\/\/www.enerjigazetesi.ist\/en\/wp-json\/wp\/v2\/comments?post=74431"}],"version-history":[{"count":1,"href":"https:\/\/www.enerjigazetesi.ist\/en\/wp-json\/wp\/v2\/posts\/74431\/revisions"}],"predecessor-version":[{"id":74432,"href":"https:\/\/www.enerjigazetesi.ist\/en\/wp-json\/wp\/v2\/posts\/74431\/revisions\/74432"}],"wp:featuredmedia":[{"embeddable":true,"href":"https:\/\/www.enerjigazetesi.ist\/en\/wp-json\/wp\/v2\/media\/51034"}],"wp:attachment":[{"href":"https:\/\/www.enerjigazetesi.ist\/en\/wp-json\/wp\/v2\/media?parent=74431"}],"wp:term":[{"taxonomy":"category","embeddable":true,"href":"https:\/\/www.enerjigazetesi.ist\/en\/wp-json\/wp\/v2\/categories?post=74431"},{"taxonomy":"post_tag","embeddable":true,"href":"https:\/\/www.enerjigazetesi.ist\/en\/wp-json\/wp\/v2\/tags?post=74431"}],"curies":[{"name":"wp","href":"https:\/\/api.w.org\/{rel}","templated":true}]}}