{"id":74428,"date":"2018-05-20T12:10:36","date_gmt":"2018-05-20T09:10:36","guid":{"rendered":"https:\/\/www.enerjigazetesi.ist\/?p=74428"},"modified":"2018-05-20T12:10:36","modified_gmt":"2018-05-20T09:10:36","slug":"milli-komite-ve-shell-isbirligi-ile-2-nci-dek-konusmalari-duzenlendi","status":"publish","type":"post","link":"https:\/\/www.enerjigazetesi.ist\/en\/milli-komite-ve-shell-isbirligi-ile-2-nci-dek-konusmalari-duzenlendi\/","title":{"rendered":"(Turkish) Milli Komite ve Shell \u0130\u015fbirli\u011fi \u0130le 2.nci &#8216;DEK Konu\u015fmalar\u0131&#8217; D\u00fczenlendi"},"content":{"rendered":"<p class=\"qtranxs-available-languages-message qtranxs-available-languages-message-en\">Sorry, this entry is only available in <a href=\"https:\/\/www.enerjigazetesi.ist\/tr\/wp-json\/wp\/v2\/posts\/74428\" class=\"qtranxs-available-language-link qtranxs-available-language-link-tr\" title=\"Turkish\">Turkish<\/a>. For the sake of viewer convenience, the content is shown below in the alternative language. You may click the link to switch the active language.<\/p><p><strong>Milli Komite ve Shell i\u015f birli\u011fi ile ikincisini d\u00fczenlenen\u00a0<em>DEK Konu\u015fmalar\u0131<\/em>\u2019nda Shell Gaz ve Yeni Enerjiler D\u0131\u015f \u0130li\u015fkilerden Sorumlu Ba\u015fkan Yard\u0131mc\u0131s\u0131 Nebahat ALBAYRAK konuk oldu.<\/strong><\/p>\n<p>Program, s\u0131ras\u0131yla Y\u00f6netim Kurulu Ba\u015fkan\u0131m\u0131z Alparslan BAYRAKTAR, Shell T\u00fcrkiye \u00dclke Ba\u015fkan\u0131 Ahmet ERDEM ve Enerji ve Tabii Kaynaklar Bakanl\u0131\u011f\u0131 M\u00fcste\u015far\u0131 Fatih D\u00d6NMEZ\u2019in a\u00e7\u0131l\u0131\u015f konu\u015fmalar\u0131 <img loading=\"lazy\" class=\"alignleft size-medium wp-image-74429\" src=\"https:\/\/www.enerjigazetesi.ist\/wp-content\/uploads\/2018\/05\/milli-komite-ve-shell-isbirligi-ile-2-nci-dek-konusmalari-duzenlendi-300x200.jpg\" alt=\"\" width=\"300\" height=\"200\" srcset=\"https:\/\/www.enerjigazetesi.ist\/wp-content\/uploads\/2018\/05\/milli-komite-ve-shell-isbirligi-ile-2-nci-dek-konusmalari-duzenlendi-300x200.jpg 300w, https:\/\/www.enerjigazetesi.ist\/wp-content\/uploads\/2018\/05\/milli-komite-ve-shell-isbirligi-ile-2-nci-dek-konusmalari-duzenlendi-768x512.jpg 768w, https:\/\/www.enerjigazetesi.ist\/wp-content\/uploads\/2018\/05\/milli-komite-ve-shell-isbirligi-ile-2-nci-dek-konusmalari-duzenlendi-1024x683.jpg 1024w, https:\/\/www.enerjigazetesi.ist\/wp-content\/uploads\/2018\/05\/milli-komite-ve-shell-isbirligi-ile-2-nci-dek-konusmalari-duzenlendi-500x333.jpg 500w, https:\/\/www.enerjigazetesi.ist\/wp-content\/uploads\/2018\/05\/milli-komite-ve-shell-isbirligi-ile-2-nci-dek-konusmalari-duzenlendi-75x50.jpg 75w, https:\/\/www.enerjigazetesi.ist\/wp-content\/uploads\/2018\/05\/milli-komite-ve-shell-isbirligi-ile-2-nci-dek-konusmalari-duzenlendi.jpg 1200w\" sizes=\"(max-width: 300px) 100vw, 300px\" \/>ile ba\u015flad\u0131.<\/p>\n<p>Milli Komite b\u00fcnyesinde ger\u00e7ekle\u015ftirilen faaliyetlerden bahseden BAYRAKTAR\u2019\u0131n ard\u0131ndan ERDEM, konu\u015fmalar\u0131nda enerji piyasalar\u0131n\u0131n bir de\u011fi\u015fim ve d\u00f6n\u00fc\u015f\u00fcm s\u00fcrecinden ge\u00e7ti\u011fini, ortak hareket etmenin bu s\u00fcre\u00e7te avantajl\u0131 olaca\u011f\u0131n\u0131 ve\u00a0<em>DEK Konu\u015fmalar\u0131<\/em>\u2019n\u0131n bunun i\u00e7in \u00f6nemli bir platform oldu\u011funu belirtti. 100 y\u0131l\u0131 a\u015fk\u0131n s\u00fcredir 70 \u00fclkede faaliyet g\u00f6steren ve g\u00fcnl\u00fck 3,7 milyon varil petrol ve do\u011falgaz \u00fcretimi yapan Shell\u2019in \u201cYeni Enerjiler\u201d i\u015f koluyla da faaliyetlerde bulunduklar\u0131n\u0131 ifade eden ERDEM, Milli Enerji ve Maden Politikas\u0131 stratejileri do\u011frultusunda ithalat ba\u011f\u0131ml\u0131l\u0131\u011f\u0131n\u0131n azalt\u0131lmas\u0131n\u0131 \u00f6nemli g\u00f6rd\u00fcklerini ve do\u011falgaz\u0131n bu strateji \u00e7er\u00e7evesindeki rol\u00fcn\u00fcn b\u00fcy\u00fck oldu\u011funu vurgulad\u0131.<\/p>\n<p>Say\u0131n D\u00d6NMEZ ise, LNG\u2019nin, enerjideki geli\u015fen teknolojiyi en iyi yans\u0131tan emtialardan biri oldu\u011funa dikkat \u00e7ekerek \u00fclkemizdeki piyasalar\u0131na ili\u015fkin bilgi payla\u015f\u0131m\u0131nda bulundu. Say\u0131n Bakan\u0131m\u0131z taraf\u0131ndan ortaya konan Milli Enerji ve Maden Politikas\u0131 kapsam\u0131nda \u00f6ne \u00e7\u0131kan arz g\u00fcvenli\u011fi i\u00e7in do\u011falgaz talebinin kar\u015f\u0131lanmas\u0131n\u0131n b\u00fcy\u00fck \u00f6nem ta\u015f\u0131d\u0131\u011f\u0131n\u0131 belirten D\u00d6NMEZ, yeni y\u00fczer depolama ve gazla\u015ft\u0131rma \u00fcnitelerinin (FSRU) sisteme dahil edilmesi ile giri\u015f kapasitemizin artt\u0131\u011f\u0131n\u0131 ve ge\u00e7en y\u0131l t\u00fcm talebin kar\u015f\u0131land\u0131\u011f\u0131n\u0131 ifade etti. Toplam gaz arz\u0131n\u0131n %20\u2019ye yak\u0131n\u0131n\u0131n temin edildi\u011fi LNG\u2019de, \u00f6n\u00fcm\u00fczdeki y\u0131l terminal say\u0131s\u0131n\u0131n art\u0131r\u0131lmas\u0131 suretiyle, kapasite art\u0131\u015f\u0131na gidilece\u011fini de s\u00f6zlerine ekleyen D\u00d6NMEZ, \u00f6zellikle b\u00fcy\u00fck\u015fehirlerimizde toplu ta\u015f\u0131mada kullan\u0131lan CNG\u2019nin de yayg\u0131nla\u015ft\u0131r\u0131ld\u0131\u011f\u0131n\u0131 vurgulad\u0131. Kaynak \u00e7e\u015fitlili\u011fi a\u00e7\u0131s\u0131ndan \u00f6nemli bir ara\u00e7 olarak g\u00f6r\u00fclen LNG\u2019nin deniz ve demir yolu ta\u015f\u0131mac\u0131l\u0131\u011f\u0131nda kullan\u0131m\u0131 konusunda da \u00e7al\u0131\u015fmalar yap\u0131ld\u0131\u011f\u0131, b\u00f6ylece \u00e7evreci ve ekonomik bir d\u00f6n\u00fc\u015f\u00fcm izlenece\u011fi ifade edildi.<\/p>\n<p>ALBAYRAK\u2019\u0131n, \u201cShell LNG G\u00f6r\u00fcn\u00fcm\u00fc 2018 ve Yeni Enerjiler\u201d sunumunda yapt\u0131\u011f\u0131 a\u00e7\u0131klamalardan baz\u0131 sat\u0131r ba\u015flar\u0131;<\/p>\n<p>&#8211; D\u00fcnya enerji da\u011f\u0131l\u0131m\u0131n\u0131n \u00e7o\u011funlu\u011fu hidrokarbonlar olu\u015fturmaya devam edecek. Talebin h\u0131zl\u0131 art\u0131\u015f\u0131yla birlikte, hidrokarbon talebi de artacak ve enerji da\u011f\u0131l\u0131m\u0131ndaki \u00f6nemli pay\u0131n\u0131 koruyacak.<\/p>\n<p>&#8211; \u015eu anda 1,1 milyar insan\u0131n elektri\u011fe eri\u015fimi yok ve 1 milyar insan\u0131n da s\u00fcrd\u00fcr\u00fclebilir elektri\u011fe eri\u015fimi yok. 2070 y\u0131l\u0131na kadar global enerji talebi ikiye katlanacak.<\/p>\n<p>&#8211; D\u00fcnyan\u0131n artan enerji talebini daha \u00e7ok enerji ve daha az emisyon ile ger\u00e7ekle\u015ftirebilmemiz, her t\u00fcrl\u00fc enerji kayna\u011f\u0131n\u0131 verimli olarak kullanmam\u0131zdan ge\u00e7iyor.<\/p>\n<p>&#8211; Kaya gaz\u0131 ve yeni teknolojiler gelece\u011fin f\u0131rsatlar\u0131 olarak kar\u015f\u0131m\u0131za \u00e7\u0131k\u0131yor.<\/p>\n<p>&#8211; Shell olarak, 2050 y\u0131l\u0131nda \u00fcr\u00fcnlerimizin emisyonlar\u0131n\u0131 %50 azaltma hedefimiz var, bu do\u011frultuda t\u00fcm payda\u015flarla i\u015f birli\u011fi i\u00e7inde olmak \u00f6nemli. Az karbonlu bir gelecek i\u00e7in yeni enerjiler yeterli de\u011fil, bu anlamda do\u011falgaz \u00f6n plana \u00e7\u0131k\u0131yor.<\/p>\n<p>&#8211; B\u00fcy\u00fcyen talep i\u00e7in petrol ve gaza olan yat\u0131r\u0131mlar\u0131m\u0131z devam edecek. Yeni enerjiler i\u00e7in 2 milyar kaynak ay\u0131rd\u0131k. Karbon yakalama ve depolama konusunda Avustralya\u2019da projelerimiz var.<\/p>\n<p>&#8211; Yak\u0131ta g\u00f6re k\u00fcresel enerji talep art\u0131\u015f\u0131nda %46 ile as\u0131l pay\u0131n do\u011falgaz olaca\u011f\u0131n\u0131 d\u00fc\u015f\u00fcnmekteyiz. Sekt\u00f6re g\u00f6re bakt\u0131\u011f\u0131m\u0131zda gazdaki talep art\u0131\u015f\u0131n\u0131n %45\u2019inin elektrik kaynakl\u0131 oldu\u011fu g\u00f6r\u00fclmektedir. B\u00f6lgeye g\u00f6re bak\u0131ld\u0131\u011f\u0131nda ise k\u00fcresel gaz talep art\u0131\u015f\u0131n\u0131n en b\u00fcy\u00fck pay\u0131 %38 ile Asya ve %33 ile Kuzey Amerika\u2019ya ait oldu\u011fu g\u00f6r\u00fclmektedir.<\/p>\n<p>&#8211; OECD \u00fclkeleri enerji talebinde ba\u015f\u0131 \u00e7ekenler olup, ayn\u0131 zamanda gaz ve yenilenebilir enerjiye ge\u00e7i\u015fte de \u00f6nc\u00fc durumdad\u0131r. K\u00f6m\u00fcrde a\u015fa\u011f\u0131 bir trend g\u00f6r\u00fcl\u00fcrken gazda art\u0131\u015f trendi g\u00f6r\u00fclmektedir. OECD \u00fcyesi olmayan \u00fclkelerde tam tersi bir tablo ya\u015fan\u0131rken, \u00c7in\u2019in ba\u015f\u0131 \u00e7ekmesiyle tablonun de\u011fi\u015fmesi beklenmektedir.<\/p>\n<p>&#8211; LNG talebinin art\u0131\u015f g\u00f6sterece\u011fini \u00f6ng\u00f6r\u00fcyor ve bu talepte Asya\u2019n\u0131n ba\u015f\u0131 \u00e7ekece\u011fine inan\u0131yoruz. B\u00f6lgeye g\u00f6re LNG talebi 2035\u2019te ikiye katlanacak.<\/p>\n<p>&#8211; Piyasada halen bir belirsizlik olsa da LNG bu belirsizlikleri \u00e7\u00f6zecek diren\u00e7te bir enerji kayna\u011f\u0131d\u0131r.<\/p>\n<p>&#8211; 2017 y\u0131l\u0131nda, g\u00f6r\u00fclmemi\u015f bir b\u00fcy\u00fckl\u00fckte LNG kapasite art\u0131\u015f\u0131 sa\u011fland\u0131 ve bunlar\u0131n %45\u2019i tamamland\u0131. Kapasite art\u0131\u015flar\u0131 ba\u015fta Avusturya ve Amerika\u2019dan gelirken, Avusturalya d\u0131\u015f\u0131nda t\u00fcm \u00fclkeler, beklentilerinin \u00fczerinde ihracat yapt\u0131. \u0130thalatta da ba\u015fta Kuzey Asya geliyor.<\/p>\n<p>&#8211; 2017\u2019de LNG ithalat\u0131nda 29 milyon ton art\u0131\u015f ger\u00e7ekle\u015fti. En b\u00fcy\u00fck ithalat\u00e7\u0131 \u00c7in oldu. \u00c7in\u2019de %15 gaz talep art\u0131\u015f\u0131na kar\u015f\u0131l\u0131k LNG\u2019de %50 art\u0131\u015f oldu\u011fu g\u00f6r\u00fcld\u00fc. LNG ile \u00e7al\u0131\u015fan 70.000\u2019i a\u015fk\u0131n arac\u0131n oldu\u011fu \u00c7in\u2019de, her alanda yat\u0131r\u0131m yap\u0131lmakta ve etkileri h\u0131zla g\u00f6r\u00fclmektedir.<\/p>\n<p>&#8211; LNG ithalatlar\u0131nda ikinci s\u0131rada Kore ve \u00fc\u00e7\u00fcnc\u00fc s\u0131rada T\u00fcrkiye yer al\u0131yor.<\/p>\n<p>&#8211; FSRU uygun \u00fcnitelerle rekabet\u00e7i bir ortam sunmakta ve arz g\u00fcvenli\u011fine katk\u0131da bulunmaktad\u0131r.<\/p>\n<p>&#8211; LNG talebi ta\u015f\u0131mac\u0131l\u0131k alan\u0131nda da artacak, k\u0131sa vadede a\u011f\u0131r ta\u015f\u0131tlar fark atacakt\u0131r.<\/p>\n<p>&#8211; Tedarik alan\u0131nda yat\u0131r\u0131m\u0131n geri kalmas\u0131, gelecekteki LNG piyasas\u0131n\u0131n b\u00fcy\u00fcmesini riske at\u0131yor. Bu y\u00fczden 2020\u2019li y\u0131llar\u0131n sonuna do\u011fru bir daralma olaca\u011f\u0131n\u0131 d\u00fc\u015f\u00fcn\u00fcyoruz. Fiyatland\u0131rmada \u00f6nemli bir etki beklememekle birlikte, uzun vadeli talep art\u0131\u015f\u0131n\u0131 kar\u015f\u0131lamak i\u00e7in arz yat\u0131r\u0131m\u0131na ihtiya\u00e7 oldu\u011fu kanaatindeyiz.<\/p>\n<p>&#8211; Ta\u015f\u0131mac\u0131l\u0131k, LNG\u2019nin kullan\u0131m\u0131 i\u00e7in en h\u0131zl\u0131 geli\u015fen aland\u0131r.<\/p>\n<p>&#8211; Shell, 40.000-45.000 \u015farj noktas\u0131 olan bir start-up \u015firketini sat\u0131n ald\u0131.<\/p>\n<p>&#8211; Enerji sisteminde y\u00fck da\u011f\u0131l\u0131m\u0131n\u0131 dengeledi\u011fi i\u00e7in ak\u0131ll\u0131 \u015farj \u00e7ok \u00f6nemli. \u015earj\u0131 5-6 dakikaya d\u00fc\u015f\u00fcren teknolojiler var. Bu konuda Toyota ile yap\u0131lan g\u00f6r\u00fc\u015fmeler do\u011frultusunda \u00e7ok ciddi geli\u015fmeler kaydediliyor.<\/p>\n<p>&#8211; Ayn\u0131 zamanda dijital \u00fcr\u00fcnler ve hizmetleri bulunuyor. \u201cWonder Bill\u201d evinizin t\u00fcm faturalar\u0131n\u0131 bir araya getiriyor ve tedarik\u00e7i se\u00e7imi i\u00e7in destek sa\u011fl\u0131yor.<\/p>\n<p>Bilgi notunu indirmek i\u00e7in<a href=\"http:\/\/www.dunyaenerji.org.tr\/wp-content\/uploads\/2018\/05\/8May%C4%B1s2018ToplantiNotlari-1.pdf\" target=\"_blank\" rel=\"noopener\">\u00a0t\u0131klay\u0131n&gt;&gt;&gt;<\/a><\/p>\n<p>Sunumu indirmek i\u00e7in\u00a0<a href=\"http:\/\/www.dunyaenerji.org.tr\/wp-content\/uploads\/2018\/05\/DEKKonusmalariNebahatALBAYRAKsunum-1.pdf\">t\u0131klay\u0131n&gt;&gt;&gt;<\/a><\/p>","protected":false},"excerpt":{"rendered":"<p>Sorry, this entry is only available in Turkish. For the sake of viewer convenience, the content is shown below in the alternative language. You may click the link to switch the active language.Milli Komite ve Shell i\u015f birli\u011fi ile ikincisini d\u00fczenlenen\u00a0DEK Konu\u015fmalar\u0131\u2019nda Shell Gaz ve Yeni Enerjiler D\u0131\u015f \u0130li\u015fkilerden Sorumlu Ba\u015fkan Yard\u0131mc\u0131s\u0131 Nebahat ALBAYRAK konuk [&hellip;]<\/p>\n","protected":false},"author":1,"featured_media":74429,"comment_status":"open","ping_status":"open","sticky":false,"template":"","format":"standard","meta":[],"categories":[46,53,44],"tags":[67,1009,37716],"views":1146,"_links":{"self":[{"href":"https:\/\/www.enerjigazetesi.ist\/en\/wp-json\/wp\/v2\/posts\/74428"}],"collection":[{"href":"https:\/\/www.enerjigazetesi.ist\/en\/wp-json\/wp\/v2\/posts"}],"about":[{"href":"https:\/\/www.enerjigazetesi.ist\/en\/wp-json\/wp\/v2\/types\/post"}],"author":[{"embeddable":true,"href":"https:\/\/www.enerjigazetesi.ist\/en\/wp-json\/wp\/v2\/users\/1"}],"replies":[{"embeddable":true,"href":"https:\/\/www.enerjigazetesi.ist\/en\/wp-json\/wp\/v2\/comments?post=74428"}],"version-history":[{"count":1,"href":"https:\/\/www.enerjigazetesi.ist\/en\/wp-json\/wp\/v2\/posts\/74428\/revisions"}],"predecessor-version":[{"id":74430,"href":"https:\/\/www.enerjigazetesi.ist\/en\/wp-json\/wp\/v2\/posts\/74428\/revisions\/74430"}],"wp:featuredmedia":[{"embeddable":true,"href":"https:\/\/www.enerjigazetesi.ist\/en\/wp-json\/wp\/v2\/media\/74429"}],"wp:attachment":[{"href":"https:\/\/www.enerjigazetesi.ist\/en\/wp-json\/wp\/v2\/media?parent=74428"}],"wp:term":[{"taxonomy":"category","embeddable":true,"href":"https:\/\/www.enerjigazetesi.ist\/en\/wp-json\/wp\/v2\/categories?post=74428"},{"taxonomy":"post_tag","embeddable":true,"href":"https:\/\/www.enerjigazetesi.ist\/en\/wp-json\/wp\/v2\/tags?post=74428"}],"curies":[{"name":"wp","href":"https:\/\/api.w.org\/{rel}","templated":true}]}}