{"id":74424,"date":"2018-05-20T11:55:27","date_gmt":"2018-05-20T08:55:27","guid":{"rendered":"https:\/\/www.enerjigazetesi.ist\/?p=74424"},"modified":"2018-05-20T11:56:11","modified_gmt":"2018-05-20T08:56:11","slug":"donusum-surecinde-yenilenebilir-enerji-politikalari","status":"publish","type":"post","link":"https:\/\/www.enerjigazetesi.ist\/en\/donusum-surecinde-yenilenebilir-enerji-politikalari\/","title":{"rendered":"(Turkish) D\u00f6n\u00fc\u015f\u00fcm S\u00fcrecinde Yenilenebilir Enerji Politikalar\u0131"},"content":{"rendered":"<p class=\"qtranxs-available-languages-message qtranxs-available-languages-message-en\">Sorry, this entry is only available in <a href=\"https:\/\/www.enerjigazetesi.ist\/tr\/wp-json\/wp\/v2\/posts\/74424\" class=\"qtranxs-available-language-link qtranxs-available-language-link-tr\" title=\"Turkish\">Turkish<\/a>. For the sake of viewer convenience, the content is shown below in the alternative language. You may click the link to switch the active language.<\/p><p><strong>Yenilenebilir enerjide son on y\u0131ld\u0131r g\u00f6ze \u00e7arpan bir geli\u015fim g\u00f6zlemlenmektedir. Tart\u0131\u015fmas\u0131z olarak yenilenebilir enerji k\u00fcresel enerji d\u00f6n\u00fc\u015f\u00fcm\u00fcnde, enerji verimlili\u011fi ile birlikte, lider rol oynamaktad\u0131r. \u0130novasyon, artan rekabet ve politika deste\u011fi veren \u00fclke say\u0131s\u0131n\u0131n artmas\u0131 ile birlikte yenilenebilir enerji alan\u0131nda b\u00fcy\u00fck bir teknolojik geli\u015fme ve keskin maliyet d\u00fc\u015f\u00fc\u015f\u00fc ya\u015fanm\u0131\u015ft\u0131r. Bunun sonucunda, son y\u0131llarda yenilenebilir enerji kurulum h\u0131z\u0131 fosil yak\u0131tlar da dahil olmak \u00fczere di\u011fer t\u00fcm enerji kaynaklar\u0131n\u0131 ge\u00e7mi\u015ftir.<\/strong><\/p>\n<p>2017 y\u0131l\u0131nda, ilave yenilenebilir enerji kapasitesi yat\u0131r\u0131mlar\u0131, \u00e7o\u011fu geli\u015fmekte olan \u00fclkelerden olmak \u00fczere, fosil yak\u0131ttan elektrik \u00fcretim santrallerine yap\u0131lan yat\u0131r\u0131mlar\u0131n\u0131 geride b\u0131rakm\u0131\u015ft\u0131r. Neredeyse t\u00fcm <img loading=\"lazy\" class=\"alignright size-medium wp-image-7694\" src=\"https:\/\/www.enerjigazetesi.ist\/wp-content\/uploads\/2013\/03\/yenilenebilir-enerji-kaynaklari-300x190.jpg\" alt=\"\" width=\"300\" height=\"190\" srcset=\"https:\/\/www.enerjigazetesi.ist\/wp-content\/uploads\/2013\/03\/yenilenebilir-enerji-kaynaklari-300x190.jpg 300w, https:\/\/www.enerjigazetesi.ist\/wp-content\/uploads\/2013\/03\/yenilenebilir-enerji-kaynaklari-1024x651.jpg 1024w, https:\/\/www.enerjigazetesi.ist\/wp-content\/uploads\/2013\/03\/yenilenebilir-enerji-kaynaklari-500x318.jpg 500w, https:\/\/www.enerjigazetesi.ist\/wp-content\/uploads\/2013\/03\/yenilenebilir-enerji-kaynaklari-80x50.jpg 80w, https:\/\/www.enerjigazetesi.ist\/wp-content\/uploads\/2013\/03\/yenilenebilir-enerji-kaynaklari.jpg 1872w\" sizes=\"(max-width: 300px) 100vw, 300px\" \/>\u00fclkelerin belirlenmi\u015f yenilenebilir enerji hedeflerinin bulundu\u011fu bu d\u00f6nemde, yenilenebilir enerji art\u0131k teknolojik olarak olgun, g\u00fcvenli ve hesapl\u0131 yat\u0131r\u0131mlar olarak de\u011ferlendirilmektedir. Ancak, bu sekt\u00f6rdeki geli\u015fmeler \u00fclkeler ve teknolojiler aras\u0131nda homojen olarak da\u011f\u0131lmamaktad\u0131r.<\/p>\n<p>Yenilenebilir enerjinin artmas\u0131n\u0131 engelleyen baz\u0131 anahtar nedenler bulunmaktad\u0131r. Bunlar teknolojiden finansal risklere ve entegrasyon zorluklar\u0131na kadar uzanmaktad\u0131r.\u00a0<strong>Yenilenebilir enerji elektrik sekt\u00f6r\u00fcnde geni\u015f yer bulmas\u0131na ra\u011fmen \u0131s\u0131tma, so\u011futma ve ula\u015ft\u0131rma alanlar\u0131nda geride kalmaktad\u0131r.<\/strong>\u00a0Bu alanlarda az say\u0131da \u00fclkenin d\u00fczenleyici \u00f6nlemlerinin bulundu\u011fu g\u00f6zlemlenmektedir.<\/p>\n<p><strong>ENERJ\u0130 ER\u0130\u015e\u0130M\u0130 \u0130\u00c7\u0130N POL\u0130T\u0130KALAR<\/strong><\/p>\n<p>Da\u011f\u0131t\u0131k yenilenebilir enerji \u00e7\u00f6z\u00fcmleri 2030 y\u0131l\u0131na kadar modern enerji eri\u015fiminin sa\u011flanmas\u0131nda \u00f6nemli rol oynayacakt\u0131r. De\u011fi\u015fken yenilenebilir enerjileri kaynaklar\u0131n\u0131n kullan\u0131m\u0131n\u0131n art\u0131r\u0131lmas\u0131 i\u00e7in uygun politikalar\u0131n geli\u015ftirilmesi gerekmektedir. Ulusal enerji eri\u015fimi planlar\u0131, zamanl\u0131 bir \u015fekilde ba\u015far\u0131ya ula\u015fmak i\u00e7in hem onshore hem de offshore \u00e7\u00f6z\u00fcmleri i\u00e7ermelidir. Elektriklendirme hedefine ula\u015fmak i\u00e7in geli\u015fmekte olan \u00fclkelerde mini-\u015febeke uygulamalar\u0131 yayg\u0131n olarak kullan\u0131lmaktad\u0131r. Bu y\u00f6ntem, \u00fcretilen elektri\u011fin sat\u0131labilmesi i\u00e7in ana \u015febekeye ba\u011flant\u0131, al\u0131m garantisi, te\u015fvikler ve vergi muafiyeti gibi mekanizmalar ile desteklenmelidir. Kalitenin sa\u011flanmas\u0131, finansman eri\u015fimine destek olunmas\u0131 ve kapasite geli\u015fimi de ayn\u0131 derecede \u00f6nem ta\u015f\u0131maktad\u0131r. Is\u0131tma ve pi\u015firme i\u00e7in geleneksel yak\u0131tlar\u0131n kullan\u0131m\u0131 azalt\u0131lmal\u0131d\u0131r.\u00a0<strong>Enerji eri\u015fim planlar\u0131, temiz pi\u015firme ve modern yak\u0131tlara ge\u00e7i\u015f konular\u0131n\u0131 \u00f6nceliklendirilmelidir.<\/strong><\/p>\n<p><strong>YOL HAR\u0130TASI<\/strong><\/p>\n<p>Yenilenebilir enerji kullan\u0131m\u0131n\u0131n ve enerji verimlili\u011finin art\u0131r\u0131lmas\u0131 i\u00e7in farkl\u0131 politika mekanizmalar\u0131n\u0131n bir arada kullan\u0131lmas\u0131 gerekmektedir. Bunlar do\u011frudan politika destekleri, kolayla\u015ft\u0131r\u0131c\u0131 politika destekleri ve entegrasyon politikalar\u0131 olarak s\u0131n\u0131fland\u0131r\u0131lmaktad\u0131r.<\/p>\n<p>Kaynak:\u00a0\u201c<a href=\"http:\/\/irena.org\/publications\/2018\/Apr\/Renewable-energy-policies-in-a-time-of-transition\">Renewable Energy Policies in a Time of Transition<\/a>\u201d, IRENA, OECD\/ IEA ve REN21<\/p>\n<p>Yaz\u0131n\u0131n <a href=\"http:\/\/www.dunyaenerji.org.tr\/donusum-surecinde-yenilenebilir-enerji-politikalari\/\">Devam\u0131 \u0130\u00e7in TIKLAYINIZ&gt;&gt;&gt;<\/a><\/p>","protected":false},"excerpt":{"rendered":"<p>Sorry, this entry is only available in Turkish. For the sake of viewer convenience, the content is shown below in the alternative language. You may click the link to switch the active language.Yenilenebilir enerjide son on y\u0131ld\u0131r g\u00f6ze \u00e7arpan bir geli\u015fim g\u00f6zlemlenmektedir. Tart\u0131\u015fmas\u0131z olarak yenilenebilir enerji k\u00fcresel enerji d\u00f6n\u00fc\u015f\u00fcm\u00fcnde, enerji verimlili\u011fi ile birlikte, lider rol [&hellip;]<\/p>\n","protected":false},"author":1,"featured_media":7694,"comment_status":"open","ping_status":"open","sticky":false,"template":"","format":"standard","meta":[],"categories":[53,52,49,50],"tags":[19,67,1009,23416,24949,26829],"views":662,"_links":{"self":[{"href":"https:\/\/www.enerjigazetesi.ist\/en\/wp-json\/wp\/v2\/posts\/74424"}],"collection":[{"href":"https:\/\/www.enerjigazetesi.ist\/en\/wp-json\/wp\/v2\/posts"}],"about":[{"href":"https:\/\/www.enerjigazetesi.ist\/en\/wp-json\/wp\/v2\/types\/post"}],"author":[{"embeddable":true,"href":"https:\/\/www.enerjigazetesi.ist\/en\/wp-json\/wp\/v2\/users\/1"}],"replies":[{"embeddable":true,"href":"https:\/\/www.enerjigazetesi.ist\/en\/wp-json\/wp\/v2\/comments?post=74424"}],"version-history":[{"count":1,"href":"https:\/\/www.enerjigazetesi.ist\/en\/wp-json\/wp\/v2\/posts\/74424\/revisions"}],"predecessor-version":[{"id":74425,"href":"https:\/\/www.enerjigazetesi.ist\/en\/wp-json\/wp\/v2\/posts\/74424\/revisions\/74425"}],"wp:featuredmedia":[{"embeddable":true,"href":"https:\/\/www.enerjigazetesi.ist\/en\/wp-json\/wp\/v2\/media\/7694"}],"wp:attachment":[{"href":"https:\/\/www.enerjigazetesi.ist\/en\/wp-json\/wp\/v2\/media?parent=74424"}],"wp:term":[{"taxonomy":"category","embeddable":true,"href":"https:\/\/www.enerjigazetesi.ist\/en\/wp-json\/wp\/v2\/categories?post=74424"},{"taxonomy":"post_tag","embeddable":true,"href":"https:\/\/www.enerjigazetesi.ist\/en\/wp-json\/wp\/v2\/tags?post=74424"}],"curies":[{"name":"wp","href":"https:\/\/api.w.org\/{rel}","templated":true}]}}