{"id":74398,"date":"2018-05-19T12:06:20","date_gmt":"2018-05-19T09:06:20","guid":{"rendered":"https:\/\/www.enerjigazetesi.ist\/?p=74398"},"modified":"2018-05-19T12:13:42","modified_gmt":"2018-05-19T09:13:42","slug":"yenilenebilir-enerjiden-saglanan-kazanctan-vergi-alinmiyor","status":"publish","type":"post","link":"https:\/\/www.enerjigazetesi.ist\/en\/yenilenebilir-enerjiden-saglanan-kazanctan-vergi-alinmiyor\/","title":{"rendered":"(Turkish) Yenilenebilir Enerjiden Sa\u011flanan Kazan\u00e7tan Vergi ve Stopaj Al\u0131nm\u0131yor"},"content":{"rendered":"<p class=\"qtranxs-available-languages-message qtranxs-available-languages-message-en\">Sorry, this entry is only available in <a href=\"https:\/\/www.enerjigazetesi.ist\/tr\/wp-json\/wp\/v2\/posts\/74398\" class=\"qtranxs-available-language-link qtranxs-available-language-link-tr\" title=\"Turkish\">Turkish<\/a>. For the sake of viewer convenience, the content is shown below in the alternative language. You may click the link to switch the active language.<\/p><p><strong>\u00c7at\u0131da yenilenebilir enerjiden enerji \u00fcreten ve ihtiya\u00e7 fazlas\u0131 enerjiyi satanlara i\u00e7in getirilen vergi te\u015fvikinin detaylar\u0131 a\u00e7\u0131kland\u0131.<\/strong><\/p>\n<p><img loading=\"lazy\" class=\"alignleft size-medium wp-image-74399\" src=\"https:\/\/www.enerjigazetesi.ist\/wp-content\/uploads\/2018\/05\/yenilenebilir-enerjiden-saglanan-kazanctan-vergi-alinmiyor-300x168.jpeg\" alt=\"\" width=\"300\" height=\"168\" srcset=\"https:\/\/www.enerjigazetesi.ist\/wp-content\/uploads\/2018\/05\/yenilenebilir-enerjiden-saglanan-kazanctan-vergi-alinmiyor-300x168.jpeg 300w, https:\/\/www.enerjigazetesi.ist\/wp-content\/uploads\/2018\/05\/yenilenebilir-enerjiden-saglanan-kazanctan-vergi-alinmiyor-500x281.jpeg 500w, https:\/\/www.enerjigazetesi.ist\/wp-content\/uploads\/2018\/05\/yenilenebilir-enerjiden-saglanan-kazanctan-vergi-alinmiyor-80x45.jpeg 80w, https:\/\/www.enerjigazetesi.ist\/wp-content\/uploads\/2018\/05\/yenilenebilir-enerjiden-saglanan-kazanctan-vergi-alinmiyor.jpeg 606w\" sizes=\"(max-width: 300px) 100vw, 300px\" \/>A\u011fbal a\u00e7\u0131klamas\u0131nda \u201c\u00c7\u0131kar\u0131lan kanunla, sahibi olunan veya kiralanan konutlar\u0131n \u00e7at\u0131 veya cephelerine kurulan kurulu g\u00fcc\u00fc azami 10 kw kadar olan ve yaln\u0131zca bir \u00fcretim tesisinden \u00fcretilen elektrik enerjisinin ihtiya\u00e7 fazlas\u0131n\u0131 son tedarik \u015firketine satanlar i\u00e7in gelir vergisi muafiyeti sa\u011flanm\u0131\u015ft\u0131.<\/p>\n<p>Bu ki\u015filerin \u00fczerinde sadece y\u00fczde 5 oran\u0131nda gelir vergisi stopaj\u0131 bulunmaktayd\u0131. \u015eu anda da yeni \u00e7\u0131kan kararla, s\u00f6z konusu ki\u015filerden sadece gelir vergisi de\u011fil, stopaj da al\u0131nmamaya ba\u015fland\u0131. Bu ki\u015filer bu yolla yap\u0131lan sat\u0131\u015flardan hi\u00e7 bir vergi vermeyecek\u201d ifadelerini kulland\u0131.<\/p>","protected":false},"excerpt":{"rendered":"<p>Sorry, this entry is only available in Turkish. For the sake of viewer convenience, the content is shown below in the alternative language. You may click the link to switch the active language.\u00c7at\u0131da yenilenebilir enerjiden enerji \u00fcreten ve ihtiya\u00e7 fazlas\u0131 enerjiyi satanlara i\u00e7in getirilen vergi te\u015fvikinin detaylar\u0131 a\u00e7\u0131kland\u0131. A\u011fbal a\u00e7\u0131klamas\u0131nda \u201c\u00c7\u0131kar\u0131lan kanunla, sahibi olunan veya [&hellip;]<\/p>\n","protected":false},"author":1,"featured_media":74399,"comment_status":"open","ping_status":"open","sticky":false,"template":"","format":"standard","meta":[],"categories":[53,49],"tags":[19,67,1009,23416,23133,23131,26829],"views":512,"_links":{"self":[{"href":"https:\/\/www.enerjigazetesi.ist\/en\/wp-json\/wp\/v2\/posts\/74398"}],"collection":[{"href":"https:\/\/www.enerjigazetesi.ist\/en\/wp-json\/wp\/v2\/posts"}],"about":[{"href":"https:\/\/www.enerjigazetesi.ist\/en\/wp-json\/wp\/v2\/types\/post"}],"author":[{"embeddable":true,"href":"https:\/\/www.enerjigazetesi.ist\/en\/wp-json\/wp\/v2\/users\/1"}],"replies":[{"embeddable":true,"href":"https:\/\/www.enerjigazetesi.ist\/en\/wp-json\/wp\/v2\/comments?post=74398"}],"version-history":[{"count":4,"href":"https:\/\/www.enerjigazetesi.ist\/en\/wp-json\/wp\/v2\/posts\/74398\/revisions"}],"predecessor-version":[{"id":74403,"href":"https:\/\/www.enerjigazetesi.ist\/en\/wp-json\/wp\/v2\/posts\/74398\/revisions\/74403"}],"wp:featuredmedia":[{"embeddable":true,"href":"https:\/\/www.enerjigazetesi.ist\/en\/wp-json\/wp\/v2\/media\/74399"}],"wp:attachment":[{"href":"https:\/\/www.enerjigazetesi.ist\/en\/wp-json\/wp\/v2\/media?parent=74398"}],"wp:term":[{"taxonomy":"category","embeddable":true,"href":"https:\/\/www.enerjigazetesi.ist\/en\/wp-json\/wp\/v2\/categories?post=74398"},{"taxonomy":"post_tag","embeddable":true,"href":"https:\/\/www.enerjigazetesi.ist\/en\/wp-json\/wp\/v2\/tags?post=74398"}],"curies":[{"name":"wp","href":"https:\/\/api.w.org\/{rel}","templated":true}]}}