{"id":74391,"date":"2018-05-19T10:55:48","date_gmt":"2018-05-19T07:55:48","guid":{"rendered":"https:\/\/www.enerjigazetesi.ist\/?p=74391"},"modified":"2018-05-19T10:55:48","modified_gmt":"2018-05-19T07:55:48","slug":"avustralyada-2018-yili-2-gw-gucundeki-gunes-enerjisi-raporu-aciklandi","status":"publish","type":"post","link":"https:\/\/www.enerjigazetesi.ist\/en\/avustralyada-2018-yili-2-gw-gucundeki-gunes-enerjisi-raporu-aciklandi\/","title":{"rendered":"(Turkish) Avustralya\u2019da 2018 Y\u0131l\u0131 2 GW G\u00fcc\u00fcndeki G\u00fcne\u015f Enerjisi Raporu A\u00e7\u0131kland\u0131"},"content":{"rendered":"<p class=\"qtranxs-available-languages-message qtranxs-available-languages-message-en\">Sorry, this entry is only available in <a href=\"https:\/\/www.enerjigazetesi.ist\/tr\/wp-json\/wp\/v2\/posts\/74391\" class=\"qtranxs-available-language-link qtranxs-available-language-link-tr\" title=\"Turkish\">Turkish<\/a>. For the sake of viewer convenience, the content is shown below in the alternative language. You may click the link to switch the active language.<\/p><p><strong>Avustralya&#8217;da yap\u0131lan 850 MW\u2019l\u0131k b\u00fcy\u00fck \u00f6l\u00e7ekli g\u00fcne\u015f enerjisi santraliyle birlikte 1.2 GW g\u00fcc\u00fcndeki santralinde yak\u0131n zamanda hayata ge\u00e7irilerek 2018&#8217;de g\u00fcne\u015f enerjisi i\u00e7in bir rekor k\u0131r\u0131laca\u011f\u0131 \u00f6ng\u00f6r\u00fclmektedir.<img loading=\"lazy\" class=\"alignright wp-image-69293 size-medium\" src=\"https:\/\/www.enerjigazetesi.ist\/wp-content\/uploads\/2017\/11\/renoe-acipayam-ges-devreye-alindi-300x150.jpg\" alt=\"avustralyada-2018-yili-2-gw-gucundeki-gunes-enerjisi-raporu-aciklandi\" width=\"300\" height=\"150\" srcset=\"https:\/\/www.enerjigazetesi.ist\/wp-content\/uploads\/2017\/11\/renoe-acipayam-ges-devreye-alindi-300x150.jpg 300w, https:\/\/www.enerjigazetesi.ist\/wp-content\/uploads\/2017\/11\/renoe-acipayam-ges-devreye-alindi-80x40.jpg 80w, https:\/\/www.enerjigazetesi.ist\/wp-content\/uploads\/2017\/11\/renoe-acipayam-ges-devreye-alindi.jpg 320w\" sizes=\"(max-width: 300px) 100vw, 300px\" \/><\/strong><\/p>\n<p>Temiz Enerji Konseyi\u2019nden Kane Thornton, Yenilenebilir Enerji Hedefinin rol\u00fcne vurgu yaparak Avustralya Yenilenebilir Enerji Ajans\u0131 ve Temiz Enerji Finansman Kurumu&#8217;nun bu projelerde g\u00fc\u00e7l\u00fc rol oynad\u0131\u011f\u0131n\u0131 dile getirdi.<\/p>\n<p>Thorton \u201cB\u00fcy\u00fck \u00f6l\u00e7ekli g\u00fcne\u015f enerjisi, 10 y\u0131ll\u0131k s\u00fcre zarf\u0131nda Avustralya\u2019da k\u00f6m\u00fcr veya do\u011fal gaz\u2019a g\u00f6re \u00e7ok daha ucuz \u00fcretim ger\u00e7ekle\u015ftirecek, ger\u00e7ekten oyun de\u011fi\u015ftiren bir g\u00fc\u00e7 olacakt\u0131r. \u201difadelerini kulland\u0131.<\/p>","protected":false},"excerpt":{"rendered":"<p>Sorry, this entry is only available in Turkish. For the sake of viewer convenience, the content is shown below in the alternative language. You may click the link to switch the active language.Avustralya&#8217;da yap\u0131lan 850 MW\u2019l\u0131k b\u00fcy\u00fck \u00f6l\u00e7ekli g\u00fcne\u015f enerjisi santraliyle birlikte 1.2 GW g\u00fcc\u00fcndeki santralinde yak\u0131n zamanda hayata ge\u00e7irilerek 2018&#8217;de g\u00fcne\u015f enerjisi i\u00e7in bir [&hellip;]<\/p>\n","protected":false},"author":1,"featured_media":69293,"comment_status":"open","ping_status":"open","sticky":false,"template":"","format":"standard","meta":[],"categories":[53,49],"tags":[37704,67,1009,2326,23416,2569,23133,23131],"views":436,"_links":{"self":[{"href":"https:\/\/www.enerjigazetesi.ist\/en\/wp-json\/wp\/v2\/posts\/74391"}],"collection":[{"href":"https:\/\/www.enerjigazetesi.ist\/en\/wp-json\/wp\/v2\/posts"}],"about":[{"href":"https:\/\/www.enerjigazetesi.ist\/en\/wp-json\/wp\/v2\/types\/post"}],"author":[{"embeddable":true,"href":"https:\/\/www.enerjigazetesi.ist\/en\/wp-json\/wp\/v2\/users\/1"}],"replies":[{"embeddable":true,"href":"https:\/\/www.enerjigazetesi.ist\/en\/wp-json\/wp\/v2\/comments?post=74391"}],"version-history":[{"count":1,"href":"https:\/\/www.enerjigazetesi.ist\/en\/wp-json\/wp\/v2\/posts\/74391\/revisions"}],"predecessor-version":[{"id":74392,"href":"https:\/\/www.enerjigazetesi.ist\/en\/wp-json\/wp\/v2\/posts\/74391\/revisions\/74392"}],"wp:featuredmedia":[{"embeddable":true,"href":"https:\/\/www.enerjigazetesi.ist\/en\/wp-json\/wp\/v2\/media\/69293"}],"wp:attachment":[{"href":"https:\/\/www.enerjigazetesi.ist\/en\/wp-json\/wp\/v2\/media?parent=74391"}],"wp:term":[{"taxonomy":"category","embeddable":true,"href":"https:\/\/www.enerjigazetesi.ist\/en\/wp-json\/wp\/v2\/categories?post=74391"},{"taxonomy":"post_tag","embeddable":true,"href":"https:\/\/www.enerjigazetesi.ist\/en\/wp-json\/wp\/v2\/tags?post=74391"}],"curies":[{"name":"wp","href":"https:\/\/api.w.org\/{rel}","templated":true}]}}