{"id":74374,"date":"2018-05-18T07:20:33","date_gmt":"2018-05-18T04:20:33","guid":{"rendered":"https:\/\/www.enerjigazetesi.ist\/?p=74374"},"modified":"2018-05-18T07:20:33","modified_gmt":"2018-05-18T04:20:33","slug":"milli-enerji-egitim-hamlesi-ile-10-adet-yenilenebilir-enerji-lisesi-acilacak","status":"publish","type":"post","link":"https:\/\/www.enerjigazetesi.ist\/en\/milli-enerji-egitim-hamlesi-ile-10-adet-yenilenebilir-enerji-lisesi-acilacak\/","title":{"rendered":"(Turkish) Mill\u00ee Enerji E\u011fitim Hamlesi \u0130le 10 Adet Yenilenebilir Enerji Lisesi A\u00e7\u0131lacak"},"content":{"rendered":"<p class=\"qtranxs-available-languages-message qtranxs-available-languages-message-en\">Sorry, this entry is only available in <a href=\"https:\/\/www.enerjigazetesi.ist\/tr\/wp-json\/wp\/v2\/posts\/74374\" class=\"qtranxs-available-language-link qtranxs-available-language-link-tr\" title=\"Turkish\">Turkish<\/a>. For the sake of viewer convenience, the content is shown below in the alternative language. You may click the link to switch the active language.<\/p><p><strong>Mill\u00ee E\u011fitim Bakanl\u0131\u011f\u0131, Enerji ve Tabii Kaynaklar Bakanl\u0131\u011f\u0131 ile Mill\u00ee Enerji E\u011fitim Hamlesi protokol\u00fc d\u00fczenledi.<\/strong><span id=\"more-99922\"><\/span><\/p>\n<p>S\u00f6z konusu protokole g\u00f6re T\u00fcrkiye\u2019de dokuz farkl\u0131 \u015fehirde on adet Tabii Kaynaklar ve Yenilenebilir <img loading=\"lazy\" class=\"alignright size-medium wp-image-58392\" src=\"https:\/\/www.enerjigazetesi.ist\/wp-content\/uploads\/2016\/06\/yenilenebilir-enerji-gune-ruzgar-300x175.jpg\" alt=\"\" width=\"300\" height=\"175\" srcset=\"https:\/\/www.enerjigazetesi.ist\/wp-content\/uploads\/2016\/06\/yenilenebilir-enerji-gune-ruzgar-300x175.jpg 300w, https:\/\/www.enerjigazetesi.ist\/wp-content\/uploads\/2016\/06\/yenilenebilir-enerji-gune-ruzgar-500x291.jpg 500w, https:\/\/www.enerjigazetesi.ist\/wp-content\/uploads\/2016\/06\/yenilenebilir-enerji-gune-ruzgar-80x46.jpg 80w, https:\/\/www.enerjigazetesi.ist\/wp-content\/uploads\/2016\/06\/yenilenebilir-enerji-gune-ruzgar.jpg 768w\" sizes=\"(max-width: 300px) 100vw, 300px\" \/>Enerji lisesi a\u00e7\u0131lacak. Konu hakk\u0131nda a\u00e7\u0131klama yapan Enerji ve Tabii Kaynaklar Bakan\u0131 Berat Albayrak, enerji sahas\u0131nda nitelikli birey yeti\u015ftirmenin \u00e7ok \u00f6nemli bir mesele oldu\u011funu, bu anlamda da teknolojik bilgiyi bilimsel yolla pratik bir h\u00e2le getirmenin zaruriyeti i\u00e7in lise a\u00e7\u0131l\u0131\u015f\u0131 yapacaklar\u0131n\u0131 ifade etti.<\/p>\n<p>Bakan Albayrak, enerjide mill\u00ee ve yerli hedeflerine yeti\u015febilmek i\u00e7in nitelikli insan kayna\u011f\u0131n\u0131n olu\u015fturulmas\u0131 gerekti\u011fini a\u00e7\u0131klad\u0131. Bakan, protokol do\u011frultusunda on alt\u0131 dersli\u011fi bulunan on okulun in\u015fa edilece\u011fini, s\u00f6z konusu okullar\u0131n \u00fc\u00e7 tanesinin yenilebilir enerji lisesi, kalan yedi tanesinin de tabii kaynaklar lisesi olaca\u011f\u0131n\u0131 belirtti. \u0130lk a\u015famada Kahramanmara\u015f, Artvin, K\u00fctahya, Zonguldak, Trabzon, Hatay, \u0130stanbul, Sivas ve Bal\u0131kesir\u2019de a\u00e7\u0131lacak okullar T\u00fcrk enerji sahas\u0131na nitelikli personel yeti\u015ftirmek i\u00e7in \u00e7al\u0131\u015facak.<\/p>","protected":false},"excerpt":{"rendered":"<p>Sorry, this entry is only available in Turkish. For the sake of viewer convenience, the content is shown below in the alternative language. You may click the link to switch the active language.Mill\u00ee E\u011fitim Bakanl\u0131\u011f\u0131, Enerji ve Tabii Kaynaklar Bakanl\u0131\u011f\u0131 ile Mill\u00ee Enerji E\u011fitim Hamlesi protokol\u00fc d\u00fczenledi. S\u00f6z konusu protokole g\u00f6re T\u00fcrkiye\u2019de dokuz farkl\u0131 \u015fehirde [&hellip;]<\/p>\n","protected":false},"author":1,"featured_media":58392,"comment_status":"open","ping_status":"open","sticky":false,"template":"","format":"standard","meta":[],"categories":[53,49,50],"tags":[67,1009,1972,631,37697,37698],"views":1289,"_links":{"self":[{"href":"https:\/\/www.enerjigazetesi.ist\/en\/wp-json\/wp\/v2\/posts\/74374"}],"collection":[{"href":"https:\/\/www.enerjigazetesi.ist\/en\/wp-json\/wp\/v2\/posts"}],"about":[{"href":"https:\/\/www.enerjigazetesi.ist\/en\/wp-json\/wp\/v2\/types\/post"}],"author":[{"embeddable":true,"href":"https:\/\/www.enerjigazetesi.ist\/en\/wp-json\/wp\/v2\/users\/1"}],"replies":[{"embeddable":true,"href":"https:\/\/www.enerjigazetesi.ist\/en\/wp-json\/wp\/v2\/comments?post=74374"}],"version-history":[{"count":1,"href":"https:\/\/www.enerjigazetesi.ist\/en\/wp-json\/wp\/v2\/posts\/74374\/revisions"}],"predecessor-version":[{"id":74375,"href":"https:\/\/www.enerjigazetesi.ist\/en\/wp-json\/wp\/v2\/posts\/74374\/revisions\/74375"}],"wp:featuredmedia":[{"embeddable":true,"href":"https:\/\/www.enerjigazetesi.ist\/en\/wp-json\/wp\/v2\/media\/58392"}],"wp:attachment":[{"href":"https:\/\/www.enerjigazetesi.ist\/en\/wp-json\/wp\/v2\/media?parent=74374"}],"wp:term":[{"taxonomy":"category","embeddable":true,"href":"https:\/\/www.enerjigazetesi.ist\/en\/wp-json\/wp\/v2\/categories?post=74374"},{"taxonomy":"post_tag","embeddable":true,"href":"https:\/\/www.enerjigazetesi.ist\/en\/wp-json\/wp\/v2\/tags?post=74374"}],"curies":[{"name":"wp","href":"https:\/\/api.w.org\/{rel}","templated":true}]}}