{"id":74369,"date":"2018-05-17T07:37:34","date_gmt":"2018-05-17T04:37:34","guid":{"rendered":"https:\/\/www.enerjigazetesi.ist\/?p=74369"},"modified":"2018-05-17T07:37:34","modified_gmt":"2018-05-17T04:37:34","slug":"cw-enerjiden-yesile-yatirim","status":"publish","type":"post","link":"https:\/\/www.enerjigazetesi.ist\/en\/cw-enerjiden-yesile-yatirim\/","title":{"rendered":"(Turkish) CW Enerji&#8217;den Ye\u015file Yat\u0131r\u0131m&#8230;"},"content":{"rendered":"<p class=\"qtranxs-available-languages-message qtranxs-available-languages-message-en\">Sorry, this entry is only available in <a href=\"https:\/\/www.enerjigazetesi.ist\/tr\/wp-json\/wp\/v2\/posts\/74369\" class=\"qtranxs-available-language-link qtranxs-available-language-link-tr\" title=\"Turkish\">Turkish<\/a>. For the sake of viewer convenience, the content is shown below in the alternative language. You may click the link to switch the active language.<\/p><p><strong>\u00c7evre dostu, temiz enerji kayna\u011f\u0131 g\u00fcne\u015f gibi s\u0131n\u0131rs\u0131z ve \u00fccretsiz bir kaynak olan g\u00fcne\u015f enerjisi sistemlerine yat\u0131r\u0131m yapan CW Enerji Y\u00f6netim Kurulu Ba\u015fkan\u0131 Tar\u0131k Sarvan, do\u011faya ve ye\u015file yat\u0131r\u0131m yapmaya devam ediyor. Tar\u0131k Sarvan, Antalya ili Elmal\u0131 il\u00e7esi K\u0131\u015fla k\u00f6y\u00fcne ge\u00e7ti\u011fimiz y\u0131l kendi elleriyle dikti\u011fi ceviz a\u011fa\u00e7lar\u0131n\u0131 yerinde inceleyerek, \u0131slah \u00e7al\u0131\u015fmalar\u0131n\u0131 yapt\u0131. Tar\u0131k Sarvan, \u00f6zel a\u011fa\u00e7land\u0131rma kapsam\u0131na da giren ceviz a\u011fac\u0131 dikimi ile ayn\u0131 zamanda tar\u0131msal kalk\u0131nmaya da destek olurken, ekolojik dengeye de katk\u0131 sa\u011flamay\u0131 hedeflediklerini ifade etti.<\/strong><\/p>\n<p>Antalya Organize Sanayi B\u00f6lgesinde \u00fcretimini ger\u00e7ekle\u015ftirdi\u011fi g\u00fcne\u015f panellerini i\u00e7 pazara ve t\u00fcm d\u00fcnya <img loading=\"lazy\" class=\"alignright size-medium wp-image-74370\" src=\"https:\/\/www.enerjigazetesi.ist\/wp-content\/uploads\/2018\/05\/cw-enerjiden-yesile-yatirim-300x150.jpeg\" alt=\"\" width=\"300\" height=\"150\" srcset=\"https:\/\/www.enerjigazetesi.ist\/wp-content\/uploads\/2018\/05\/cw-enerjiden-yesile-yatirim-300x150.jpeg 300w, https:\/\/www.enerjigazetesi.ist\/wp-content\/uploads\/2018\/05\/cw-enerjiden-yesile-yatirim-500x250.jpeg 500w, https:\/\/www.enerjigazetesi.ist\/wp-content\/uploads\/2018\/05\/cw-enerjiden-yesile-yatirim-80x40.jpeg 80w, https:\/\/www.enerjigazetesi.ist\/wp-content\/uploads\/2018\/05\/cw-enerjiden-yesile-yatirim.jpeg 640w\" sizes=\"(max-width: 300px) 100vw, 300px\" \/>\u00fclkelerine ihra\u00e7 eden CW Enerji Y\u00f6netim Kurulu Ba\u015fkan\u0131 Tar\u0131k Sarvan, do\u011faya ve ye\u015file yat\u0131r\u0131m yapmaya devam ediyor. Temiz \u00e7evre, temiz toplum bilinciyle yola \u00e7\u0131kan CW Enerji Y\u00f6netim Kurulu Ba\u015fkan\u0131 Tar\u0131k Sarvan, \u00e7evre dostu, temiz enerji kayna\u011f\u0131 g\u00fcne\u015fe yat\u0131r\u0131m yapt\u0131\u011f\u0131 gibi, iklim de\u011fi\u015fikli\u011fi tehlikesine dikkat \u00e7ekmek i\u00e7in kurulumunu ger\u00e7ekle\u015ftirdi\u011fi santrallerin \u00e7evresini ceviz a\u011fa\u00e7lar\u0131yla ye\u015fillendiriyor. Tar\u0131k Sarvan, \u00f6zel a\u011fa\u00e7land\u0131rma kapsam\u0131na da giren ceviz a\u011fac\u0131 dikimi ile ayn\u0131 zamanda tar\u0131msal kalk\u0131nmaya da destek olurken, ekolojik dengeye de katk\u0131 sa\u011flamay\u0131 hedeflediklerini ifade etti. Antalya ili Elmal\u0131 il\u00e7esi K\u0131\u015fla k\u00f6y\u00fcnde kurulumunu tamamlad\u0131\u011f\u0131 bir arazi g\u00fcne\u015f enerjisi santralinin etraf\u0131n\u0131 ceviz a\u011fa\u00e7lar\u0131yla donatan Tar\u0131k Sarvan, kendi elleriyle dikmi\u015f oldu\u011fu ceviz a\u011fa\u00e7lar\u0131n\u0131 tek tek inceleyerek, \u0131slah ve bak\u0131m \u00e7al\u0131\u015fmalar\u0131n\u0131 yapt\u0131.<\/p>\n<p>D\u00fcnyan\u0131n iklim de\u011fi\u015fikli\u011fi tehdidi alt\u0131nda bulundu\u011funu, ilerleyen d\u00f6nemde insanl\u0131\u011f\u0131 bekleyen en etkili krizlerden birinin iklim de\u011fi\u015fikli\u011fi oldu\u011funun alt\u0131n\u0131 \u00e7izen CW Enerji Y\u00f6netim Kurulu Ba\u015fkan\u0131 Tar\u0131k Sarvan, k\u00fcresel iklim de\u011fi\u015fikli\u011finde ormanlar\u0131n \u00f6nemine vurgu yapt\u0131. Ormanlar\u0131n, karalar \u00fczerinde ya\u015fayan t\u00fcrlerin yar\u0131dan fazlas\u0131na ya\u015fanabilir bir ortam sunman\u0131n yan\u0131 s\u0131ra, bitki \u00f6rt\u00fcs\u00fcnde ve toprakta b\u00fcy\u00fck miktarlarda karbon depolayarak atmosferdeki karbon dengesini d\u00fczenleyerek, k\u00fcresel \u0131s\u0131nman\u0131n yava\u015flat\u0131lmas\u0131na olanak sa\u011flad\u0131\u011f\u0131n\u0131 ifade eden Sarvan, iklim de\u011fi\u015fikli\u011fi tehlikesinin fark\u0131na var\u0131lmas\u0131 ve a\u011fa\u00e7land\u0131rma \u00e7al\u0131\u015fmalar\u0131n\u0131n artmas\u0131 gerekti\u011fini s\u00f6yledi.<\/p>\n<p>Tar\u0131k Sarvan, k\u00fcresel iklim de\u011fi\u015fikli\u011fi ile fosil yak\u0131tlar\u0131n kullan\u0131m\u0131n\u0131 m\u00fcmk\u00fcn oldu\u011fu kadar azalt\u0131p, g\u00fcne\u015f, r\u00fczgar gibi yenilenebilir enerji kaynaklar\u0131na y\u00f6nelerek m\u00fccadele edilebilece\u011fi vurgusunu yapt\u0131. \u0130klim de\u011fi\u015fikli\u011fi konusunda herkesin kendisini sorumlu hissetmesi gerekti\u011fini belirten Tar\u0131k Sarvan, bu durumun etkilerini azaltman\u0131n da bireysel \u00e7abalardan ge\u00e7ti\u011fini aktard\u0131. Sarvan, \u201cKendimize \u015funu hat\u0131rlatmak zorunday\u0131z. Asl\u0131nda iklim de\u011fi\u015fikli\u011finden biz bireysel olarak sorumluyuz ve iklim de\u011fi\u015fikli\u011finin etkilerini azaltman\u0131n yolu bireysel olarak bizim \u00e7abalar\u0131m\u0131zdan ge\u00e7iyor. \u00d6rne\u011fin evimizin \u00e7at\u0131s\u0131na yapt\u0131raca\u011f\u0131m\u0131z g\u00fcne\u015f enerjisi sistemi ile elektrik enerjinizi g\u00fcne\u015ften kar\u015f\u0131layabilirsiniz. Yenilenebilir ve temiz enerji olmas\u0131 sebebi ile \u00e7evreye zararl\u0131 duman, gaz, karbon monoksit, k\u00fck\u00fcrt ve radyasyon gibi etkileri olmayan bu sistemle iklim de\u011fi\u015fikli\u011fi tehdidine kar\u015f\u0131 bireysel \u00f6nleminizi alm\u0131\u015f olursunuz.\u201d dedi.<\/p>","protected":false},"excerpt":{"rendered":"<p>Sorry, this entry is only available in Turkish. For the sake of viewer convenience, the content is shown below in the alternative language. You may click the link to switch the active language.\u00c7evre dostu, temiz enerji kayna\u011f\u0131 g\u00fcne\u015f gibi s\u0131n\u0131rs\u0131z ve \u00fccretsiz bir kaynak olan g\u00fcne\u015f enerjisi sistemlerine yat\u0131r\u0131m yapan CW Enerji Y\u00f6netim Kurulu Ba\u015fkan\u0131 [&hellip;]<\/p>\n","protected":false},"author":1,"featured_media":74370,"comment_status":"open","ping_status":"open","sticky":false,"template":"","format":"standard","meta":[],"categories":[53,49],"tags":[34868,67,1009,23416,23131],"views":455,"_links":{"self":[{"href":"https:\/\/www.enerjigazetesi.ist\/en\/wp-json\/wp\/v2\/posts\/74369"}],"collection":[{"href":"https:\/\/www.enerjigazetesi.ist\/en\/wp-json\/wp\/v2\/posts"}],"about":[{"href":"https:\/\/www.enerjigazetesi.ist\/en\/wp-json\/wp\/v2\/types\/post"}],"author":[{"embeddable":true,"href":"https:\/\/www.enerjigazetesi.ist\/en\/wp-json\/wp\/v2\/users\/1"}],"replies":[{"embeddable":true,"href":"https:\/\/www.enerjigazetesi.ist\/en\/wp-json\/wp\/v2\/comments?post=74369"}],"version-history":[{"count":1,"href":"https:\/\/www.enerjigazetesi.ist\/en\/wp-json\/wp\/v2\/posts\/74369\/revisions"}],"predecessor-version":[{"id":74371,"href":"https:\/\/www.enerjigazetesi.ist\/en\/wp-json\/wp\/v2\/posts\/74369\/revisions\/74371"}],"wp:featuredmedia":[{"embeddable":true,"href":"https:\/\/www.enerjigazetesi.ist\/en\/wp-json\/wp\/v2\/media\/74370"}],"wp:attachment":[{"href":"https:\/\/www.enerjigazetesi.ist\/en\/wp-json\/wp\/v2\/media?parent=74369"}],"wp:term":[{"taxonomy":"category","embeddable":true,"href":"https:\/\/www.enerjigazetesi.ist\/en\/wp-json\/wp\/v2\/categories?post=74369"},{"taxonomy":"post_tag","embeddable":true,"href":"https:\/\/www.enerjigazetesi.ist\/en\/wp-json\/wp\/v2\/tags?post=74369"}],"curies":[{"name":"wp","href":"https:\/\/api.w.org\/{rel}","templated":true}]}}