{"id":74363,"date":"2018-05-17T07:32:05","date_gmt":"2018-05-17T04:32:05","guid":{"rendered":"https:\/\/www.enerjigazetesi.ist\/?p=74363"},"modified":"2018-05-17T07:32:05","modified_gmt":"2018-05-17T04:32:05","slug":"manisadaki-gunes-enerjili-akilli-atik-toplama-sistemi-faaliyete-gecti","status":"publish","type":"post","link":"https:\/\/www.enerjigazetesi.ist\/en\/manisadaki-gunes-enerjili-akilli-atik-toplama-sistemi-faaliyete-gecti\/","title":{"rendered":"(Turkish) Manisa\u2019daki G\u00fcne\u015f Enerjili Ak\u0131ll\u0131 At\u0131k Toplama Sistemi Faaliyete Ge\u00e7ti"},"content":{"rendered":"<p class=\"qtranxs-available-languages-message qtranxs-available-languages-message-en\">Sorry, this entry is only available in <a href=\"https:\/\/www.enerjigazetesi.ist\/tr\/wp-json\/wp\/v2\/posts\/74363\" class=\"qtranxs-available-language-link qtranxs-available-language-link-tr\" title=\"Turkish\">Turkish<\/a>. For the sake of viewer convenience, the content is shown below in the alternative language. You may click the link to switch the active language.<\/p><p><strong>\u015eehzadeler Belediyesi taraf\u0131ndan hayata ge\u00e7irilen g\u00fcne\u015f enerjili ak\u0131ll\u0131 geri d\u00f6n\u00fc\u015f\u00fcm kutusu projesinin tan\u0131t\u0131m\u0131 yap\u0131ld\u0131. Zafer Kalk\u0131nma Ajans\u0131 taraf\u0131ndan y\u00fcze 60\u2019l\u0131k hibe deste\u011fi almaya hak kazanan proje kapsam\u0131nda 7 adet g\u00fcne\u015f enerjili ak\u0131ll\u0131 at\u0131k toplama kutusu il\u00e7enin fakl\u0131 noktalar\u0131na yerle\u015ftirildi.<\/strong><\/p>\n<p>\u015eehzadeler Belediyesi T\u00fcrkiye\u2019de bir ilk olan g\u00fcne\u015f enerjili ak\u0131ll\u0131 at\u0131k toplama sistemini tan\u0131tt\u0131. <img loading=\"lazy\" class=\"alignright size-medium wp-image-74364\" src=\"https:\/\/www.enerjigazetesi.ist\/wp-content\/uploads\/2018\/05\/manisadaki-gunes-enerjili-akilli-atik-toplama-sistemi-faaliyete-gecti-300x150.jpg\" alt=\"\" width=\"300\" height=\"150\" srcset=\"https:\/\/www.enerjigazetesi.ist\/wp-content\/uploads\/2018\/05\/manisadaki-gunes-enerjili-akilli-atik-toplama-sistemi-faaliyete-gecti-300x150.jpg 300w, https:\/\/www.enerjigazetesi.ist\/wp-content\/uploads\/2018\/05\/manisadaki-gunes-enerjili-akilli-atik-toplama-sistemi-faaliyete-gecti-500x250.jpg 500w, https:\/\/www.enerjigazetesi.ist\/wp-content\/uploads\/2018\/05\/manisadaki-gunes-enerjili-akilli-atik-toplama-sistemi-faaliyete-gecti-80x40.jpg 80w, https:\/\/www.enerjigazetesi.ist\/wp-content\/uploads\/2018\/05\/manisadaki-gunes-enerjili-akilli-atik-toplama-sistemi-faaliyete-gecti.jpg 640w\" sizes=\"(max-width: 300px) 100vw, 300px\" \/>\u015eehzadeler il\u00e7esinde 7 farkl\u0131 noktaya ak\u0131ll\u0131 at\u0131k toplama kutular\u0131ndan monte edildi\u011fini ifade eden \u015eehzadeler Belediye Ba\u015fkan\u0131 \u00d6mer Faruk \u00c7elik, \u201c\u015eehzadeler Belediyesi olarak T\u00fcrkiye\u2019de ilk defa olacak olan bir projeyi daha hayata ge\u00e7iriyoruz. Bu cihazlar\u0131m\u0131z \u00fczerindeki g\u00fcne\u015f panelleri sayesinde kendi enerjisini \u00fcretebiliyor. Di\u011fer bir \u00f6zelli\u011fi, \u00fczerindeki aparat sayesinde cep telefonu \u015farj edilebilecek. Geri d\u00f6n\u00fc\u015f\u00fcm makinelerimizin \u00fczerinde at\u0131k piller i\u00e7in bir b\u00f6l\u00fcm var, ayr\u0131ca at\u0131k bitkisel ya\u011flar\u0131n toplanabilece\u011fi bir b\u00f6l\u00fcm, ka\u011f\u0131t toplama i\u00e7in plastik, cam ve metal at\u0131klar i\u00e7in bir b\u00f6l\u00fcm mevcut. Cihaz\u0131m\u0131za plastik, metal ve cam \u015fi\u015feler at\u0131ld\u0131\u011f\u0131nda makinenin belirledi\u011fi bir puan var ve puan sayesinde geri d\u00f6n\u00fc\u015f\u00fcm maddelerini atan vatanda\u015flar\u0131m\u0131za kalem hediye edecek. T\u00fcm vatanda\u015flar\u0131m\u0131z bu 7 noktaya geri d\u00f6n\u00fc\u015ft\u00fcr\u00fclebilir maddeleri g\u00f6t\u00fcr\u00fcp atabilirler. Bu cihazlar\u0131m\u0131z\u0131n toplam maliyeti 144 bin 550 lira olup Zafer Kalk\u0131nma Ajans\u0131\u2019na yapm\u0131\u015f oldu\u011fumuz proje ile bu bedelin y\u00fczde 60\u2019\u0131 Zafer Kalk\u0131nma Ajans\u0131 taraf\u0131ndan kar\u015f\u0131lanm\u0131\u015ft\u0131r\u201d dedi. Geri d\u00f6n\u00fc\u015f\u00fcme destek sa\u011flayacak olan cihazlar vatanda\u015flar taraf\u0131ndan da be\u011fenildi.&#8221; dedi.<\/p>","protected":false},"excerpt":{"rendered":"<p>Sorry, this entry is only available in Turkish. For the sake of viewer convenience, the content is shown below in the alternative language. You may click the link to switch the active language.\u015eehzadeler Belediyesi taraf\u0131ndan hayata ge\u00e7irilen g\u00fcne\u015f enerjili ak\u0131ll\u0131 geri d\u00f6n\u00fc\u015f\u00fcm kutusu projesinin tan\u0131t\u0131m\u0131 yap\u0131ld\u0131. Zafer Kalk\u0131nma Ajans\u0131 taraf\u0131ndan y\u00fcze 60\u2019l\u0131k hibe deste\u011fi almaya [&hellip;]<\/p>\n","protected":false},"author":1,"featured_media":74364,"comment_status":"open","ping_status":"open","sticky":false,"template":"","format":"standard","meta":[],"categories":[53,49],"tags":[67,1009,23416,23131,37695],"views":707,"_links":{"self":[{"href":"https:\/\/www.enerjigazetesi.ist\/en\/wp-json\/wp\/v2\/posts\/74363"}],"collection":[{"href":"https:\/\/www.enerjigazetesi.ist\/en\/wp-json\/wp\/v2\/posts"}],"about":[{"href":"https:\/\/www.enerjigazetesi.ist\/en\/wp-json\/wp\/v2\/types\/post"}],"author":[{"embeddable":true,"href":"https:\/\/www.enerjigazetesi.ist\/en\/wp-json\/wp\/v2\/users\/1"}],"replies":[{"embeddable":true,"href":"https:\/\/www.enerjigazetesi.ist\/en\/wp-json\/wp\/v2\/comments?post=74363"}],"version-history":[{"count":1,"href":"https:\/\/www.enerjigazetesi.ist\/en\/wp-json\/wp\/v2\/posts\/74363\/revisions"}],"predecessor-version":[{"id":74365,"href":"https:\/\/www.enerjigazetesi.ist\/en\/wp-json\/wp\/v2\/posts\/74363\/revisions\/74365"}],"wp:featuredmedia":[{"embeddable":true,"href":"https:\/\/www.enerjigazetesi.ist\/en\/wp-json\/wp\/v2\/media\/74364"}],"wp:attachment":[{"href":"https:\/\/www.enerjigazetesi.ist\/en\/wp-json\/wp\/v2\/media?parent=74363"}],"wp:term":[{"taxonomy":"category","embeddable":true,"href":"https:\/\/www.enerjigazetesi.ist\/en\/wp-json\/wp\/v2\/categories?post=74363"},{"taxonomy":"post_tag","embeddable":true,"href":"https:\/\/www.enerjigazetesi.ist\/en\/wp-json\/wp\/v2\/tags?post=74363"}],"curies":[{"name":"wp","href":"https:\/\/api.w.org\/{rel}","templated":true}]}}