{"id":74346,"date":"2018-05-17T02:03:28","date_gmt":"2018-05-16T23:03:28","guid":{"rendered":"https:\/\/www.enerjigazetesi.ist\/?p=74346"},"modified":"2018-05-17T02:03:28","modified_gmt":"2018-05-16T23:03:28","slug":"belcika-depolamaya-yonelik-buyuk-atak-yapiyor","status":"publish","type":"post","link":"https:\/\/www.enerjigazetesi.ist\/en\/belcika-depolamaya-yonelik-buyuk-atak-yapiyor\/","title":{"rendered":"(Turkish) Bel\u00e7ika, Depolamaya Y\u00f6nelik B\u00fcy\u00fck Atak Yap\u0131yor"},"content":{"rendered":"<p class=\"qtranxs-available-languages-message qtranxs-available-languages-message-en\">Sorry, this entry is only available in <a href=\"https:\/\/www.enerjigazetesi.ist\/tr\/wp-json\/wp\/v2\/posts\/74346\" class=\"qtranxs-available-language-link qtranxs-available-language-link-tr\" title=\"Turkish\">Turkish<\/a>. For the sake of viewer convenience, the content is shown below in the alternative language. You may click the link to switch the active language.<\/p><p><strong>Bel\u00e7ika, 18 MW\u2019l\u0131k bir batarya depolama sistemini kurararak, b\u00f6lgedeki yenilik\u00e7i depolama sistemlerini elektrik \u015febekesine entegre etme konusunda \u00f6nc\u00fc bir \u00e7al\u0131\u015fmay\u0131 faaliyete ge\u00e7irdi.<\/strong><\/p>\n<p>Bel\u00e7ika, yenilenebilir enerji ve depolama da\u011f\u0131t\u0131mlar\u0131 i\u00e7in lider bir pazar olarak geri d\u00f6n\u00fcyor. \u00dclke, 2011 y\u0131l\u0131nda beri 1 GW g\u00fcne\u015f enerjisi kapasitesinin zirvesine hen\u00fcz ula\u015famamakla birlikte, 2016 y\u0131l\u0131nda 179 MW\u2019luk bir kurulum ger\u00e7ekle\u015ftirirken, ge\u00e7ti\u011fimiz y\u0131la g\u00f6re %50\u2019lik bir art\u0131\u015f sa\u011flayarak 271 MW bir <img loading=\"lazy\" class=\"alignright size-medium wp-image-74347\" src=\"https:\/\/www.enerjigazetesi.ist\/wp-content\/uploads\/2018\/05\/belcika-depolamaya-yonelik-buyuk-atak-yapiyor-300x150.jpg\" alt=\"\" width=\"300\" height=\"150\" srcset=\"https:\/\/www.enerjigazetesi.ist\/wp-content\/uploads\/2018\/05\/belcika-depolamaya-yonelik-buyuk-atak-yapiyor-300x150.jpg 300w, https:\/\/www.enerjigazetesi.ist\/wp-content\/uploads\/2018\/05\/belcika-depolamaya-yonelik-buyuk-atak-yapiyor-500x250.jpg 500w, https:\/\/www.enerjigazetesi.ist\/wp-content\/uploads\/2018\/05\/belcika-depolamaya-yonelik-buyuk-atak-yapiyor-80x40.jpg 80w, https:\/\/www.enerjigazetesi.ist\/wp-content\/uploads\/2018\/05\/belcika-depolamaya-yonelik-buyuk-atak-yapiyor.jpg 640w\" sizes=\"(max-width: 300px) 100vw, 300px\" \/>kurulum ger\u00e7ekle\u015ftirdi. Bug\u00fcn ise, Dilsen-Stokkem\u2019de 18 MW\u2019l\u0131k bir ak\u00fc depolama projesinin resmi a\u00e7\u0131l\u0131\u015f\u0131n\u0131 yapan Flanders, yenilik\u00e7i depolama sistemlerini elektrik \u015febekesine entegre etmede de \u00f6nc\u00fc \u00e7al\u0131\u015fmalar\u0131n\u0131 g\u00f6steriyor.<\/p>\n<p>140 Tesla marka bataryalar tedarik edilerek, Bel\u00e7ika\u2019daki ulusal \u015febeke y\u00f6neticisi olan Elia\u2019n\u0131n birincil rezervine entegre edilmi\u015ftir. Restore Deutschland GmbH \u015firketi Dirk Rosenstock, a\u00e7\u0131l\u0131\u015f t\u00f6reninde pv dergisine yapt\u0131\u011f\u0131 a\u00e7\u0131klamada, Antwerp merkezli Restore, \u015febeke istikrar\u0131 sa\u011flamak i\u00e7in 30 ila 40 MW aras\u0131nda bir sanal santral kurmak \u00fczere Tesla ve b\u00f6lgesel yat\u0131r\u0131mc\u0131 LRM ile \u00e7al\u0131\u015ft\u0131.<\/p>\n<p>Restore\u2019un kurucu orta\u011f\u0131 ve e\u015f-CEO\u2019su Jan-Willem Rombouts, bu tesisin sadece be\u015f hafta i\u00e7inde in\u015fa edildi\u011fi belirtti. 1920\u2019lerde bu alan Flanders\u2019da \u00f6nemli bir k\u00f6m\u00fcr madencili\u011fi alan\u0131 haline gelmi\u015fti ve tepeleri ve g\u00f6lleri art\u0131k model ye\u015fil bir mikro-\u0131zgara olma yolunda ilerliyor. 18,2 MW\u2019l\u0131k batarya depolama tesisi bu d\u00f6n\u00fc\u015f\u00fcm\u00fcn ba\u015flang\u0131c\u0131n\u0131 i\u015faret ediyor. Limburg yat\u0131r\u0131m \u015firketi LRM\u2019nin CEO\u2019su Stijn Bijnens \u015f\u00f6yle a\u00e7\u0131kl\u0131yor: \u201cPillerin i\u015flevi \u015fu \u015fekilde olacak olacak; temel olarak, Elia\u2019n\u0131n birincil rezervi i\u00e7in kullan\u0131lacak ve g\u00fc\u00e7 \u015febekesini dengelemeye yard\u0131mc\u0131 olacak.<\/p>\n<p>Y\u00fczen bir g\u00fcne\u015f enerji sistemi de dahil olmak \u00fczere iki b\u00fcy\u00fck \u00f6l\u00e7ekli g\u00fcne\u015f enerji santrali, bu depolama alan\u0131na temiz g\u00fc\u00e7 sa\u011flayacakt\u0131r. Yani Tesla\u2019n\u0131n 140 pili y\u0131lda 67.000 ton CO2 tasarrufu sa\u011flayacakt\u0131r.<\/p>","protected":false},"excerpt":{"rendered":"<p>Sorry, this entry is only available in Turkish. For the sake of viewer convenience, the content is shown below in the alternative language. You may click the link to switch the active language.Bel\u00e7ika, 18 MW\u2019l\u0131k bir batarya depolama sistemini kurararak, b\u00f6lgedeki yenilik\u00e7i depolama sistemlerini elektrik \u015febekesine entegre etme konusunda \u00f6nc\u00fc bir \u00e7al\u0131\u015fmay\u0131 faaliyete ge\u00e7irdi. Bel\u00e7ika, [&hellip;]<\/p>\n","protected":false},"author":1,"featured_media":74347,"comment_status":"open","ping_status":"open","sticky":false,"template":"","format":"standard","meta":[],"categories":[51,53,49],"tags":[37690,37689,37691,19,2625,67,1009,105],"views":694,"_links":{"self":[{"href":"https:\/\/www.enerjigazetesi.ist\/en\/wp-json\/wp\/v2\/posts\/74346"}],"collection":[{"href":"https:\/\/www.enerjigazetesi.ist\/en\/wp-json\/wp\/v2\/posts"}],"about":[{"href":"https:\/\/www.enerjigazetesi.ist\/en\/wp-json\/wp\/v2\/types\/post"}],"author":[{"embeddable":true,"href":"https:\/\/www.enerjigazetesi.ist\/en\/wp-json\/wp\/v2\/users\/1"}],"replies":[{"embeddable":true,"href":"https:\/\/www.enerjigazetesi.ist\/en\/wp-json\/wp\/v2\/comments?post=74346"}],"version-history":[{"count":1,"href":"https:\/\/www.enerjigazetesi.ist\/en\/wp-json\/wp\/v2\/posts\/74346\/revisions"}],"predecessor-version":[{"id":74348,"href":"https:\/\/www.enerjigazetesi.ist\/en\/wp-json\/wp\/v2\/posts\/74346\/revisions\/74348"}],"wp:featuredmedia":[{"embeddable":true,"href":"https:\/\/www.enerjigazetesi.ist\/en\/wp-json\/wp\/v2\/media\/74347"}],"wp:attachment":[{"href":"https:\/\/www.enerjigazetesi.ist\/en\/wp-json\/wp\/v2\/media?parent=74346"}],"wp:term":[{"taxonomy":"category","embeddable":true,"href":"https:\/\/www.enerjigazetesi.ist\/en\/wp-json\/wp\/v2\/categories?post=74346"},{"taxonomy":"post_tag","embeddable":true,"href":"https:\/\/www.enerjigazetesi.ist\/en\/wp-json\/wp\/v2\/tags?post=74346"}],"curies":[{"name":"wp","href":"https:\/\/api.w.org\/{rel}","templated":true}]}}