{"id":74325,"date":"2018-05-16T07:17:26","date_gmt":"2018-05-16T04:17:26","guid":{"rendered":"https:\/\/www.enerjigazetesi.ist\/?p=74325"},"modified":"2018-05-16T07:17:26","modified_gmt":"2018-05-16T04:17:26","slug":"enerji-verimliligi-derneginin-yeni-genel-baskani-murat-kalsin-oldu","status":"publish","type":"post","link":"https:\/\/www.enerjigazetesi.ist\/en\/enerji-verimliligi-derneginin-yeni-genel-baskani-murat-kalsin-oldu\/","title":{"rendered":"(Turkish) Enerji Verimlili\u011fi Derne\u011finin Yeni Genel Ba\u015fkan\u0131 Murat Kals\u0131n Oldu"},"content":{"rendered":"<p class=\"qtranxs-available-languages-message qtranxs-available-languages-message-en\">Sorry, this entry is only available in <a href=\"https:\/\/www.enerjigazetesi.ist\/tr\/wp-json\/wp\/v2\/posts\/74325\" class=\"qtranxs-available-language-link qtranxs-available-language-link-tr\" title=\"Turkish\">Turkish<\/a>. For the sake of viewer convenience, the content is shown below in the alternative language. You may click the link to switch the active language.<\/p><p><strong>T\u00fcrkiye ithalat kaynaklar\u0131n\u0131n en \u00f6nemli kalemi olan enerjinin, daha az t\u00fcketilebilmesi i\u00e7in, enerji verimlili\u011finin alternatif bir enerji kayna\u011f\u0131 oldu\u011fu ger\u00e7e\u011fini \u00e7e\u015fitli projelerle g\u00fcndemde tutmaya \u00e7al\u0131\u015fan Enerji Verimlili\u011fi Derne\u011fi eski Genel Ba\u015fkan\u0131 \u0130brahim \u00c7a\u011flar\u2019\u0131n Aral\u0131k 2017\u2019de hayat\u0131n\u0131 kaybetmesinin ard\u0131ndan yeni Genel Ba\u015fkan se\u00e7ilen Murat Kals\u0131n, ilk Y\u00f6netim Kurulu toplant\u0131s\u0131 sonras\u0131nda \u00c7a\u011flar\u2019\u0131 and\u0131.<\/strong><\/p>\n<p>Murat Kals\u0131n, konu\u015fmas\u0131na derne\u011fe katk\u0131 sa\u011flayan, desteklerini esirgemeyen ve g\u00f6revi devreden eski y\u00f6netim kurulu \u00fcyelerine te\u015fekk\u00fcr ederek ba\u015flad\u0131. Kals\u0131n, \u201cEnerji Verimlili\u011fi Derne\u011fi\u2019nin yeni y\u00f6netim <img loading=\"lazy\" class=\"alignleft size-medium wp-image-74326\" src=\"https:\/\/www.enerjigazetesi.ist\/wp-content\/uploads\/2018\/05\/enerji-verimliligi-derneginin-yeni-genel-baskani-murat-kalsin-oldu-300x274.jpg\" alt=\"\" width=\"300\" height=\"274\" srcset=\"https:\/\/www.enerjigazetesi.ist\/wp-content\/uploads\/2018\/05\/enerji-verimliligi-derneginin-yeni-genel-baskani-murat-kalsin-oldu-300x274.jpg 300w, https:\/\/www.enerjigazetesi.ist\/wp-content\/uploads\/2018\/05\/enerji-verimliligi-derneginin-yeni-genel-baskani-murat-kalsin-oldu-438x400.jpg 438w, https:\/\/www.enerjigazetesi.ist\/wp-content\/uploads\/2018\/05\/enerji-verimliligi-derneginin-yeni-genel-baskani-murat-kalsin-oldu-55x50.jpg 55w, https:\/\/www.enerjigazetesi.ist\/wp-content\/uploads\/2018\/05\/enerji-verimliligi-derneginin-yeni-genel-baskani-murat-kalsin-oldu.jpg 696w\" sizes=\"(max-width: 300px) 100vw, 300px\" \/>kurulu olarak teslim ald\u0131\u011f\u0131m\u0131z bayra\u011f\u0131 heyecanl\u0131 ve ileriye ta\u015f\u0131maya hevesli g\u00fc\u00e7l\u00fc bir ekip ile enerji verimlili\u011fi konusunda artan bilin\u00e7li toplum oran\u0131m\u0131z\u0131 daha da art\u0131rmay\u0131 hedefliyoruz\u201d dedi.<\/p>\n<p>Enerji ve Tabii Kaynaklar Bakan\u0131 Berat Albayrak\u2019\u0131n 9. Enerji Verimlili\u011fi Fuar\u0131nda a\u00e7\u0131klad\u0131\u011f\u0131 \u201cEnerji Verimlili\u011fi Eylem Plan\u0131\u201d \u00e7er\u00e7evesinde, Enerji Verimlili\u011fi Derne\u011fi olarak \u00fczerlerine d\u00fc\u015fen her g\u00f6revi, di\u011fer g\u00f6revlerinde oldu\u011fu gibi lay\u0131k\u0131yla yerine getireceklerini vurgulayan Kals\u0131n, yapacaklar\u0131 hizmetlerin en \u00f6nemli sonucunun cari a\u00e7\u0131\u011f\u0131n azalt\u0131lmas\u0131na katk\u0131 olaca\u011f\u0131n\u0131 belirtti ve s\u00f6zlerini yeni se\u00e7ilen y\u00f6netim kurulu \u00fcyelerine de ba\u015far\u0131lar dileyerek bitirdi.<\/p>\n<p>Enerji Verimlili\u011fi Derne\u011fi Y\u00f6netim Kurulu<br \/>\nMurat Kals\u0131n \u2013 Genel Ba\u015fkan<br \/>\nMurat \u00d6zye\u011fin \u2013 Genel Ba\u015fkan Vekili<br \/>\nDr. \u0130zzet Alag\u00f6z \u2013 Genel Ba\u015fkan Vekili<br \/>\nErtu\u011frul Alt\u0131n \u2013 Genel Ba\u015fkan Vekili<br \/>\nAli \u0130hsan S\u0131lk\u0131m \u2013 Muhasip \u00dcye<br \/>\nFuat Tosyal\u0131 \u2013 Y\u00f6netim Kurulu \u00dcyesi<br \/>\nSerhat \u00c7e\u00e7en \u2013 Y\u00f6netim Kurulu \u00dcyesi<br \/>\nAhmet Erdem \u2013 Y\u00f6netim Kurulu \u00dcyesi<br \/>\nMemi\u015f K\u00fct\u00fckc\u00fc \u2013 Y\u00f6netim Kurulu \u00dcyesi<br \/>\nOsman Balta \u2013 Y\u00f6netim Kurulu \u00dcyesi<br \/>\nMeltem Oktay \u2013 Y\u00f6netim Kurulu \u00dcyesi<br \/>\nBerna Meri\u00e7 \u2013 Y\u00f6netim Kurulu \u00dcyesi<br \/>\nSuat \u0130nce \u2013 Y\u00f6netim Kurulu \u00dcyesi<br \/>\nDr. O\u011fuz CAN Y\u00f6netim Kurulu \u00dcyesi<br \/>\nCem Galip \u00d6zenen \u2013 Y\u00f6netim Kurulu \u00dcyesi<br \/>\nAn\u0131l Y\u0131lmaz \u2013 Y\u00f6netim Kurulu \u00dcyesi<br \/>\nMehmet Ert\u00fcrk \u2013 Y\u00f6netim Kurulu \u00dcyesi<\/p>","protected":false},"excerpt":{"rendered":"<p>Sorry, this entry is only available in Turkish. For the sake of viewer convenience, the content is shown below in the alternative language. You may click the link to switch the active language.T\u00fcrkiye ithalat kaynaklar\u0131n\u0131n en \u00f6nemli kalemi olan enerjinin, daha az t\u00fcketilebilmesi i\u00e7in, enerji verimlili\u011finin alternatif bir enerji kayna\u011f\u0131 oldu\u011fu ger\u00e7e\u011fini \u00e7e\u015fitli projelerle g\u00fcndemde [&hellip;]<\/p>\n","protected":false},"author":1,"featured_media":74326,"comment_status":"open","ping_status":"open","sticky":false,"template":"","format":"standard","meta":[],"categories":[53,52],"tags":[67,1009,1525,26559,466],"views":771,"_links":{"self":[{"href":"https:\/\/www.enerjigazetesi.ist\/en\/wp-json\/wp\/v2\/posts\/74325"}],"collection":[{"href":"https:\/\/www.enerjigazetesi.ist\/en\/wp-json\/wp\/v2\/posts"}],"about":[{"href":"https:\/\/www.enerjigazetesi.ist\/en\/wp-json\/wp\/v2\/types\/post"}],"author":[{"embeddable":true,"href":"https:\/\/www.enerjigazetesi.ist\/en\/wp-json\/wp\/v2\/users\/1"}],"replies":[{"embeddable":true,"href":"https:\/\/www.enerjigazetesi.ist\/en\/wp-json\/wp\/v2\/comments?post=74325"}],"version-history":[{"count":1,"href":"https:\/\/www.enerjigazetesi.ist\/en\/wp-json\/wp\/v2\/posts\/74325\/revisions"}],"predecessor-version":[{"id":74327,"href":"https:\/\/www.enerjigazetesi.ist\/en\/wp-json\/wp\/v2\/posts\/74325\/revisions\/74327"}],"wp:featuredmedia":[{"embeddable":true,"href":"https:\/\/www.enerjigazetesi.ist\/en\/wp-json\/wp\/v2\/media\/74326"}],"wp:attachment":[{"href":"https:\/\/www.enerjigazetesi.ist\/en\/wp-json\/wp\/v2\/media?parent=74325"}],"wp:term":[{"taxonomy":"category","embeddable":true,"href":"https:\/\/www.enerjigazetesi.ist\/en\/wp-json\/wp\/v2\/categories?post=74325"},{"taxonomy":"post_tag","embeddable":true,"href":"https:\/\/www.enerjigazetesi.ist\/en\/wp-json\/wp\/v2\/tags?post=74325"}],"curies":[{"name":"wp","href":"https:\/\/api.w.org\/{rel}","templated":true}]}}