{"id":74311,"date":"2018-05-15T07:38:40","date_gmt":"2018-05-15T04:38:40","guid":{"rendered":"https:\/\/www.enerjigazetesi.ist\/?p=74311"},"modified":"2018-05-15T07:38:40","modified_gmt":"2018-05-15T04:38:40","slug":"yenilenebilir-enerji-2017-yilinda-10-3-milyon-kisiye-istihdam-yaratti","status":"publish","type":"post","link":"https:\/\/www.enerjigazetesi.ist\/en\/yenilenebilir-enerji-2017-yilinda-10-3-milyon-kisiye-istihdam-yaratti\/","title":{"rendered":"(Turkish) Yenilenebilir Enerji 2017 Y\u0131l\u0131nda 10.3 Milyon Ki\u015fiye \u0130stihdam Yaratt\u0131"},"content":{"rendered":"<p class=\"qtranxs-available-languages-message qtranxs-available-languages-message-en\">Sorry, this entry is only available in <a href=\"https:\/\/www.enerjigazetesi.ist\/tr\/wp-json\/wp\/v2\/posts\/74311\" class=\"qtranxs-available-language-link qtranxs-available-language-link-tr\" title=\"Turkish\">Turkish<\/a>. For the sake of viewer convenience, the content is shown below in the alternative language. You may click the link to switch the active language.<\/p><p><strong>Uluslararas\u0131 Yenilenebilir Enerji Ajans\u0131 IRENA verilerine g\u00f6re, 2017 y\u0131l\u0131nda d\u00fcnya genelinde yenilenebilir enerji end\u00fcstrisi bir \u00f6nceki y\u0131la g\u00f6re y\u00fczde 5.3 oran\u0131nda art\u0131\u015f kaydederek 500 binden fazla yeni i\u015f imkan\u0131 sa\u011flad\u0131.<\/strong><\/p>\n<p><strong>G\u00dcNE\u015e EN BA\u015eTA GEL\u0130YOR<img loading=\"lazy\" class=\"alignright size-medium wp-image-10264\" src=\"https:\/\/www.enerjigazetesi.ist\/wp-content\/uploads\/2013\/04\/ruzgar-ve-gunes-enerji-si-300x185.jpg\" alt=\"\" width=\"300\" height=\"185\" srcset=\"https:\/\/www.enerjigazetesi.ist\/wp-content\/uploads\/2013\/04\/ruzgar-ve-gunes-enerji-si-300x185.jpg 300w, https:\/\/www.enerjigazetesi.ist\/wp-content\/uploads\/2013\/04\/ruzgar-ve-gunes-enerji-si-80x50.jpg 80w, https:\/\/www.enerjigazetesi.ist\/wp-content\/uploads\/2013\/04\/ruzgar-ve-gunes-enerji-si.jpg 405w\" sizes=\"(max-width: 300px) 100vw, 300px\" \/><\/strong><\/p>\n<p>Verilere g\u00f6re t\u00fcm yenilenebilir enerji istihdam\u0131 i\u00e7inde g\u00fcne\u015f ba\u015f\u0131 \u00e7ekiyor. G\u00fcne\u015f enerjisi sekt\u00f6r\u00fcnde \u00e7al\u0131\u015fan insan say\u0131s\u0131 ge\u00e7en y\u0131l bir \u00f6nceki y\u0131la g\u00f6re yakla\u015f\u0131k y\u00fczde 9 art\u0131\u015f kaydederek 3.4 milyon oldu. Bu istihdam\u0131n 2.2 milyonu ise \u00c7in\u2019de sa\u011fland\u0131. \u00c7in\u2019in yan\u0131nda ABD, Japonya, Hindistan ve Banglade\u015f t\u00fcm g\u00fcne\u015f istihdam\u0131n\u0131n y\u00fczde 90\u2019\u0131n\u0131n kar\u015f\u0131lad\u0131.<\/p>\n<p><strong>R\u00dcZGAR 1.15 M\u0130LYON \u0130NSANA \u0130\u015e OLANA\u011eI SA\u011eLADI<\/strong><\/p>\n<p>R\u00fczgar enerjisi ge\u00e7en y\u0131l bir \u00f6nceki y\u0131la g\u00f6re hafif bir art\u0131\u015fla 1.15 milyon insana i\u015f olana\u011f\u0131 sundu. Bu istihdam\u0131n y\u00fczde 44\u2019\u00fc \u00c7in\u2019de, y\u00fczde 30\u2019u Avrupa\u2019da ve y\u00fczde 10\u2019u Kuzey Amerika\u2019da ger\u00e7ekle\u015fti.<\/p>\n<p>Jeotermal sekt\u00f6r\u00fcn\u00fcn ise\u00a0jeotermal \u0131s\u0131 pompas\u0131 i\u015finde b\u00fcy\u00fck \u00e7o\u011funlu\u011fu ile 2017 sonunda yakla\u015f\u0131k 93.000 ki\u015fi istihdam etti\u011fi tahmin ediliyor.<\/p>","protected":false},"excerpt":{"rendered":"<p>Sorry, this entry is only available in Turkish. For the sake of viewer convenience, the content is shown below in the alternative language. You may click the link to switch the active language.Uluslararas\u0131 Yenilenebilir Enerji Ajans\u0131 IRENA verilerine g\u00f6re, 2017 y\u0131l\u0131nda d\u00fcnya genelinde yenilenebilir enerji end\u00fcstrisi bir \u00f6nceki y\u0131la g\u00f6re y\u00fczde 5.3 oran\u0131nda art\u0131\u015f kaydederek [&hellip;]<\/p>\n","protected":false},"author":1,"featured_media":10264,"comment_status":"open","ping_status":"open","sticky":false,"template":"","format":"standard","meta":[],"categories":[53,49,50],"tags":[67,1009,2326,23416,474,24949,26829],"views":507,"_links":{"self":[{"href":"https:\/\/www.enerjigazetesi.ist\/en\/wp-json\/wp\/v2\/posts\/74311"}],"collection":[{"href":"https:\/\/www.enerjigazetesi.ist\/en\/wp-json\/wp\/v2\/posts"}],"about":[{"href":"https:\/\/www.enerjigazetesi.ist\/en\/wp-json\/wp\/v2\/types\/post"}],"author":[{"embeddable":true,"href":"https:\/\/www.enerjigazetesi.ist\/en\/wp-json\/wp\/v2\/users\/1"}],"replies":[{"embeddable":true,"href":"https:\/\/www.enerjigazetesi.ist\/en\/wp-json\/wp\/v2\/comments?post=74311"}],"version-history":[{"count":1,"href":"https:\/\/www.enerjigazetesi.ist\/en\/wp-json\/wp\/v2\/posts\/74311\/revisions"}],"predecessor-version":[{"id":74312,"href":"https:\/\/www.enerjigazetesi.ist\/en\/wp-json\/wp\/v2\/posts\/74311\/revisions\/74312"}],"wp:featuredmedia":[{"embeddable":true,"href":"https:\/\/www.enerjigazetesi.ist\/en\/wp-json\/wp\/v2\/media\/10264"}],"wp:attachment":[{"href":"https:\/\/www.enerjigazetesi.ist\/en\/wp-json\/wp\/v2\/media?parent=74311"}],"wp:term":[{"taxonomy":"category","embeddable":true,"href":"https:\/\/www.enerjigazetesi.ist\/en\/wp-json\/wp\/v2\/categories?post=74311"},{"taxonomy":"post_tag","embeddable":true,"href":"https:\/\/www.enerjigazetesi.ist\/en\/wp-json\/wp\/v2\/tags?post=74311"}],"curies":[{"name":"wp","href":"https:\/\/api.w.org\/{rel}","templated":true}]}}