{"id":74300,"date":"2018-05-15T07:25:05","date_gmt":"2018-05-15T04:25:05","guid":{"rendered":"https:\/\/www.enerjigazetesi.ist\/?p=74300"},"modified":"2018-05-15T07:27:56","modified_gmt":"2018-05-15T04:27:56","slug":"ab-ulkelerinden-nakliye-emisyonlarinda-iddiali-hedefler-icin-cagri","status":"publish","type":"post","link":"https:\/\/www.enerjigazetesi.ist\/en\/ab-ulkelerinden-nakliye-emisyonlarinda-iddiali-hedefler-icin-cagri\/","title":{"rendered":"(Turkish) AB \u00dclkeleri&#8217;nden Nakliye Emisyonlar\u0131nda \u0130ddial\u0131 Hedefler \u0130\u00e7in \u00c7a\u011fr\u0131"},"content":{"rendered":"<p class=\"qtranxs-available-languages-message qtranxs-available-languages-message-en\">Sorry, this entry is only available in <a href=\"https:\/\/www.enerjigazetesi.ist\/tr\/wp-json\/wp\/v2\/posts\/74300\" class=\"qtranxs-available-language-link qtranxs-available-language-link-tr\" title=\"Turkish\">Turkish<\/a>. For the sake of viewer convenience, the content is shown below in the alternative language. You may click the link to switch the active language.<\/p><p><strong><img loading=\"lazy\" class=\"alignleft wp-image-8085 size-medium\" src=\"https:\/\/www.enerjigazetesi.ist\/wp-content\/uploads\/2013\/03\/araba-motorlu-tasitlar-emisyon-karbon-vergisi-mtv-otv-505x248-300x181.jpg\" alt=\"ab-ulkelerinden-nakliye-emisyonlarinda-iddiali-hedefler-icin-cagri\" width=\"300\" height=\"181\" srcset=\"https:\/\/www.enerjigazetesi.ist\/wp-content\/uploads\/2013\/03\/araba-motorlu-tasitlar-emisyon-karbon-vergisi-mtv-otv-505x248-300x181.jpg 300w, https:\/\/www.enerjigazetesi.ist\/wp-content\/uploads\/2013\/03\/araba-motorlu-tasitlar-emisyon-karbon-vergisi-mtv-otv-505x248-80x48.jpg 80w, https:\/\/www.enerjigazetesi.ist\/wp-content\/uploads\/2013\/03\/araba-motorlu-tasitlar-emisyon-karbon-vergisi-mtv-otv-505x248.jpg 409w\" sizes=\"(max-width: 300px) 100vw, 300px\" \/>Ge\u00e7en hafta Avrupa Komisyonu\u2019nun yeni ve \u00e7ok y\u0131ll\u0131k b\u00fct\u00e7esinde emisyonlar\u0131n azalt\u0131lmas\u0131 ve iklim de\u011fi\u015fikli\u011fine uyum fonlar\u0131n\u0131, b\u00fct\u00e7enin %25\u2019ine denk gelecek \u015fekilde b\u00fcy\u00fctmeyi planlad\u0131\u011f\u0131n\u0131 payla\u015fm\u0131\u015ft\u0131k. <\/strong><\/p>\n<p>Fransa ve Hollanda\u2019n\u0131n da dahil oldu\u011fu d\u00f6rt Avrupa Birli\u011fi \u00fclkesi, Avrupa Komisyonu\u2019nun ay sonunda yapmas\u0131n\u0131 bekledi\u011fi teklif \u00f6ncesinde, kamyonlar\u0131n, CO<sub>2<\/sub>\u00a0emisyonlar\u0131n\u0131n azalt\u0131lmas\u0131 i\u00e7in \u00e7a\u011fr\u0131da bulundular. Fransa, \u201cnakliyeyi karbonsuzla\u015ft\u0131rmaya y\u00f6nelik \u00e7abalar\u0131 geni\u015fletmek i\u00e7in 2025, 2030 ve 2050 y\u0131llar\u0131na sabitlenecek iddial\u0131 hedefler\u201d istedi\u011fini a\u00e7\u0131klad\u0131. \u0130rlanda, Litvanya, Hollanda ve L\u00fcksemburg bakanlar\u0131, Komisyon\u2019a 2025 i\u00e7in en az %24, 2030 i\u00e7in ise en az %35 \u2013 45\u2019lik bir CO<sub>2<\/sub>\u00a0sal\u0131n\u0131m azaltma hedefi belirlemesi i\u00e7in \u00e7a\u011fr\u0131da bulundular.<\/p>\n<p>Amerika Birle\u015fik Devletleri, \u00c7in, Japonya ve Kanada gibi di\u011fer \u00fclkelerin aksine, Avrupa Birli\u011fi\u2019nde, trafikteki ara\u00e7lar\u0131n yaln\u0131zca %5\u2019ini olu\u015fturmas\u0131na ra\u011fmen kara ula\u015f\u0131m\u0131 emisyonlar\u0131n\u0131n %25\u2019ine neden olan kamyonlar\u0131n CO<sub>2<\/sub>\u00a0emisyonlar\u0131 \u00fczerine belirlenmi\u015f bir s\u0131n\u0131r bulunmuyor. Komisyon\u2019un 16 May\u0131s\u2019ta Avrupa Birli\u011fi\u2019nin kamyonlar \u00fczerine ilk CO<sub>2<\/sub>standartlar\u0131n\u0131 teklif etmesinin ard\u0131ndan, Avrupa Parlamentosu ve ulusal h\u00fck\u00fcmetler taraf\u0131ndan \u00fczerinde anla\u015fmaya var\u0131lmas\u0131 bekleniliyor. Birlik, nakliye emisyonlar\u0131n\u0131, sera gaz\u0131 emisyonlar\u0131n\u0131 2030 y\u0131l\u0131na kadar 1990 seviyelerinin en az %40\u2019\u0131n alt\u0131na indirmeyi ama\u00e7layan hedefler \u00e7er\u00e7evesinde azaltmak istiyor.<\/p>\n<p><a href=\"https:\/\/www.reuters.com\/article\/us-eu-trucks-emissions\/eu-states-call-for-ambitious-truck-co2-emissions-targets-idUSKBN1I80VS\"><em>Reuters<\/em><\/a><\/p>","protected":false},"excerpt":{"rendered":"<p>Sorry, this entry is only available in Turkish. For the sake of viewer convenience, the content is shown below in the alternative language. You may click the link to switch the active language.Ge\u00e7en hafta Avrupa Komisyonu\u2019nun yeni ve \u00e7ok y\u0131ll\u0131k b\u00fct\u00e7esinde emisyonlar\u0131n azalt\u0131lmas\u0131 ve iklim de\u011fi\u015fikli\u011fine uyum fonlar\u0131n\u0131, b\u00fct\u00e7enin %25\u2019ine denk gelecek \u015fekilde b\u00fcy\u00fctmeyi planlad\u0131\u011f\u0131n\u0131 [&hellip;]<\/p>\n","protected":false},"author":1,"featured_media":8085,"comment_status":"open","ping_status":"open","sticky":false,"template":"","format":"standard","meta":[],"categories":[53,52],"tags":[4135,67,1009,12,3344,37676,30705,793],"views":686,"_links":{"self":[{"href":"https:\/\/www.enerjigazetesi.ist\/en\/wp-json\/wp\/v2\/posts\/74300"}],"collection":[{"href":"https:\/\/www.enerjigazetesi.ist\/en\/wp-json\/wp\/v2\/posts"}],"about":[{"href":"https:\/\/www.enerjigazetesi.ist\/en\/wp-json\/wp\/v2\/types\/post"}],"author":[{"embeddable":true,"href":"https:\/\/www.enerjigazetesi.ist\/en\/wp-json\/wp\/v2\/users\/1"}],"replies":[{"embeddable":true,"href":"https:\/\/www.enerjigazetesi.ist\/en\/wp-json\/wp\/v2\/comments?post=74300"}],"version-history":[{"count":6,"href":"https:\/\/www.enerjigazetesi.ist\/en\/wp-json\/wp\/v2\/posts\/74300\/revisions"}],"predecessor-version":[{"id":74306,"href":"https:\/\/www.enerjigazetesi.ist\/en\/wp-json\/wp\/v2\/posts\/74300\/revisions\/74306"}],"wp:featuredmedia":[{"embeddable":true,"href":"https:\/\/www.enerjigazetesi.ist\/en\/wp-json\/wp\/v2\/media\/8085"}],"wp:attachment":[{"href":"https:\/\/www.enerjigazetesi.ist\/en\/wp-json\/wp\/v2\/media?parent=74300"}],"wp:term":[{"taxonomy":"category","embeddable":true,"href":"https:\/\/www.enerjigazetesi.ist\/en\/wp-json\/wp\/v2\/categories?post=74300"},{"taxonomy":"post_tag","embeddable":true,"href":"https:\/\/www.enerjigazetesi.ist\/en\/wp-json\/wp\/v2\/tags?post=74300"}],"curies":[{"name":"wp","href":"https:\/\/api.w.org\/{rel}","templated":true}]}}