{"id":74271,"date":"2018-05-15T01:18:40","date_gmt":"2018-05-14T22:18:40","guid":{"rendered":"https:\/\/www.enerjigazetesi.ist\/?p=74271"},"modified":"2018-05-15T01:18:40","modified_gmt":"2018-05-14T22:18:40","slug":"gunder-gunes-enerjisi-yol-haritasi-calistayi-duzenlendi","status":"publish","type":"post","link":"https:\/\/www.enerjigazetesi.ist\/en\/gunder-gunes-enerjisi-yol-haritasi-calistayi-duzenlendi\/","title":{"rendered":"(Turkish) G\u00dcNDER G\u00fcne\u015f Enerjisi Yol Haritas\u0131 \u00c7al\u0131\u015ftay\u0131 D\u00fczenlendi"},"content":{"rendered":"<p class=\"qtranxs-available-languages-message qtranxs-available-languages-message-en\">Sorry, this entry is only available in <a href=\"https:\/\/www.enerjigazetesi.ist\/tr\/wp-json\/wp\/v2\/posts\/74271\" class=\"qtranxs-available-language-link qtranxs-available-language-link-tr\" title=\"Turkish\">Turkish<\/a>. For the sake of viewer convenience, the content is shown below in the alternative language. You may click the link to switch the active language.<\/p><p><strong>G\u00dcNDER, G\u00fcne\u015f Enerjisi Sekt\u00f6r\u00fcn\u00fcn yol haritas\u0131n\u0131n belirlenmesi i\u00e7in Yol Haritas\u0131 \u00c7al\u0131\u015ftay\u0131 Organize Etti. Dr. De\u011fer Sayg\u0131n, SHURA Enerji D\u00f6n\u00fc\u015f\u00fcm\u00fc Merkezi ve Yenilenebilir Enerji Potansiyelimizi Anlatt\u0131.<\/strong><\/p>\n<p>Dr. De\u011fer Sayg\u0131n \u00d6ncelikle SHURA\u2019n\u0131n Hedefleri Hakk\u0131nda bilgi verdi.<\/p>\n<p><strong>SHURA;T\u00fcrkiye\u2019de enerji sekt\u00f6r\u00fcn\u00fcn t\u00fcm payda\u015flar\u0131 i\u00e7in;<\/strong><\/p>\n<p><img loading=\"lazy\" class=\"alignleft wp-image-74272 size-medium\" src=\"https:\/\/www.enerjigazetesi.ist\/wp-content\/uploads\/2018\/05\/gunder-gunes-enerjisi-yol-haritasi-calistayi-duzenlendi-300x150.jpg\" alt=\"\" width=\"300\" height=\"150\" srcset=\"https:\/\/www.enerjigazetesi.ist\/wp-content\/uploads\/2018\/05\/gunder-gunes-enerjisi-yol-haritasi-calistayi-duzenlendi-300x150.jpg 300w, https:\/\/www.enerjigazetesi.ist\/wp-content\/uploads\/2018\/05\/gunder-gunes-enerjisi-yol-haritasi-calistayi-duzenlendi-500x250.jpg 500w, https:\/\/www.enerjigazetesi.ist\/wp-content\/uploads\/2018\/05\/gunder-gunes-enerjisi-yol-haritasi-calistayi-duzenlendi-80x40.jpg 80w, https:\/\/www.enerjigazetesi.ist\/wp-content\/uploads\/2018\/05\/gunder-gunes-enerjisi-yol-haritasi-calistayi-duzenlendi.jpg 640w\" sizes=\"(max-width: 300px) 100vw, 300px\" \/>&#8211; Ortak bir de\u011ferleme platformu olarak;<\/p>\n<p>&#8211; Teknoloji, ekonomi ve enerji politikalar\u0131 ile ilgili<\/p>\n<p>&#8211; Versi bazl\u0131 tarafs\u0131z, ba\u011f\u0131ms\u0131z teknik ara\u015ft\u0131rma ve analizlerle<\/p>\n<p>&#8211; T\u00fcrkiye\u2019nin enerji d\u00f6n\u00fc\u015f\u00fcm\u00fc ile ilgili tart\u0131\u015fmalara katk\u0131da bulunmay\u0131 hedefliyor.<\/p>\n<p>Sayg\u0131n; SHURA Enerji D\u00f6n\u00fc\u015f\u00fcm\u00fc Merkezi\u2019nin ; European Climate Foundation (ECF), Almanya\u2019n\u0131n enerji konusundaki en etkin d\u00fc\u015f\u00fcnce kurulu\u015fu Agora Energiewende ve Sabanc\u0131 \u00dcniversitesi \u0130stanbul Politikalar Merkezi (\u0130PM) ortakl\u0131\u011f\u0131nda kuruldu\u011funu s\u00f6yledi. K\u0131saca SHURA\u2019n\u0131n kurulu\u015funa da De\u011finen Sayg\u0131n SHURA\u2019N\u0131n Aral\u0131k 2017\u2019de kuruldu\u011funu merkezinin Karak\u00f6y IPM\/Sanabc\u0131 \u00dcniversitesi Minerva Han\u2019da oldu\u011funu belirtti. Rasemi tan\u0131t\u0131m\u0131n\u0131n 6 May\u0131s\u2019ta yap\u0131ld\u0131\u011f\u0131n\u0131 dile getirdi.<\/p>\n<p>Sayg\u0131n D\u00fcnyada \u00fcretilen elektri\u011fin yakla\u015f\u0131k \u00bc\u2019n\u00fcn yenilenebilir enerjiden sa\u011fland\u0131\u011f\u0131n\u0131 ifade ederek G\u00fcne\u015f Enerjisinden Elektrik \u00fcretme pay\u0131n\u0131 %1 civar\u0131nda oldu\u011funu ama \u00e7ok daha b\u00fcy\u00fck potansiyeli oldu\u011funu vurgulad\u0131.<\/p>\n<p>2012\u2019den bu yana bak\u0131ld\u0131\u011f\u0131ndan art\u0131k yenilenebilir kaynaklar\u0131n \u00f6ne \u00e7\u0131kt\u0131\u011f\u0131n\u0131 ve 2017 senesine bak\u0131ld\u0131\u011f\u0131nda ise G\u00fcne\u015f Enerjisinden elektrik \u00fcretilmesinin ilk defa r\u00fczgardan sa\u011flanan enerjisi ge\u00e7ti\u011fini ifade ederek 94 GW \u2018l\u0131k bir kurulu g\u00fcc\u00fcn sisteme girdi\u011finin alt\u0131n\u0131 \u00e7izdi. Bunun nedenlerinin ba\u015f\u0131nda da \u00f6zellikle G\u00fcne\u015fte d\u00fc\u015fen elektrik \u00fcretim maliyetlerinin bunda etkili oldu\u011funu s\u00f6yledi. Ayr\u0131ca \u00f6n\u00fcm\u00fczdeki 3 y\u0131l i\u00e7inde bu maliyetin r\u00fczgar seviyesine yani 6 cent\u2019ler civar\u0131na d\u00fc\u015fece\u011fini \u00f6ng\u00f6r\u00fcyor. Sayg\u0131n ayr\u0131ca bunun D\u00fcnya\u2019daki G\u00fcne\u015f be R\u00fczgar \u0130hale sonu\u00e7lar\u0131ndan da g\u00f6r\u00fclebilece\u011fini vurgulad\u0131.<\/p>\n<p>\u00c7at\u0131 tipi G\u00fcne\u015f Enerji Sistemleri hakk\u0131nda da bilgi veren Sayg\u0131n; y\u0131llard\u0131r Almanya ve Amerika\u2019daki uygulamalar hakk\u0131nda veriler iletti. Ayr\u0131ca gelecek hakk\u0131nda neler beklendi\u011fini vurgulayan Sayg\u0131n teknolojik geli\u015fmelerle birlikte maliyetlerin iyice d\u00fc\u015fece\u011fini ve sekt\u00f6r\u00fcn buna ba\u011fl\u0131 ilerleyece\u011fini belirtti. \u0130\u015fin Politik y\u00f6n\u00fcne bak\u0131ld\u0131\u011f\u0131nda ise G\u00fcn\u00fcm\u00fczde 150 \u00fclkenin yenilenebilir enerji hedefledi\u011fini ve bunlardan 126 tanesinin farkl\u0131 politika ve mevzuatlar geli\u015ftirdi\u011fini ortaya koydu.<\/p>\n<p>Sayg\u0131n Teknoloji, sistem i\u015fletimi ve y\u00f6netimi yeni i\u015f modelleri, piyasa tasar\u0131m\u0131 ve politika ara\u00e7lar\u0131 alan\u0131ndaki geli\u015fmelere de de\u011finerek bunlarda \u00f6ne \u00e7\u0131kan unsurlar\u0131n; Ak\u0131ll\u0131 \u015febekeler, Enterkonneksiyon ve daha g\u00fc\u00e7l\u00fc \u015febeke sistemleri, Enerji Depolama , Enerji y\u00f6netim ve sistem y\u00f6netinde g\u00fcvenilirlik ve kalitenin artt\u0131r\u0131lmas\u0131, AR-GE \u00e7al\u0131\u015fmalar\u0131, Yeni elektrik piyasa , i\u015f ve finansman modelleri oldu\u011funu belirtti.<\/p>\n<p>SHURA\u2019n\u0131n T\u00fcrkiye ile ilgili \u00e7al\u0131\u015fmalar\u0131na da de\u011finen Sayg\u0131n; SHURA\u2019n\u0131n \u00e7al\u0131\u015fmas\u0131 hakk\u0131nda T\u00fcrkiye\u2019nin ilk yenilenebilir enerji \u015febekesi entegrasyonu oldu\u011funu, \u00c7al\u0131\u015fman\u0131n TE\u0130A\u015e\u2019\u0131n mevcut \u00e7al\u0131\u015fmalar\u0131n\u0131 tamamlay\u0131c\u0131 nitelikte oldu\u011funu, 2026 y\u0131l\u0131nda planlanan G\u00fcne\u015f ve R\u00fczgar Kurulu g\u00fcc\u00fcn\u00fc ikiye katlayarak40GW eri\u015filmesinin sistem planlama ve operasyona b\u00fcy\u00fck bir etkisi olmayaca\u011f\u0131n\u0131 , Herhangi bir ek iletim \u015febeke yat\u0131r\u0131m\u0131 maliyeti olmayaca\u011f\u0131n\u0131, R\u00fczgar ve G\u00fcne\u015f santrallerinin yerel \u015febeke kapasitesi ve toplam elektrik talebi dikkate al\u0131narak se\u00e7ildi\u011fi ve sistem esnekli\u011fi artt\u0131r\u0131ld\u0131\u011f\u0131 takdirde kurulu g\u00fcc\u00fcn 3 kat\u0131na \u00e7\u0131kar\u0131lmas\u0131n\u0131n az maliyetle m\u00fcmk\u00fcn olaca\u011f\u0131n\u0131, S\u00f6z konusu bulgular\u0131n enerji planlay\u0131c\u0131lar\u0131na \u00f6ncelikli alanlar hakk\u0131nda ve T\u00fcrkiye Elektrik sekt\u00f6r\u00fcne d\u00fc\u015f\u00fck karbonlu enerji yol haritas\u0131n\u0131n ilk ad\u0131m\u0131 konusunda bilgi sa\u011flamak oldu\u011funu, raporun detayl\u0131 sunumun May\u0131s, Haziran aylar\u0131nda sekt\u00f6rde farkl\u0131 kamu ve \u00f6zel sekt\u00f6r payda\u015flar\u0131yla payla\u015f\u0131laca\u011f\u0131n\u0131 ifade etti.<\/p>\n<p>Sayg\u0131n bu analizin T\u00fcrkiye baz\u0131nda ilk kez yap\u0131ld\u0131\u011f\u0131na dikkat \u00e7ekti. Ayr\u0131ca Elektrik iletim sisteminde yenilenebilir kaynaklar\u0131n artan pay\u0131n\u0131 analiz eden \u00e7al\u0131\u015fman\u0131n sonu\u00e7lar\u0131 heyecan verici oldu\u011funu dile getirerek, \u201cT\u00fcrkiye\u2019de, r\u00fczg\u00e2r ve g\u00fcne\u015f enerjisinden sa\u011flanmas\u0131 \u00f6ng\u00f6r\u00fclen art\u0131\u015f\u0131, TE\u0130A\u015e\u2019\u0131n 2026 y\u0131l\u0131na kadar planlad\u0131\u011f\u0131 iletim \u015febekesi yat\u0131r\u0131m\u0131na ek bir maliyet gerektirmeden iki kat\u0131na \u00e7\u0131karabiliyor.\u00a0B\u00f6ylece bu kaynaklardan \u00fcretilecek elektrik,\u00a0toplam t\u00fcketimin %20\u2019sinden fazlas\u0131n\u0131 kar\u015f\u0131layabilecek d\u00fczeye geliyor.\u00a0Ba\u015fka bir deyi\u015fle, T\u00fcrkiye\u2019nin 2026\u2019da r\u00fczg\u00e2r ve g\u00fcne\u015f kurulu g\u00fcc\u00fcn\u00fc 40 bin MW\u2019a \u00e7\u0131karmas\u0131n\u0131n elektrik sistemi altyap\u0131s\u0131na b\u00fcy\u00fck bir etkisi yok. Bu sistem operat\u00f6r\u00fc, kamu kurumlar\u0131, enerji planlay\u0131c\u0131lar\u0131 ve yat\u0131r\u0131mc\u0131lar nezdinde \u00e7\u0131\u011f\u0131r a\u00e7acak bir bulgu. Yenilenebilir enerji geli\u015fimine dair bu rapor, T\u00fcrkiye\u2019nin enerji sisteminde b\u00fcy\u00fck \u00f6l\u00e7ekli bir d\u00f6n\u00fc\u015f\u00fcme \u0131\u015f\u0131k tutabilir\u201d dedi.<\/p>","protected":false},"excerpt":{"rendered":"<p>Sorry, this entry is only available in Turkish. For the sake of viewer convenience, the content is shown below in the alternative language. You may click the link to switch the active language.G\u00dcNDER, G\u00fcne\u015f Enerjisi Sekt\u00f6r\u00fcn\u00fcn yol haritas\u0131n\u0131n belirlenmesi i\u00e7in Yol Haritas\u0131 \u00c7al\u0131\u015ftay\u0131 Organize Etti. Dr. De\u011fer Sayg\u0131n, SHURA Enerji D\u00f6n\u00fc\u015f\u00fcm\u00fc Merkezi ve Yenilenebilir Enerji [&hellip;]<\/p>\n","protected":false},"author":1,"featured_media":74272,"comment_status":"open","ping_status":"open","sticky":false,"template":"","format":"standard","meta":[],"categories":[53,49],"tags":[37671,67,1009,1382,23416,37670,23131,37672],"views":504,"_links":{"self":[{"href":"https:\/\/www.enerjigazetesi.ist\/en\/wp-json\/wp\/v2\/posts\/74271"}],"collection":[{"href":"https:\/\/www.enerjigazetesi.ist\/en\/wp-json\/wp\/v2\/posts"}],"about":[{"href":"https:\/\/www.enerjigazetesi.ist\/en\/wp-json\/wp\/v2\/types\/post"}],"author":[{"embeddable":true,"href":"https:\/\/www.enerjigazetesi.ist\/en\/wp-json\/wp\/v2\/users\/1"}],"replies":[{"embeddable":true,"href":"https:\/\/www.enerjigazetesi.ist\/en\/wp-json\/wp\/v2\/comments?post=74271"}],"version-history":[{"count":1,"href":"https:\/\/www.enerjigazetesi.ist\/en\/wp-json\/wp\/v2\/posts\/74271\/revisions"}],"predecessor-version":[{"id":74273,"href":"https:\/\/www.enerjigazetesi.ist\/en\/wp-json\/wp\/v2\/posts\/74271\/revisions\/74273"}],"wp:featuredmedia":[{"embeddable":true,"href":"https:\/\/www.enerjigazetesi.ist\/en\/wp-json\/wp\/v2\/media\/74272"}],"wp:attachment":[{"href":"https:\/\/www.enerjigazetesi.ist\/en\/wp-json\/wp\/v2\/media?parent=74271"}],"wp:term":[{"taxonomy":"category","embeddable":true,"href":"https:\/\/www.enerjigazetesi.ist\/en\/wp-json\/wp\/v2\/categories?post=74271"},{"taxonomy":"post_tag","embeddable":true,"href":"https:\/\/www.enerjigazetesi.ist\/en\/wp-json\/wp\/v2\/tags?post=74271"}],"curies":[{"name":"wp","href":"https:\/\/api.w.org\/{rel}","templated":true}]}}