{"id":74263,"date":"2018-05-14T07:11:18","date_gmt":"2018-05-14T04:11:18","guid":{"rendered":"https:\/\/www.enerjigazetesi.ist\/?p=74263"},"modified":"2018-05-14T07:12:15","modified_gmt":"2018-05-14T04:12:15","slug":"jesder-baskani-enerji-yesil-radyonun-konugu-olacak","status":"publish","type":"post","link":"https:\/\/www.enerjigazetesi.ist\/en\/jesder-baskani-enerji-yesil-radyonun-konugu-olacak\/","title":{"rendered":"(Turkish) JESDER Ba\u015fkan\u0131 Enerji Ye\u015fil Radyo\u2019nun Konu\u011fu Olacak"},"content":{"rendered":"<p class=\"qtranxs-available-languages-message qtranxs-available-languages-message-en\">Sorry, this entry is only available in <a href=\"https:\/\/www.enerjigazetesi.ist\/tr\/wp-json\/wp\/v2\/posts\/74263\" class=\"qtranxs-available-language-link qtranxs-available-language-link-tr\" title=\"Turkish\">Turkish<\/a>. For the sake of viewer convenience, the content is shown below in the alternative language. You may click the link to switch the active language.<\/p><p><strong>Jeotermal Elektrik Santral Yat\u0131r\u0131mc\u0131lar\u0131 Derne\u011fi (JESDER) Ba\u015fkan\u0131 Ufuk \u015eent\u00fcrk, Meteorolojinin Sesi Radyosunda, Levent Yal\u00e7\u0131n\u2019\u0131n haz\u0131rlay\u0131p sundu\u011fu \u201cYe\u015fil Radyo\u201d program\u0131n\u0131n konu\u011fu olacak.<\/strong><\/p>\n<p><strong><img loading=\"lazy\" class=\"alignleft size-full wp-image-74264\" src=\"https:\/\/www.enerjigazetesi.ist\/wp-content\/uploads\/2018\/05\/jeotermal-enerji-yesil-radyonun-konugu-olacak.jpg\" alt=\"\" width=\"300\" height=\"200\" srcset=\"https:\/\/www.enerjigazetesi.ist\/wp-content\/uploads\/2018\/05\/jeotermal-enerji-yesil-radyonun-konugu-olacak.jpg 300w, https:\/\/www.enerjigazetesi.ist\/wp-content\/uploads\/2018\/05\/jeotermal-enerji-yesil-radyonun-konugu-olacak-75x50.jpg 75w\" sizes=\"(max-width: 300px) 100vw, 300px\" \/><\/strong>\u015eent\u00fcrk programda, jeotermalin \u00e7evresel etkileri, sekt\u00f6r\u00fcn geli\u015fiminin fayda sa\u011flad\u0131\u011f\u0131 alanlar ve jeotermalin gelece\u011finde devlet desteklerinin rol\u00fc konular\u0131nda bilgi verecek. 14 May\u0131s Pazartesi g\u00fcn\u00fc saat 14:20\u2019de yay\u0131nlanacak program\u0131n tekrar\u0131 ise gece yar\u0131s\u0131 00:20\u2019de dinlenebilecek.<\/p>\n<p>1962 y\u0131l\u0131ndan 2004 y\u0131l\u0131na kadar k\u0131sa dalgadan yay\u0131n yapmakta olan Meteorolojinin Sesi Radyosu, 2004 tarihinde Ankara\u2019da FM band\u0131 92.4 frekans\u0131ndan Meteor Fm ad\u0131yla ve 1 \u015eubat 2008 tarihinden itibaren de tekrar &#8220;Meteorolojinin Sesi Radyosu&#8221; ad\u0131yla sesini duyurmaya ba\u015flad\u0131.<\/p>","protected":false},"excerpt":{"rendered":"<p>Sorry, this entry is only available in Turkish. For the sake of viewer convenience, the content is shown below in the alternative language. You may click the link to switch the active language.Jeotermal Elektrik Santral Yat\u0131r\u0131mc\u0131lar\u0131 Derne\u011fi (JESDER) Ba\u015fkan\u0131 Ufuk \u015eent\u00fcrk, Meteorolojinin Sesi Radyosunda, Levent Yal\u00e7\u0131n\u2019\u0131n haz\u0131rlay\u0131p sundu\u011fu \u201cYe\u015fil Radyo\u201d program\u0131n\u0131n konu\u011fu olacak. \u015eent\u00fcrk programda, [&hellip;]<\/p>\n","protected":false},"author":1,"featured_media":74264,"comment_status":"open","ping_status":"open","sticky":false,"template":"","format":"standard","meta":[],"categories":[53,48],"tags":[67,1009,37662,16077,23226,26929,37665,37663,37664],"views":699,"_links":{"self":[{"href":"https:\/\/www.enerjigazetesi.ist\/en\/wp-json\/wp\/v2\/posts\/74263"}],"collection":[{"href":"https:\/\/www.enerjigazetesi.ist\/en\/wp-json\/wp\/v2\/posts"}],"about":[{"href":"https:\/\/www.enerjigazetesi.ist\/en\/wp-json\/wp\/v2\/types\/post"}],"author":[{"embeddable":true,"href":"https:\/\/www.enerjigazetesi.ist\/en\/wp-json\/wp\/v2\/users\/1"}],"replies":[{"embeddable":true,"href":"https:\/\/www.enerjigazetesi.ist\/en\/wp-json\/wp\/v2\/comments?post=74263"}],"version-history":[{"count":3,"href":"https:\/\/www.enerjigazetesi.ist\/en\/wp-json\/wp\/v2\/posts\/74263\/revisions"}],"predecessor-version":[{"id":74267,"href":"https:\/\/www.enerjigazetesi.ist\/en\/wp-json\/wp\/v2\/posts\/74263\/revisions\/74267"}],"wp:featuredmedia":[{"embeddable":true,"href":"https:\/\/www.enerjigazetesi.ist\/en\/wp-json\/wp\/v2\/media\/74264"}],"wp:attachment":[{"href":"https:\/\/www.enerjigazetesi.ist\/en\/wp-json\/wp\/v2\/media?parent=74263"}],"wp:term":[{"taxonomy":"category","embeddable":true,"href":"https:\/\/www.enerjigazetesi.ist\/en\/wp-json\/wp\/v2\/categories?post=74263"},{"taxonomy":"post_tag","embeddable":true,"href":"https:\/\/www.enerjigazetesi.ist\/en\/wp-json\/wp\/v2\/tags?post=74263"}],"curies":[{"name":"wp","href":"https:\/\/api.w.org\/{rel}","templated":true}]}}