{"id":74235,"date":"2018-05-13T11:35:03","date_gmt":"2018-05-13T08:35:03","guid":{"rendered":"https:\/\/www.enerjigazetesi.ist\/?p=74235"},"modified":"2018-05-13T11:35:03","modified_gmt":"2018-05-13T08:35:03","slug":"teksan-jenerator-suudi-arabistandaki-pazar-payini-artirmaya-odaklandi","status":"publish","type":"post","link":"https:\/\/www.enerjigazetesi.ist\/en\/teksan-jenerator-suudi-arabistandaki-pazar-payini-artirmaya-odaklandi\/","title":{"rendered":"(Turkish) Teksan Jenerat\u00f6r Suudi Arabistan\u2019daki Pazar Pay\u0131n\u0131 Art\u0131rmaya Odakland\u0131"},"content":{"rendered":"<p class=\"qtranxs-available-languages-message qtranxs-available-languages-message-en\">Sorry, this entry is only available in <a href=\"https:\/\/www.enerjigazetesi.ist\/tr\/wp-json\/wp\/v2\/posts\/74235\" class=\"qtranxs-available-language-link qtranxs-available-language-link-tr\" title=\"Turkish\">Turkish<\/a>. For the sake of viewer convenience, the content is shown below in the alternative language. You may click the link to switch the active language.<\/p><p><strong>Enerji sekt\u00f6r\u00fcnde son y\u0131llarda ileri teknoloji \u00fcreten firmalar\u0131n \u00f6ne \u00e7\u0131kt\u0131\u011f\u0131 g\u00f6r\u00fcl\u00fcyor. Sekt\u00f6r\u00fcn devleri ise \u00fcr\u00fcn ve hizmetlerini tan\u0131tmak i\u00e7in d\u00fcnyaca kabul g\u00f6rm\u00fc\u015f fuarlar\u0131 tercih ediyor. Bu y\u0131l yirmincisi ger\u00e7ekle\u015fen ve 7-9 May\u0131s 2018 tarihlerinde Suudi Arabistan\u2019\u0131n ba\u015fkenti Riyad\u2019da d\u00fczenlenen Saudi Elenex Trade Show da sekt\u00f6r\u00fcn alan\u0131nda en b\u00fcy\u00fck organizasyonlar\u0131ndan biri olarak kabul ediliyor. Teksan Jenerat\u00f6r bu \u00f6nemli bulu\u015fmada yerini ald\u0131 ve Saudi Elenex Fuar\u0131\u2019nda inovatif \u00fcr\u00fcnlerini sergiledi. Teksan\u2019\u0131n hedefinde Suudi Arabistan\u2019daki pazar pay\u0131n\u0131 art\u0131rmak var. <\/strong><\/p>\n<p><img loading=\"lazy\" class=\"alignleft size-medium wp-image-74236\" src=\"https:\/\/www.enerjigazetesi.ist\/wp-content\/uploads\/2018\/05\/teksan-jenerator-suudi-arabistandaki-pazar-payini-artirmaya-odaklandi-300x198.jpg\" alt=\"\" width=\"300\" height=\"198\" srcset=\"https:\/\/www.enerjigazetesi.ist\/wp-content\/uploads\/2018\/05\/teksan-jenerator-suudi-arabistandaki-pazar-payini-artirmaya-odaklandi-300x198.jpg 300w, https:\/\/www.enerjigazetesi.ist\/wp-content\/uploads\/2018\/05\/teksan-jenerator-suudi-arabistandaki-pazar-payini-artirmaya-odaklandi-768x506.jpg 768w, https:\/\/www.enerjigazetesi.ist\/wp-content\/uploads\/2018\/05\/teksan-jenerator-suudi-arabistandaki-pazar-payini-artirmaya-odaklandi-1024x675.jpg 1024w, https:\/\/www.enerjigazetesi.ist\/wp-content\/uploads\/2018\/05\/teksan-jenerator-suudi-arabistandaki-pazar-payini-artirmaya-odaklandi-500x330.jpg 500w, https:\/\/www.enerjigazetesi.ist\/wp-content\/uploads\/2018\/05\/teksan-jenerator-suudi-arabistandaki-pazar-payini-artirmaya-odaklandi-76x50.jpg 76w, https:\/\/www.enerjigazetesi.ist\/wp-content\/uploads\/2018\/05\/teksan-jenerator-suudi-arabistandaki-pazar-payini-artirmaya-odaklandi.jpg 1600w\" sizes=\"(max-width: 300px) 100vw, 300px\" \/>Enerji sekt\u00f6r\u00fcn\u00fcn yak\u0131ndan takip etti\u011fi Saudi Elenex Trade Show (20. Uluslararas\u0131 Elektrik, Ayd\u0131nlatma, G\u00fc\u00e7 \u00dcretimi ve Su Teknolojisi Fuar\u0131) firmalar\u0131n yeni \u00fcr\u00fcnlerini tan\u0131tt\u0131\u011f\u0131 bir platforma d\u00f6n\u00fc\u015ft\u00fc. Pek \u00e7ok b\u00f6lgeden binlerce kat\u0131l\u0131mc\u0131 ve ziyaret\u00e7iyi bulu\u015fturan fuarda yakla\u015f\u0131k \u00e7eyrek as\u0131rd\u0131r yenilik\u00e7i \u00e7\u00f6z\u00fcmleri ile enerji sekt\u00f6r\u00fcnde hizmet veren Teksan Jenerat\u00f6r, kesintisiz g\u00fc\u00e7 \u00e7\u00f6z\u00fcmlerini sergiledi.<\/p>\n<p>Saudi Elenex Fuar\u0131 ile ilgili de\u011ferlendirmelerde bulunan <strong>Teksan Jenerat\u00f6r Sat\u0131\u015f ve Pazarlamadan Sorumlu Y\u00f6netim Kurulu \u00dcyesi Burak Ba\u015fe\u011fmezler<\/strong> \u015funlar\u0131 s\u00f6yledi: \u201cTeksan Jenerat\u00f6r olarak sekt\u00f6r\u00fcm\u00fcz ile ilgili \u00f6nemli organizasyonlar\u0131n hemen hepsine kat\u0131l\u0131yoruz. Son olarak 7-9 May\u0131s 2018 tarihlerinde Riyad\u2019da ger\u00e7ekle\u015fen Saudi Elenex Fuar\u0131\u2019nda \u015firketimizin Ar-Ge g\u00fcc\u00fcn\u00fc ortaya koyan inovatif \u00fcr\u00fcnlerimizi sergiledik. Ar-Ge ve inovasyon g\u00fcc\u00fcm\u00fczle \u00fcretti\u011fimiz \u00fcst\u00fcn teknoloji \u00fcr\u00fcnlerimizi 128 \u00fclkeye ihra\u00e7 ediyoruz. Suudi Arabistan\u2019a da \u00f6nemli oranda ihracat ger\u00e7ekle\u015ftiriyoruz. Suudi Arabistan, Ortado\u011fu ve K\u00f6rfez B\u00f6lgesi a\u00e7\u0131s\u0131ndan \u00e7ok \u00f6nemli bir merkez konumunda bulunuyor. 2018 y\u0131l\u0131nda bu pazardan ald\u0131\u011f\u0131m\u0131z pay\u0131 daha da art\u0131rmay\u0131 planl\u0131yoruz. Fuarda g\u00f6rd\u00fc\u011f\u00fcm\u00fcz yo\u011fun ilgi hedefimize ula\u015fmak noktas\u0131nda motive edici oldu.&#8221;<\/p>","protected":false},"excerpt":{"rendered":"<p>Sorry, this entry is only available in Turkish. For the sake of viewer convenience, the content is shown below in the alternative language. You may click the link to switch the active language.Enerji sekt\u00f6r\u00fcnde son y\u0131llarda ileri teknoloji \u00fcreten firmalar\u0131n \u00f6ne \u00e7\u0131kt\u0131\u011f\u0131 g\u00f6r\u00fcl\u00fcyor. Sekt\u00f6r\u00fcn devleri ise \u00fcr\u00fcn ve hizmetlerini tan\u0131tmak i\u00e7in d\u00fcnyaca kabul g\u00f6rm\u00fc\u015f fuarlar\u0131 [&hellip;]<\/p>\n","protected":false},"author":1,"featured_media":74236,"comment_status":"open","ping_status":"open","sticky":false,"template":"","format":"standard","meta":[],"categories":[51,53],"tags":[37655,34979,19,67,1009,37654,37653,1463,25924],"views":1468,"_links":{"self":[{"href":"https:\/\/www.enerjigazetesi.ist\/en\/wp-json\/wp\/v2\/posts\/74235"}],"collection":[{"href":"https:\/\/www.enerjigazetesi.ist\/en\/wp-json\/wp\/v2\/posts"}],"about":[{"href":"https:\/\/www.enerjigazetesi.ist\/en\/wp-json\/wp\/v2\/types\/post"}],"author":[{"embeddable":true,"href":"https:\/\/www.enerjigazetesi.ist\/en\/wp-json\/wp\/v2\/users\/1"}],"replies":[{"embeddable":true,"href":"https:\/\/www.enerjigazetesi.ist\/en\/wp-json\/wp\/v2\/comments?post=74235"}],"version-history":[{"count":1,"href":"https:\/\/www.enerjigazetesi.ist\/en\/wp-json\/wp\/v2\/posts\/74235\/revisions"}],"predecessor-version":[{"id":74237,"href":"https:\/\/www.enerjigazetesi.ist\/en\/wp-json\/wp\/v2\/posts\/74235\/revisions\/74237"}],"wp:featuredmedia":[{"embeddable":true,"href":"https:\/\/www.enerjigazetesi.ist\/en\/wp-json\/wp\/v2\/media\/74236"}],"wp:attachment":[{"href":"https:\/\/www.enerjigazetesi.ist\/en\/wp-json\/wp\/v2\/media?parent=74235"}],"wp:term":[{"taxonomy":"category","embeddable":true,"href":"https:\/\/www.enerjigazetesi.ist\/en\/wp-json\/wp\/v2\/categories?post=74235"},{"taxonomy":"post_tag","embeddable":true,"href":"https:\/\/www.enerjigazetesi.ist\/en\/wp-json\/wp\/v2\/tags?post=74235"}],"curies":[{"name":"wp","href":"https:\/\/api.w.org\/{rel}","templated":true}]}}