{"id":74199,"date":"2018-05-13T10:33:29","date_gmt":"2018-05-13T07:33:29","guid":{"rendered":"https:\/\/www.enerjigazetesi.ist\/?p=74199"},"modified":"2018-05-13T10:37:02","modified_gmt":"2018-05-13T07:37:02","slug":"turkiye-enerji-sektoru-24-uluslararasi-icci-2018-ile-bir-araya-geldi","status":"publish","type":"post","link":"https:\/\/www.enerjigazetesi.ist\/en\/turkiye-enerji-sektoru-24-uluslararasi-icci-2018-ile-bir-araya-geldi\/","title":{"rendered":"(Turkish) T\u00fcrkiye Enerji Sekt\u00f6r\u00fc, 24. Uluslararas\u0131 \u201cICCI\u201d 2018 \u0130le Bir Araya Geldi"},"content":{"rendered":"<p class=\"qtranxs-available-languages-message qtranxs-available-languages-message-en\">Sorry, this entry is only available in <a href=\"https:\/\/www.enerjigazetesi.ist\/tr\/wp-json\/wp\/v2\/posts\/74199\" class=\"qtranxs-available-language-link qtranxs-available-language-link-tr\" title=\"Turkish\">Turkish<\/a>. For the sake of viewer convenience, the content is shown below in the alternative language. You may click the link to switch the active language.<\/p><p><strong><em>T\u00fcrkiye enerji sekt\u00f6r\u00fc, Enerji ve \u00c7evre Fuar\u0131 ve Konferans\u0131<\/em><\/strong><strong> <em>ICCI 2018 ile\u00a0<\/em><\/strong><strong><em>2 \u2013 4 May\u0131s tarihlerinde 24. Kez biraraya geldi. Sekt\u00f6rel fuarc\u0131l\u0131k taraf\u0131ndan d\u00fczenlenen fuarda, 225 uluslararas\u0131 kat\u0131l\u0131mc\u0131 firma ile 14.140 ziyaret\u00e7i bulu\u015ftu. Bu y\u0131l bir\u00e7ok ilke imza at\u0131lan fuarda ilk defa kurulan \u201cDiplomatik Alan\u201dda d\u00fcnyan\u0131n d\u00f6rt bir yan\u0131ndan gelen enerji sekt\u00f6r\u00fc profesyonelleri diplomatlar\u0131 ile bulu\u015ftu.<\/em><\/strong><\/p>\n<p>D\u00fcnyan\u0131n en h\u0131zl\u0131 geli\u015fen enerji piyasalar\u0131ndan biri olan T\u00fcrkiye bu g\u00fcc\u00fcn\u00fc <strong>Enerji ve \u00c7evre Fuar\u0131 ve Konferans\u0131 ICCI 2018<\/strong> ile uluslararas\u0131 alana ta\u015f\u0131d\u0131. <strong>Enerji ve Tabii Kaynaklar Bakanl\u0131\u011f\u0131<\/strong> deste\u011fi <strong>Sekt\u00f6rel Fuarc\u0131l\u0131k<\/strong> taraf\u0131ndan d\u00fczenlenen fuar, sekt\u00f6r\u00fcn \u00f6nde gelen ulusal ve uluslararas\u0131 firmalar\u0131n\u0131 \u0130stanbul\u2019da bir araya getirdi. Fuarda bu y\u0131l bir ilke imza at\u0131larak yabanc\u0131 konsolosluklar\u0131n kat\u0131l\u0131m\u0131yla kurulan<strong> \u201cDiplomatik Alan<\/strong>\u201d da T\u00fcrkiye enerji end\u00fcstrisine y\u00f6nelik anla\u015fmalara imza at\u0131ld\u0131.<img loading=\"lazy\" class=\"alignright size-medium wp-image-74200\" src=\"https:\/\/www.enerjigazetesi.ist\/wp-content\/uploads\/2018\/05\/turkiye-enerji-sektoru-24-uluslararasi-icci-2018-ile-bir-araya-geldi-300x200.jpg\" alt=\"\" width=\"300\" height=\"200\" srcset=\"https:\/\/www.enerjigazetesi.ist\/wp-content\/uploads\/2018\/05\/turkiye-enerji-sektoru-24-uluslararasi-icci-2018-ile-bir-araya-geldi-300x200.jpg 300w, https:\/\/www.enerjigazetesi.ist\/wp-content\/uploads\/2018\/05\/turkiye-enerji-sektoru-24-uluslararasi-icci-2018-ile-bir-araya-geldi-500x334.jpg 500w, https:\/\/www.enerjigazetesi.ist\/wp-content\/uploads\/2018\/05\/turkiye-enerji-sektoru-24-uluslararasi-icci-2018-ile-bir-araya-geldi-75x50.jpg 75w, https:\/\/www.enerjigazetesi.ist\/wp-content\/uploads\/2018\/05\/turkiye-enerji-sektoru-24-uluslararasi-icci-2018-ile-bir-araya-geldi.jpg 731w\" sizes=\"(max-width: 300px) 100vw, 300px\" \/><\/p>\n<p>T\u00fcrkiye\u2019de enerji sekt\u00f6r\u00fcne y\u00f6nelik at\u0131lan ad\u0131mlar\u0131n sekt\u00f6r a\u00e7\u0131s\u0131ndan b\u00fcy\u00fck f\u0131rsatlar sundu\u011funa ve bu ad\u0131mlar\u0131n \u201c<strong>ICCI 2018<\/strong>\u201dde en iyi \u015fekilde kar\u015f\u0131l\u0131k buldu\u011funa dikkat \u00e7eken <strong>ICCI Y\u00f6netim Kurulu Ba\u015fkan\u0131 Alexander K\u00fchnel <\/strong>ve<strong> Y\u00f6netim Kurulu \u00dcyesi Glenn Ensor <\/strong>\u015funlar\u0131 belirtti;<\/p>\n<p>\u201c<strong>T\u00fcrkiye\u2019deki enerji politikalar\u0131, k\u00fcresel anlamda T\u00fcrkiye\u2019yi yat\u0131r\u0131m a\u00e7\u0131s\u0131ndan en cazip \u00fclkelerden biri haline getirdi. Her f\u0131rsatta dile getirdi\u011fim gibi T\u00fcrkiye, d\u00fcnyan\u0131n en h\u0131zl\u0131 geli\u015fen enerji piyasalar\u0131ndan biri. ICCI 2018, T\u00fcrkiye\u2019nin enerji alan\u0131nda att\u0131\u011f\u0131 ad\u0131mlarla geldi\u011fi yeri ve elde etti\u011fi ba\u015far\u0131lar\u0131 g\u00f6stermesi a\u00e7\u0131s\u0131ndan \u00f6nemli bir uluslararas\u0131 bulu\u015fma oldu. Yerli ve yabanc\u0131 \u00fcreticilere, yat\u0131r\u0131mc\u0131lara ve sat\u0131n almac\u0131lara bir\u00e7ok f\u0131rsat\u0131 sundu\u011fumuz fuara bu y\u0131l \u00f6nemliilgi s\u00f6z konusu oldu. 225 ulusal ve uluslararas\u0131 kat\u0131l\u0131mc\u0131 firman\u0131n yer ald\u0131\u011f\u0131 fuar\u0131 14. Binin \u00fczerinde sekt\u00f6r profesyoneli ziyaret etti. Gelecek vaat eden i\u015f ba\u011flant\u0131lar\u0131 ve yeni ithalat-ihracat f\u0131rsatlar\u0131 yaratan fuar, konferans ve ikili i\u015f g\u00f6r\u00fc\u015fmelerinin bir arada oldu\u011fu Avrasya&#8217;n\u0131n tek enerji etkinli\u011fi olarak \u00f6ne \u00e7\u0131kt\u0131<\/strong>\u201d.<\/p>\n<p><strong>T\u00fcrkiye, Enerjisini Diplomatik Alan\u2019a Ta\u015f\u0131d\u0131<\/strong><\/p>\n<p>\u00dcretim, iletim ve da\u011f\u0131t\u0131m olmak \u00fczere t\u00fcm enerji bile\u015fenlerini bir araya getiren <strong>\u201cICCI\u201d<\/strong>da bir ilke imza at\u0131larak <strong>\u201cDiplomatik Alan\u201d<\/strong> kuruldu. Bu alanda T\u00fcrkiye\u2019ye yat\u0131r\u0131m yapmak isteyen \u00fclkelerle h\u00fck\u00fcmetler aras\u0131 g\u00f6r\u00fc\u015fmeler yap\u0131ld\u0131\u011f\u0131na ve yeni anla\u015fmalar\u0131n imzaland\u0131\u011f\u0131na dikkat \u00e7eken <strong>ICCI Y\u00f6netim Kurulu Ba\u015fkan\u0131 Alexander K\u00fchnel <\/strong>ve<strong> Y\u00f6netim Kurulu \u00dcyesi Glenn Ensor <\/strong>\u015funlar\u0131 s\u00f6yledi;<\/p>\n<p><strong>\u201cBrezilya, \u00c7ekya, Yunanistan, G\u00fcney Kore gibi \u00fclkelerin ticari temsilciliklerinin yan\u0131 s\u0131ra uluslararas\u0131 anla\u015fmalar yapmak \u00fczere yetkilendirilmi\u015f konsolosluk g\u00f6revlileri ICCI 2018\u2019de yer ald\u0131. G\u00fcney Afrika ve \u0130ran\u2019dan sekt\u00f6rel d\u00fczeyde \u00f6nemli isimlerin yer ald\u0131\u011f\u0131 yabanc\u0131 delegasyonlar\u0131 a\u011f\u0131rlad\u0131k. Ayr\u0131ca \u0130talya, Danimarka, Avusturya ve \u00c7ekya\u2019dan da delegasyonlar fuar\u0131m\u0131z\u0131 ziyarette bulundular.\u201d <\/strong><\/p>\n<p>Kat\u0131l\u0131mc\u0131 firmalar\u0131n yenilenebilir enerji, kojenerasyon, elektrik \u00fcretimi ve ticareti, elektrik iletim sistemleri, enerji tesislerinde bak\u0131m, onar\u0131m ve servis hizmetleri, \u00e7evre teknolojileri, enerji verimlili\u011fi, lojistik ve IT teknolojileri konular\u0131nda \u00fcr\u00fcn ve hizmetlerini sergiledi\u011fi fuarda sekt\u00f6r\u00fcn yeni trendleri ziyaret\u00e7ilerle bulu\u015ftu. Enerji de\u011fer zincirindeki t\u00fcm ana ba\u015fl\u0131klar, fuar s\u00fcresinde d\u00fczenlenen konferanslarda da masaya yat\u0131r\u0131ld\u0131.<\/p>\n<p><strong>25. \u201cICCI<\/strong>\u201d <strong>Uluslararas\u0131, Enerji ve \u00c7evre Fuar\u0131 ve Konferans\u0131<\/strong>; <strong>15 -17 May\u0131s 2019<\/strong> tarihleri aras\u0131nda ger\u00e7ekle\u015ftirilecek.<\/p>","protected":false},"excerpt":{"rendered":"<p>Sorry, this entry is only available in Turkish. For the sake of viewer convenience, the content is shown below in the alternative language. You may click the link to switch the active language.T\u00fcrkiye enerji sekt\u00f6r\u00fc, Enerji ve \u00c7evre Fuar\u0131 ve Konferans\u0131 ICCI 2018 ile\u00a02 \u2013 4 May\u0131s tarihlerinde 24. Kez biraraya geldi. Sekt\u00f6rel fuarc\u0131l\u0131k taraf\u0131ndan [&hellip;]<\/p>\n","protected":false},"author":1,"featured_media":74200,"comment_status":"open","ping_status":"open","sticky":false,"template":"","format":"standard","meta":[],"categories":[53],"tags":[37639,4308,37635,37634,67,1009,37633,37636,579,12,37280,1969,37638,37637,105],"views":450,"_links":{"self":[{"href":"https:\/\/www.enerjigazetesi.ist\/en\/wp-json\/wp\/v2\/posts\/74199"}],"collection":[{"href":"https:\/\/www.enerjigazetesi.ist\/en\/wp-json\/wp\/v2\/posts"}],"about":[{"href":"https:\/\/www.enerjigazetesi.ist\/en\/wp-json\/wp\/v2\/types\/post"}],"author":[{"embeddable":true,"href":"https:\/\/www.enerjigazetesi.ist\/en\/wp-json\/wp\/v2\/users\/1"}],"replies":[{"embeddable":true,"href":"https:\/\/www.enerjigazetesi.ist\/en\/wp-json\/wp\/v2\/comments?post=74199"}],"version-history":[{"count":4,"href":"https:\/\/www.enerjigazetesi.ist\/en\/wp-json\/wp\/v2\/posts\/74199\/revisions"}],"predecessor-version":[{"id":74204,"href":"https:\/\/www.enerjigazetesi.ist\/en\/wp-json\/wp\/v2\/posts\/74199\/revisions\/74204"}],"wp:featuredmedia":[{"embeddable":true,"href":"https:\/\/www.enerjigazetesi.ist\/en\/wp-json\/wp\/v2\/media\/74200"}],"wp:attachment":[{"href":"https:\/\/www.enerjigazetesi.ist\/en\/wp-json\/wp\/v2\/media?parent=74199"}],"wp:term":[{"taxonomy":"category","embeddable":true,"href":"https:\/\/www.enerjigazetesi.ist\/en\/wp-json\/wp\/v2\/categories?post=74199"},{"taxonomy":"post_tag","embeddable":true,"href":"https:\/\/www.enerjigazetesi.ist\/en\/wp-json\/wp\/v2\/tags?post=74199"}],"curies":[{"name":"wp","href":"https:\/\/api.w.org\/{rel}","templated":true}]}}