{"id":74180,"date":"2018-05-12T23:17:21","date_gmt":"2018-05-12T20:17:21","guid":{"rendered":"https:\/\/www.enerjigazetesi.ist\/?p=74180"},"modified":"2018-05-12T23:18:23","modified_gmt":"2018-05-12T20:18:23","slug":"yek-18-yenilenebilir-enerji-konferansi-12-13-mayista-duzenleniyor","status":"publish","type":"post","link":"https:\/\/www.enerjigazetesi.ist\/en\/yek-18-yenilenebilir-enerji-konferansi-12-13-mayista-duzenleniyor\/","title":{"rendered":"(Turkish) &#8217;YEK 18&#8242; Yenilenebilir Enerji Konferans\u0131 12-13 May\u0131s&#8217;ta D\u00fczenleniyor&#8230;"},"content":{"rendered":"<p class=\"qtranxs-available-languages-message qtranxs-available-languages-message-en\">Sorry, this entry is only available in <a href=\"https:\/\/www.enerjigazetesi.ist\/tr\/wp-json\/wp\/v2\/posts\/74180\" class=\"qtranxs-available-language-link qtranxs-available-language-link-tr\" title=\"Turkish\">Turkish<\/a>. For the sake of viewer convenience, the content is shown below in the alternative language. You may click the link to switch the active language.<\/p><p><strong>IEEE, Institute of Electrical and Electronics Engineers olan ve 1884 y\u0131l\u0131ndan beri faaliyet g\u00f6steren; m\u00fchendis, bilim insan\u0131 ve \u00f6\u011frencilerin olu\u015fturdu\u011fu d\u00fcnyan\u0131n en geni\u015f teknik toplulu\u011fudur. 150 \u00fclkede 400.000\u2019e yak\u0131n \u00fcye say\u0131s\u0131yla giderek b\u00fcy\u00fcyen bu toplulu\u011fun T\u00fcrkiye\u2019de 70\u2019den fazla \u00fcniversitede \u00f6\u011frenci kolu bulunmaktad\u0131r.<\/strong><\/p>\n<p><img loading=\"lazy\" class=\"size-medium wp-image-74181 alignleft\" src=\"https:\/\/www.enerjigazetesi.ist\/wp-content\/uploads\/2018\/05\/yek-18-yenilenebilir-enerji-konferansi-12-13-mayista-duzenleniyor-221x300.jpg\" alt=\"\" width=\"221\" height=\"300\" srcset=\"https:\/\/www.enerjigazetesi.ist\/wp-content\/uploads\/2018\/05\/yek-18-yenilenebilir-enerji-konferansi-12-13-mayista-duzenleniyor-221x300.jpg 221w, https:\/\/www.enerjigazetesi.ist\/wp-content\/uploads\/2018\/05\/yek-18-yenilenebilir-enerji-konferansi-12-13-mayista-duzenleniyor-295x400.jpg 295w, https:\/\/www.enerjigazetesi.ist\/wp-content\/uploads\/2018\/05\/yek-18-yenilenebilir-enerji-konferansi-12-13-mayista-duzenleniyor-37x50.jpg 37w, https:\/\/www.enerjigazetesi.ist\/wp-content\/uploads\/2018\/05\/yek-18-yenilenebilir-enerji-konferansi-12-13-mayista-duzenleniyor.jpg 750w\" sizes=\"(max-width: 221px) 100vw, 221px\" \/>Bu \u00fcniversiteler aras\u0131nda aktif bir \u015fekilde\u00a0 faaliyet g\u00f6steren\u00a0 IEEE DEU Student Branch 2001 y\u0131l\u0131nda kar amac\u0131 g\u00fctmeyen bir topluluk olarak do\u011fdu. IEEE DEU olarak b\u00fcnyemize katt\u0131\u011f\u0131m\u0131z farkl\u0131 m\u00fchendislik alanlar\u0131ndan \u00f6\u011frencilerle hem farkl\u0131 projeler ortaya \u00e7\u0131kar\u0131lmaya hem de d\u00fczenledi\u011fimiz etkinliklerle \u00fcyelerimizin kendilerini geli\u015ftirmesi hedeflenmektedir.<\/p>\n<p>IEEE DEU ailesi bu seneye g\u00fczel bir nokta koymak i\u00e7in \u00e7al\u0131\u015fan Power and Energy Society (PES) \u00fcyeleri sizler i\u00e7in m\u00fckemmel bir etkinlik d\u00fczenliyor. Yenilenebilir Enerji\u2019yi objektif\u00a0 bir bak\u0131\u015f a\u00e7\u0131s\u0131yla sunma hedefiyle haz\u0131rlad\u0131\u011f\u0131m\u0131z Yenilenebilir Enerji Konferans\u0131 2018 (YEK\u201918) 12-13 May\u0131s\u2019ta Dokuz Eyl\u00fcl \u00dcniversitesi\u2019nde sizlerle!<\/p>\n<p>IEEE PES\u2019in \u201cGelece\u011fe Daha Fazla G\u00fc\u00e7\u201d mottosunu esas alaca\u011f\u0131 YEK\u201918\u2019de farkl\u0131 d\u00fc\u015f\u00fcnce ve projeleri payla\u015fmak amac\u0131yla enerji sekt\u00f6r\u00fcndeki geli\u015fmeleri ve yeni teknolojileri ke\u015ffetmek isteyen inovatif m\u00fchendis adaylar\u0131, alan\u0131nda yetkin m\u00fchendisleri ve gen\u00e7 profesyonelleri enerji sekt\u00f6r\u00fcn\u00fcn liderleri ile bulu\u015fmaktad\u0131r. ENS\u0130A i\u015fbirli\u011fiyle ger\u00e7ekle\u015ftirilen etkinlikte BATIENERJ\u0130, SCHNEIDER ELECTR\u0130C, SUSOL gibi g\u00fc\u00e7l\u00fc firmalar\u0131n temsilcileri konferans oturumlar\u0131nda yer alacakt\u0131r. Bunun yan\u0131s\u0131ra g\u00fcn boyu s\u00fcrecek ikramlar ve s\u00fcrpriz hediyeler de sizleri bekliyor&#8230;<\/p>\n<p>Etkinlik hakk\u0131nda detayl\u0131 bilgi edinmek ve geli\u015fmeleri ka\u00e7\u0131rmamak i\u00e7in sosyal medya adreslerini takip edebilirsiniz. 12-13 May\u0131s\u2019ta Dokuz Eyl\u00fcl \u00dcniversitesi T\u0131naztepe Kamp\u00fcs\u00fc\u2019nde g\u00f6r\u00fc\u015fmek dile\u011fiyle!<\/p>\n<p><a href=\"https:\/\/www.instagram.com\/ieeedeu\/\">https:\/\/www.instagram.com\/ieeedeu\/<\/a><\/p>\n<p>Serra OZKASAP<\/p>\n<p>+90 553 859 1098<\/p>\n<p>Dokuz Eylul University<\/p>\n<p>Industrial Engineering #1<\/p>","protected":false},"excerpt":{"rendered":"<p>Sorry, this entry is only available in Turkish. For the sake of viewer convenience, the content is shown below in the alternative language. You may click the link to switch the active language.IEEE, Institute of Electrical and Electronics Engineers olan ve 1884 y\u0131l\u0131ndan beri faaliyet g\u00f6steren; m\u00fchendis, bilim insan\u0131 ve \u00f6\u011frencilerin olu\u015fturdu\u011fu d\u00fcnyan\u0131n en geni\u015f [&hellip;]<\/p>\n","protected":false},"author":1,"featured_media":74181,"comment_status":"open","ping_status":"open","sticky":false,"template":"","format":"standard","meta":[],"categories":[22893,53,49,50],"tags":[37624,4400,67,1009,16964,37625,26829,4810],"views":1647,"_links":{"self":[{"href":"https:\/\/www.enerjigazetesi.ist\/en\/wp-json\/wp\/v2\/posts\/74180"}],"collection":[{"href":"https:\/\/www.enerjigazetesi.ist\/en\/wp-json\/wp\/v2\/posts"}],"about":[{"href":"https:\/\/www.enerjigazetesi.ist\/en\/wp-json\/wp\/v2\/types\/post"}],"author":[{"embeddable":true,"href":"https:\/\/www.enerjigazetesi.ist\/en\/wp-json\/wp\/v2\/users\/1"}],"replies":[{"embeddable":true,"href":"https:\/\/www.enerjigazetesi.ist\/en\/wp-json\/wp\/v2\/comments?post=74180"}],"version-history":[{"count":2,"href":"https:\/\/www.enerjigazetesi.ist\/en\/wp-json\/wp\/v2\/posts\/74180\/revisions"}],"predecessor-version":[{"id":74183,"href":"https:\/\/www.enerjigazetesi.ist\/en\/wp-json\/wp\/v2\/posts\/74180\/revisions\/74183"}],"wp:featuredmedia":[{"embeddable":true,"href":"https:\/\/www.enerjigazetesi.ist\/en\/wp-json\/wp\/v2\/media\/74181"}],"wp:attachment":[{"href":"https:\/\/www.enerjigazetesi.ist\/en\/wp-json\/wp\/v2\/media?parent=74180"}],"wp:term":[{"taxonomy":"category","embeddable":true,"href":"https:\/\/www.enerjigazetesi.ist\/en\/wp-json\/wp\/v2\/categories?post=74180"},{"taxonomy":"post_tag","embeddable":true,"href":"https:\/\/www.enerjigazetesi.ist\/en\/wp-json\/wp\/v2\/tags?post=74180"}],"curies":[{"name":"wp","href":"https:\/\/api.w.org\/{rel}","templated":true}]}}