{"id":74176,"date":"2018-05-12T23:06:09","date_gmt":"2018-05-12T20:06:09","guid":{"rendered":"https:\/\/www.enerjigazetesi.ist\/?p=74176"},"modified":"2018-05-12T23:06:09","modified_gmt":"2018-05-12T20:06:09","slug":"teias-ve-enerjisa-dagitim-sirketlerinden-buyuk-isbirligi","status":"publish","type":"post","link":"https:\/\/www.enerjigazetesi.ist\/en\/teias-ve-enerjisa-dagitim-sirketlerinden-buyuk-isbirligi\/","title":{"rendered":"(Turkish) TE\u0130A\u015e ve Enerjisa Da\u011f\u0131t\u0131m \u015eirketlerinden B\u00fcy\u00fck \u0130\u015fbirli\u011fi"},"content":{"rendered":"<p class=\"qtranxs-available-languages-message qtranxs-available-languages-message-en\">Sorry, this entry is only available in <a href=\"https:\/\/www.enerjigazetesi.ist\/tr\/wp-json\/wp\/v2\/posts\/74176\" class=\"qtranxs-available-language-link qtranxs-available-language-link-tr\" title=\"Turkish\">Turkish<\/a>. For the sake of viewer convenience, the content is shown below in the alternative language. You may click the link to switch the active language.<\/p><p><strong>TE\u0130A\u015e ve Enerjisa Da\u011f\u0131t\u0131m \u015eirketleri T\u00fcrkiye\u2019de ilk defa uygulamas\u0131 yap\u0131lacak proje ile elektrik kesinti say\u0131lar\u0131n\u0131 azaltmay\u0131 hedefliyor. Entegre Bak\u0131m Y\u00f6ntemi Projesi ile iki kurum, m\u00fc\u015fterilerin kesintilerden en az oranda etkilenmeleri i\u00e7in elektrik kesintisi gerektiren bak\u0131m faaliyetlerini birlikte planlayacak. T\u00fcrkiye\u2019de ilk kez uygulanacak Entegre Bak\u0131m Projesi\u2019nin ilerleyen d\u00f6nemlerde t\u00fcm b\u00f6lgelere yay\u0131lmas\u0131 hedefleniyor.<\/strong><\/p>\n<p>T\u00fcrkiye Elektrik \u0130letim A.\u015e. (TE\u0130A\u015e) ve Enerjisa Da\u011f\u0131t\u0131m \u015eirketleri T\u00fcrkiye\u2019de ilk kez uygulanacak Entegre Bak\u0131m Y\u00f6netimi ile h\u0131zla b\u00fcy\u00fcyen T\u00fcrkiye elektrik \u015febekesinin s\u00fcrd\u00fcr\u00fclebilirli\u011fini sa\u011flamak ve<\/p>\n<p><img loading=\"lazy\" class=\"alignright wp-image-74178 size-medium\" src=\"https:\/\/www.enerjigazetesi.ist\/wp-content\/uploads\/2018\/05\/teias-ve-enerjisa-dagitim-sirketlerinden-buyuk-isbirligi-300x268.jpg\" alt=\"\" width=\"300\" height=\"268\" srcset=\"https:\/\/www.enerjigazetesi.ist\/wp-content\/uploads\/2018\/05\/teias-ve-enerjisa-dagitim-sirketlerinden-buyuk-isbirligi-300x268.jpg 300w, https:\/\/www.enerjigazetesi.ist\/wp-content\/uploads\/2018\/05\/teias-ve-enerjisa-dagitim-sirketlerinden-buyuk-isbirligi-448x400.jpg 448w, https:\/\/www.enerjigazetesi.ist\/wp-content\/uploads\/2018\/05\/teias-ve-enerjisa-dagitim-sirketlerinden-buyuk-isbirligi-56x50.jpg 56w, https:\/\/www.enerjigazetesi.ist\/wp-content\/uploads\/2018\/05\/teias-ve-enerjisa-dagitim-sirketlerinden-buyuk-isbirligi.jpg 547w\" sizes=\"(max-width: 300px) 100vw, 300px\" \/><\/p>\n<p>m\u00fc\u015fterilerin memnuniyetini \u00fcst d\u00fczeye \u00e7\u0131karmak amac\u0131yla yeni bir projeye ad\u0131m at\u0131yor.<\/p>\n<p>Entegre Bak\u0131m Y\u00f6netimi Projesi ile \u015febeke ar\u0131zalar\u0131n\u0131n \u00f6nlenmesi i\u00e7in elektrik kesintisi gerektiren bak\u0131m faaliyetleri TE\u0130A\u015e ve Enerjisa Da\u011f\u0131t\u0131m \u015eirketleri taraf\u0131ndan birlikte planlanacak. Bu sayede iki kurumun yat\u0131r\u0131m ve altyap\u0131 iyile\u015ftirme \u00e7al\u0131\u015fmalar\u0131 sebebiyle olu\u015fan elektrik kesinti say\u0131lar\u0131n\u0131n ayn\u0131 planlama i\u00e7inde azalt\u0131lmas\u0131 sa\u011flanacak.<\/p>\n<p>Ankara\u2019da pilot uygulama olarak ba\u015flayacak Entegre Bak\u0131m Y\u00f6netimi Projesi\u2019nin ilerleyen d\u00f6nemlerde T\u00fcrkiye\u2019deki t\u00fcm m\u00fc\u015fterilere fayda sa\u011flamas\u0131 hedefleniyor.<\/p>\n<p><strong>TE\u0130A\u015e Y\u00f6netim Kurulu Ba\u015fkan\u0131 ve Genel M\u00fcd\u00fcr\u00fc Abdullah Atalay <\/strong>a\u00e7\u0131klamas\u0131nda; \u201cEntegre Bak\u0131m Y\u00f6netimi \u00e7er\u00e7evesinde Enerjisa Da\u011f\u0131t\u0131m \u015eirketleri ile yapm\u0131\u015f oldu\u011fumuz i\u015fbirli\u011fini model olarak geli\u015ftirerek di\u011fer da\u011f\u0131t\u0131m \u015firketleri ile de koordine ederek, m\u00fc\u015fterilerin kesintilerden en az oranda etkilenmeleri i\u00e7in bak\u0131m faaliyetlerini daha planl\u0131 hale getiriyoruz.\u201d dedi.<\/p>\n<p><strong>Enerjisa Da\u011f\u0131t\u0131m \u015eirketlerinden sekt\u00f6rde \u00f6nc\u00fc bir proje daha<\/strong><\/p>\n<p><strong>Enerjisa Da\u011f\u0131t\u0131m \u015eirketleri Genel M\u00fcd\u00fcr\u00fc Murat P\u0131nar<\/strong> Proje ile ilgili yapt\u0131\u011f\u0131 a\u00e7\u0131klamada; \u201cTE\u0130A\u015e\u2019la beraber m\u00fc\u015fteri memnuniyeti odakl\u0131 \u00e7al\u0131\u015fmalar\u0131m\u0131za bir yenisini eklemekten b\u00fcy\u00fck mutluluk duyuyoruz. Kamu ve \u00f6zel sekt\u00f6r i\u015fbirli\u011fi ile sekt\u00f6r\u00fcm\u00fczde bir \u00f6nc\u00fc uygulamay\u0131 hayata ge\u00e7iriyoruz. Proje ile planl\u0131 kesintilerden kaynakl\u0131 m\u00fc\u015fterilerimizin ya\u015fad\u0131\u011f\u0131 toplam kesinti s\u00fcresini y\u00fczde 25 azaltmay\u0131 hedefliyoruz. Buradan elde edece\u011fimiz ba\u015far\u0131l\u0131 sonu\u00e7lar\u0131n di\u011fer elektrik da\u011f\u0131t\u0131m b\u00f6lgelerine de \u00f6rnek olarak uygulamaya al\u0131naca\u011f\u0131na inan\u0131yoruz. Ba\u015fkent EDA\u015e\u2019\u0131n faaliyet g\u00f6sterdi\u011fi Ankara\u2019da ger\u00e7ekle\u015ftirece\u011fimiz pilot uygulamadan sonra hedefimiz \u00e7ok daha fazlas\u0131, Enerjisa Da\u011f\u0131t\u0131m \u015eirketleri olan Ayeda\u015f ve Toroslar EDA\u015e\u2019ta da bu projeyi uygulama hedefimiz bulunuyor\u201d dedi.<\/p>\n<p>T\u00fcm \u00e7al\u0131\u015fmalar\u0131n\u0131n oda\u011f\u0131nda kesintisiz ve s\u00fcrd\u00fcr\u00fclebilir enerji sa\u011flamak oldu\u011funu s\u00f6yleyen <strong>P\u0131nar<\/strong>, bu projeyi m\u00fc\u015fteri memnuniyetini artt\u0131rmak i\u00e7in b\u00fcy\u00fck bir ad\u0131m olarak g\u00f6rd\u00fcklerini s\u00f6yledi. TE\u0130A\u015e ve Enerjisa Da\u011f\u0131t\u0131m \u015eirketleri aras\u0131nda kurulan bu de\u011ferli bir ileti\u015fim mekanizmas\u0131 ve i\u015fbirli\u011finin, m\u00fc\u015fterilere en do\u011fru \u00e7\u00f6z\u00fcm\u00fc en k\u0131sa s\u00fcrede sunmay\u0131 sa\u011flayaca\u011f\u0131n\u0131 belirtti.<\/p>","protected":false},"excerpt":{"rendered":"<p>Sorry, this entry is only available in Turkish. For the sake of viewer convenience, the content is shown below in the alternative language. You may click the link to switch the active language.TE\u0130A\u015e ve Enerjisa Da\u011f\u0131t\u0131m \u015eirketleri T\u00fcrkiye\u2019de ilk defa uygulamas\u0131 yap\u0131lacak proje ile elektrik kesinti say\u0131lar\u0131n\u0131 azaltmay\u0131 hedefliyor. Entegre Bak\u0131m Y\u00f6ntemi Projesi ile iki [&hellip;]<\/p>\n","protected":false},"author":1,"featured_media":74178,"comment_status":"open","ping_status":"open","sticky":false,"template":"","format":"standard","meta":[],"categories":[51,53],"tags":[13928,34979,19638,26353,67,1009,422,33828,1582],"views":743,"_links":{"self":[{"href":"https:\/\/www.enerjigazetesi.ist\/en\/wp-json\/wp\/v2\/posts\/74176"}],"collection":[{"href":"https:\/\/www.enerjigazetesi.ist\/en\/wp-json\/wp\/v2\/posts"}],"about":[{"href":"https:\/\/www.enerjigazetesi.ist\/en\/wp-json\/wp\/v2\/types\/post"}],"author":[{"embeddable":true,"href":"https:\/\/www.enerjigazetesi.ist\/en\/wp-json\/wp\/v2\/users\/1"}],"replies":[{"embeddable":true,"href":"https:\/\/www.enerjigazetesi.ist\/en\/wp-json\/wp\/v2\/comments?post=74176"}],"version-history":[{"count":1,"href":"https:\/\/www.enerjigazetesi.ist\/en\/wp-json\/wp\/v2\/posts\/74176\/revisions"}],"predecessor-version":[{"id":74179,"href":"https:\/\/www.enerjigazetesi.ist\/en\/wp-json\/wp\/v2\/posts\/74176\/revisions\/74179"}],"wp:featuredmedia":[{"embeddable":true,"href":"https:\/\/www.enerjigazetesi.ist\/en\/wp-json\/wp\/v2\/media\/74178"}],"wp:attachment":[{"href":"https:\/\/www.enerjigazetesi.ist\/en\/wp-json\/wp\/v2\/media?parent=74176"}],"wp:term":[{"taxonomy":"category","embeddable":true,"href":"https:\/\/www.enerjigazetesi.ist\/en\/wp-json\/wp\/v2\/categories?post=74176"},{"taxonomy":"post_tag","embeddable":true,"href":"https:\/\/www.enerjigazetesi.ist\/en\/wp-json\/wp\/v2\/tags?post=74176"}],"curies":[{"name":"wp","href":"https:\/\/api.w.org\/{rel}","templated":true}]}}