{"id":74151,"date":"2018-05-12T16:17:02","date_gmt":"2018-05-12T13:17:02","guid":{"rendered":"https:\/\/www.enerjigazetesi.ist\/?p=74151"},"modified":"2018-05-12T16:17:02","modified_gmt":"2018-05-12T13:17:02","slug":"petrol-ofisi-ankarada-2-gunde-10-istasyon-acti","status":"publish","type":"post","link":"https:\/\/www.enerjigazetesi.ist\/en\/petrol-ofisi-ankarada-2-gunde-10-istasyon-acti\/","title":{"rendered":"(Turkish) Petrol Ofisi, Ankara\u2019da 2 G\u00fcnde 10 \u0130stasyon A\u00e7t\u0131"},"content":{"rendered":"<p class=\"qtranxs-available-languages-message qtranxs-available-languages-message-en\">Sorry, this entry is only available in <a href=\"https:\/\/www.enerjigazetesi.ist\/tr\/wp-json\/wp\/v2\/posts\/74151\" class=\"qtranxs-available-language-link qtranxs-available-language-link-tr\" title=\"Turkish\">Turkish<\/a>. For the sake of viewer convenience, the content is shown below in the alternative language. You may click the link to switch the active language.<\/p><p><strong>T\u00fcrkiye akaryak\u0131t ve madeni ya\u011flar sekt\u00f6r\u00fcn\u00fcn lideri Petrol Ofisi, Ankara\u2019da 2 g\u00fcn i\u00e7inde 10 istasyonunun a\u00e7\u0131l\u0131\u015f t\u00f6renlerini ger\u00e7ekle\u015ftirdi. Petrol Ofisi CEO\u2019su Selim \u015eiper\u2019in kat\u0131ld\u0131\u011f\u0131 t\u00f6renlerle, Yeni Mahalle\u2019de 3, Sincan\u2019da 1, G\u00f6lba\u015f\u0131\u2019nda 3, Mamak\u2019ta 1 ve Etimesgut\u2019ta 2 adet Petrol Ofisi istasyonu hizmete girdi. <\/strong><\/p>\n<p>Ba\u015fkentte 2 ve 3 May\u0131s\u2019ta ger\u00e7ekle\u015ftirilen a\u00e7\u0131l\u0131\u015f t\u00f6renlerine, Petrol Ofisi\u2019nden CEO Selim \u015eiper\u2019in yan\u0131 s\u0131ra Perakende Direkt\u00f6r\u00fc Yi\u011fit Meral, Strateji ve \u0130\u015f Geli\u015ftirme Direkt\u00f6r\u00fc Mehmet Abbaso\u011flu ve CMO <img loading=\"lazy\" class=\"alignright size-medium wp-image-74152\" src=\"https:\/\/www.enerjigazetesi.ist\/wp-content\/uploads\/2018\/05\/petrol-ofisi-ankarada-2-gunde-10-istasyon-acti-300x203.jpg\" alt=\"\" width=\"300\" height=\"203\" srcset=\"https:\/\/www.enerjigazetesi.ist\/wp-content\/uploads\/2018\/05\/petrol-ofisi-ankarada-2-gunde-10-istasyon-acti-300x203.jpg 300w, https:\/\/www.enerjigazetesi.ist\/wp-content\/uploads\/2018\/05\/petrol-ofisi-ankarada-2-gunde-10-istasyon-acti-500x339.jpg 500w, https:\/\/www.enerjigazetesi.ist\/wp-content\/uploads\/2018\/05\/petrol-ofisi-ankarada-2-gunde-10-istasyon-acti-74x50.jpg 74w, https:\/\/www.enerjigazetesi.ist\/wp-content\/uploads\/2018\/05\/petrol-ofisi-ankarada-2-gunde-10-istasyon-acti.jpg 720w\" sizes=\"(max-width: 300px) 100vw, 300px\" \/>Beril Alako\u00e7 da kat\u0131ld\u0131lar.<\/p>\n<p><strong>Karada, denizde ve havac\u0131l\u0131kta hizmet veriyor.\u00a0<\/strong><strong>Altyap\u0131s\u0131 ile devasa kamu projelerini destekliyor<\/strong><\/p>\n<p>A\u00e7\u0131l\u0131\u015flarda konu\u015fan Petrol Ofisi CEO\u2019su Selim \u015eiper, Petrol Ofisi\u2019nin 1941 y\u0131l\u0131nda T\u00fcrkiye\u2019nin milli kaynaklar\u0131yla kurulmu\u015f ve halen bug\u00fcn b\u00fcy\u00fckl\u00fc\u011f\u00fc ve verdi\u011fi hizmetlerle \u00fclkemizin en b\u00fcy\u00fck milli de\u011ferlerinden biri oldu\u011funa dikkat \u00e7ekerek, \u201cPetrol Ofisi, T\u00fcrkiye\u2019nin en b\u00fcy\u00fck ikinci \u015firketi; akaryak\u0131t sekt\u00f6r\u00fc ile madeni ya\u011flar ve kimyasallar pazarlar\u0131n\u0131n lideri. Mevcut depolama ve terminal tesisleri ile Petrol Ofisi, T\u00fcrkiye\u2019nin bu alandaki altyap\u0131s\u0131n\u0131n b\u00fcy\u00fck bir b\u00f6l\u00fcm\u00fcn\u00fc tek ba\u015f\u0131na b\u00fcnyesinde bar\u0131nd\u0131r\u0131yor. Bu g\u00fc\u00e7l\u00fc altyap\u0131m\u0131z\u0131n avantajlar\u0131n\u0131 \u00fclkemizin hizmetine sunuyor ve 3. Havaliman\u0131, \u00c7anakkale K\u00f6pr\u00fcs\u00fc, Ankara Ni\u011fde Otoyolu gibi bir\u00e7ok \u00f6nemli projeye katk\u0131 sa\u011fl\u0131yoruz. T\u00fcrkiye\u2019nin havalimanlar\u0131nda u\u00e7aklar\u0131n, \u00fclkemizin t\u00fcm denizlerinde ise gemilerin yak\u0131t ihtiya\u00e7lar\u0131n\u0131 kar\u015f\u0131l\u0131yoruz. Alan\u0131nda T\u00fcrkiye\u2019nin ve yak\u0131n co\u011frafyan\u0131n en geli\u015fmi\u015f teknoloji merkezi POTEM\u2019e de ev sahipli\u011fi yapan Derince\u2019deki madeni ya\u011f fabrikam\u0131zda \u00fcretti\u011fimiz 350\u2019nin \u00fczerinde \u00fcr\u00fcn ile \u00fclkemizin bu konudaki t\u00fcm ihtiya\u00e7lar\u0131n\u0131 kar\u015f\u0131l\u0131yor, 33 \u00fclkeye ihracat ger\u00e7ekle\u015ftiriyoruz. T\u00fcrkiye\u2019mizde yayg\u0131n 1.720 istasyonumuz, ta\u015frada tar\u0131m\u0131 destekleyen 1.450 adet k\u00f6y pompam\u0131z ile \u00fclkemizin her noktas\u0131nda hizmet veriyoruz\u201d \u015feklinde a\u00e7\u0131klamalarda bulundu.<\/p>\n<p>A\u00e7\u0131l\u0131\u015f\u0131 ger\u00e7ekle\u015ftirilen her istasyonun Petrol Ofisi\u2019nin bu hizmet zincirine eklenen yeni birer halka oldu\u011funu belirten Selim \u015eiper, \u201c\u0130ki g\u00fcnde Ba\u015fkentimizde 10 istasyon a\u00e7\u0131yoruz. Di\u011fer bir deyi\u015fle Petrol Ofisi\u2019nin \u00fcst\u00fcn nitelikli \u00fcr\u00fcn ve hizmetleri, 10 yeni noktada daha halk\u0131m\u0131zla bulu\u015fmaya ba\u015flayacak\u201d dedi.<\/p>\n<p><strong>\u201cPetrol Ofisi \u00f6z\u00fcn\u00fc hep korudu\u201d <\/strong><\/p>\n<p>Petrol Ofisi\u2019nin, vefal\u0131 bir marka oldu\u011funa da vurgu yapan CEO Selim \u015eiper, \u201cPetrol Ofisi milli imk\u00e2nlarla bir kamu \u015firketi olarak kurulmu\u015f ve 2000 y\u0131l\u0131 itibari ile de \u00f6zelle\u015fmi\u015ftir. Ancak \u00f6z\u00fcn\u00fc hep korumu\u015ftur. Kendisini yaratan ve bug\u00fcnlere ta\u015f\u0131yan \u00fclkesini, devletini ve halk\u0131n\u0131 hi\u00e7bir zaman unutmam\u0131\u015ft\u0131r, unutmayacakt\u0131r. Sa\u011flad\u0131\u011f\u0131 \u00fcst\u00fcn nitelikli \u00fcr\u00fcnler ve hizmetlerle, yaratt\u0131\u011f\u0131 ekonomi ve istihdamla, \u00f6dedi\u011fi vergiler ile \u00fclkemizin b\u00fcy\u00fcmesini, geli\u015fimini desteklemeye, de\u011fer yaratmaya, T\u00fcrkiye\u2019yi yar\u0131nlara ta\u015f\u0131maya devam edecektir\u201d \u015feklinde konu\u015ftu.<\/p>\n<p>A\u00e7\u0131lan \u0130stasyonlar\u0131n Petrol Ofisi olarak yarat\u0131lan bu \u00f6nemli de\u011feri, sa\u011flad\u0131\u011f\u0131 katk\u0131y\u0131 daha da yayg\u0131nla\u015ft\u0131raca\u011f\u0131n\u0131, b\u00fcy\u00fctece\u011fini de belirten Selim \u015eiper, \u201cYeni istasyonlar\u0131m\u0131z\u0131n, \u00fclkemize, bayilerimize ve halk\u0131m\u0131za hay\u0131rl\u0131 u\u011furlu olmas\u0131n\u0131 diliyorum\u201d dedi.<\/p>\n<p><strong>\u0130ki g\u00fcnde 10 yeni istasyon a\u00e7\u0131l\u0131\u015f\u0131<\/strong><\/p>\n<p>Yeni Mahalle\u2019de Bat\u0131 Sitesi, Fatih Sultan Mehmet Bulvar\u0131 \u00fczerindeki (Kanda\u015fo\u011flu Petrol), Yeni Bat\u0131 Mahallesi, \u015eehit Kaymakam Muhammed Fatih Safit\u00fcrk Bulvar\u0131 \u00fczerindeki (Asran Petrol), Kardelen Mahallesi 1940 Caddesi \u00fczerindeki (Tu\u011fra Petrol) ile Sincan\u2019da \u0130stasyon Mahallesi, Aya\u015f Caddesi \u00fczerindeki (Mertsan Petrol) Petrol Ofisi istasyonlar\u0131, 2 May\u0131s \u00c7ar\u015famba g\u00fcn\u00fc d\u00fczenlenen t\u00f6renlerle hizmete a\u00e7\u0131ld\u0131.<\/p>\n<p>G\u00f6lba\u015f\u0131 Ya\u011fl\u0131p\u0131nar\u2019daki (Yeni Enes Petrol), \u015eafak Mahallesi, Ankara Caddesi \u00fczerindeki (O\u011fult\u00fcrk G\u00f6l Petrol) \u0130ncek Mahallesi, \u015eehit Savc\u0131 Mehmet Selim Kiraz Bulvar\u0131 \u00fczerindeki (Odak Petrol) ile Mamak\u2019ta \u015eehit Cengiz Topel Mahallesi Ziya Oralay Caddesi \u00fczerindeki (S\u00f6\u011f\u00fct Petrol) ve Etimesgut\u2019ta Erler Mahallesi Dumlup\u0131nar Bulvar\u0131 \u00fczerindeki (\u00dcst\u00fcn Petrol), Ba\u011fl\u0131ca Mahallesi Etimesgut Bulvar\u0131 \u00fczerindeki (\u00dcst\u00fcn Petrol) Petrol Ofisi istasyonlar\u0131 ise 3 May\u0131s Per\u015fembe g\u00fcn\u00fc ger\u00e7ekle\u015ftirilen t\u00f6renlerle hizmete a\u00e7\u0131ld\u0131.<\/p>","protected":false},"excerpt":{"rendered":"<p>Sorry, this entry is only available in Turkish. For the sake of viewer convenience, the content is shown below in the alternative language. You may click the link to switch the active language.T\u00fcrkiye akaryak\u0131t ve madeni ya\u011flar sekt\u00f6r\u00fcn\u00fcn lideri Petrol Ofisi, Ankara\u2019da 2 g\u00fcn i\u00e7inde 10 istasyonunun a\u00e7\u0131l\u0131\u015f t\u00f6renlerini ger\u00e7ekle\u015ftirdi. Petrol Ofisi CEO\u2019su Selim \u015eiper\u2019in [&hellip;]<\/p>\n","protected":false},"author":1,"featured_media":74152,"comment_status":"open","ping_status":"open","sticky":false,"template":"","format":"standard","meta":[],"categories":[53,44],"tags":[67,1009,34935,2388,10059,37618,34936,5406],"views":1231,"_links":{"self":[{"href":"https:\/\/www.enerjigazetesi.ist\/en\/wp-json\/wp\/v2\/posts\/74151"}],"collection":[{"href":"https:\/\/www.enerjigazetesi.ist\/en\/wp-json\/wp\/v2\/posts"}],"about":[{"href":"https:\/\/www.enerjigazetesi.ist\/en\/wp-json\/wp\/v2\/types\/post"}],"author":[{"embeddable":true,"href":"https:\/\/www.enerjigazetesi.ist\/en\/wp-json\/wp\/v2\/users\/1"}],"replies":[{"embeddable":true,"href":"https:\/\/www.enerjigazetesi.ist\/en\/wp-json\/wp\/v2\/comments?post=74151"}],"version-history":[{"count":1,"href":"https:\/\/www.enerjigazetesi.ist\/en\/wp-json\/wp\/v2\/posts\/74151\/revisions"}],"predecessor-version":[{"id":74153,"href":"https:\/\/www.enerjigazetesi.ist\/en\/wp-json\/wp\/v2\/posts\/74151\/revisions\/74153"}],"wp:featuredmedia":[{"embeddable":true,"href":"https:\/\/www.enerjigazetesi.ist\/en\/wp-json\/wp\/v2\/media\/74152"}],"wp:attachment":[{"href":"https:\/\/www.enerjigazetesi.ist\/en\/wp-json\/wp\/v2\/media?parent=74151"}],"wp:term":[{"taxonomy":"category","embeddable":true,"href":"https:\/\/www.enerjigazetesi.ist\/en\/wp-json\/wp\/v2\/categories?post=74151"},{"taxonomy":"post_tag","embeddable":true,"href":"https:\/\/www.enerjigazetesi.ist\/en\/wp-json\/wp\/v2\/tags?post=74151"}],"curies":[{"name":"wp","href":"https:\/\/api.w.org\/{rel}","templated":true}]}}