{"id":74091,"date":"2018-05-09T07:34:59","date_gmt":"2018-05-09T04:34:59","guid":{"rendered":"https:\/\/www.enerjigazetesi.ist\/?p=74091"},"modified":"2018-05-09T07:34:59","modified_gmt":"2018-05-09T04:34:59","slug":"avrupa-birligi-butcesinin-ceyregini-iklim-degisikligi-ile-mucadeleye-ayiriyor","status":"publish","type":"post","link":"https:\/\/www.enerjigazetesi.ist\/en\/avrupa-birligi-butcesinin-ceyregini-iklim-degisikligi-ile-mucadeleye-ayiriyor\/","title":{"rendered":"(Turkish) Avrupa Birli\u011fi B\u00fct\u00e7esinin \u00c7eyre\u011fini \u0130klim De\u011fi\u015fikli\u011fi ile M\u00fccadeleye Ay\u0131r\u0131yor"},"content":{"rendered":"<p class=\"qtranxs-available-languages-message qtranxs-available-languages-message-en\">Sorry, this entry is only available in <a href=\"https:\/\/www.enerjigazetesi.ist\/tr\/wp-json\/wp\/v2\/posts\/74091\" class=\"qtranxs-available-language-link qtranxs-available-language-link-tr\" title=\"Turkish\">Turkish<\/a>. For the sake of viewer convenience, the content is shown below in the alternative language. You may click the link to switch the active language.<\/p><p><strong>Avrupa Birli\u011fi y\u00f6netimi, yeni ekonomik ve siyasi zorluklar\u0131n blo\u011fun \u00e7evre kirlili\u011fine kar\u015f\u0131 m\u00fccadelesindeki kararl\u0131l\u0131\u011f\u0131n\u0131 zay\u0131flatmas\u0131na izin vermemek i\u00e7in gelecek \u00e7ok y\u0131ll\u0131k b\u00fct\u00e7esinde mevcut fonlar\u0131n %25\u2019inin iklim de\u011fi\u015fikli\u011fiyle ilgili faaliyetlere ayr\u0131lmas\u0131n\u0131 teklif etmeye haz\u0131rlan\u0131yor. <\/strong><\/p>\n<p><img loading=\"lazy\" class=\"alignleft size-full wp-image-20993\" src=\"https:\/\/www.enerjigazetesi.ist\/wp-content\/uploads\/2014\/01\/ab-2030-iklim-ve-enerji-hedeflerinde-birbirine-girdi.png\" alt=\"\" width=\"284\" height=\"177\" srcset=\"https:\/\/www.enerjigazetesi.ist\/wp-content\/uploads\/2014\/01\/ab-2030-iklim-ve-enerji-hedeflerinde-birbirine-girdi.png 284w, https:\/\/www.enerjigazetesi.ist\/wp-content\/uploads\/2014\/01\/ab-2030-iklim-ve-enerji-hedeflerinde-birbirine-girdi-80x50.png 80w\" sizes=\"(max-width: 284px) 100vw, 284px\" \/>Avrupa Komisyonu\u2019nun 2 May\u0131s\u2019ta \u00f6nerece\u011fi 2021-2027 b\u00fct\u00e7esi, emisyonlar\u0131n azalt\u0131lmas\u0131 ve iklim de\u011fi\u015fikli\u011fine uyum sa\u011flanmas\u0131 i\u00e7in ayr\u0131lan fonlar\u0131 b\u00fcy\u00fctecek. Fonlar b\u00f6lgesel yard\u0131m, ula\u015f\u0131m, ara\u015ft\u0131rma ve d\u0131\u015f ili\u015fkiler gibi politikalar alt\u0131nda tahsis edilecek.<\/p>\n<p>Her ne kadar Avrupa\u2019n\u0131n politik \u00f6ncelikleri Brexit ile de\u011fi\u015fiyor olsa da, Avrupa Birli\u011fi, sera gaz\u0131 emisyonlar\u0131n\u0131n ve fosil yak\u0131tlara ba\u011f\u0131ml\u0131l\u0131\u011f\u0131n azalt\u0131lmas\u0131 i\u00e7in s\u00fcrd\u00fcr\u00fclen k\u00fcresel \u00e7aba ve temiz, yenilenebilir enerji kaynaklar\u0131na y\u00f6nelimde lider pozisyonunu korumak istiyor. Blok, karbon emisyonlar\u0131n\u0131 2030 y\u0131l\u0131na kadar, 1990 y\u0131l\u0131na oranla, en az %40 oran\u0131nda azaltmay\u0131 ve yenilenebilir enerji kaynaklar\u0131n\u0131n enerji t\u00fcketimindeki pay\u0131n\u0131 en az %27\u2019ye \u00e7\u0131karmay\u0131 ama\u00e7l\u0131yor.<\/p>\n<p><a href=\"https:\/\/www.bloomberg.com\/news\/articles\/2018-04-30\/climate-linked-spending-set-to-rise-to-a-quarter-of-eu-budget\"><em>Bloomberg<\/em><\/a><\/p>","protected":false},"excerpt":{"rendered":"<p>Sorry, this entry is only available in Turkish. For the sake of viewer convenience, the content is shown below in the alternative language. You may click the link to switch the active language.Avrupa Birli\u011fi y\u00f6netimi, yeni ekonomik ve siyasi zorluklar\u0131n blo\u011fun \u00e7evre kirlili\u011fine kar\u015f\u0131 m\u00fccadelesindeki kararl\u0131l\u0131\u011f\u0131n\u0131 zay\u0131flatmas\u0131na izin vermemek i\u00e7in gelecek \u00e7ok y\u0131ll\u0131k b\u00fct\u00e7esinde mevcut [&hellip;]<\/p>\n","protected":false},"author":1,"featured_media":20993,"comment_status":"open","ping_status":"open","sticky":false,"template":"","format":"standard","meta":[],"categories":[53,52],"tags":[1192,2132,67,1009,12,1999,793],"views":739,"_links":{"self":[{"href":"https:\/\/www.enerjigazetesi.ist\/en\/wp-json\/wp\/v2\/posts\/74091"}],"collection":[{"href":"https:\/\/www.enerjigazetesi.ist\/en\/wp-json\/wp\/v2\/posts"}],"about":[{"href":"https:\/\/www.enerjigazetesi.ist\/en\/wp-json\/wp\/v2\/types\/post"}],"author":[{"embeddable":true,"href":"https:\/\/www.enerjigazetesi.ist\/en\/wp-json\/wp\/v2\/users\/1"}],"replies":[{"embeddable":true,"href":"https:\/\/www.enerjigazetesi.ist\/en\/wp-json\/wp\/v2\/comments?post=74091"}],"version-history":[{"count":1,"href":"https:\/\/www.enerjigazetesi.ist\/en\/wp-json\/wp\/v2\/posts\/74091\/revisions"}],"predecessor-version":[{"id":74092,"href":"https:\/\/www.enerjigazetesi.ist\/en\/wp-json\/wp\/v2\/posts\/74091\/revisions\/74092"}],"wp:featuredmedia":[{"embeddable":true,"href":"https:\/\/www.enerjigazetesi.ist\/en\/wp-json\/wp\/v2\/media\/20993"}],"wp:attachment":[{"href":"https:\/\/www.enerjigazetesi.ist\/en\/wp-json\/wp\/v2\/media?parent=74091"}],"wp:term":[{"taxonomy":"category","embeddable":true,"href":"https:\/\/www.enerjigazetesi.ist\/en\/wp-json\/wp\/v2\/categories?post=74091"},{"taxonomy":"post_tag","embeddable":true,"href":"https:\/\/www.enerjigazetesi.ist\/en\/wp-json\/wp\/v2\/tags?post=74091"}],"curies":[{"name":"wp","href":"https:\/\/api.w.org\/{rel}","templated":true}]}}