{"id":74075,"date":"2018-05-09T07:09:37","date_gmt":"2018-05-09T04:09:37","guid":{"rendered":"https:\/\/www.enerjigazetesi.ist\/?p=74075"},"modified":"2018-05-09T07:09:37","modified_gmt":"2018-05-09T04:09:37","slug":"corumda-esnaf-gunes-enerjisinden-faydalanacak","status":"publish","type":"post","link":"https:\/\/www.enerjigazetesi.ist\/en\/corumda-esnaf-gunes-enerjisinden-faydalanacak\/","title":{"rendered":"(Turkish) \u00c7orum\u2019da Esnaf G\u00fcne\u015f Enerjisinden Faydalanacak"},"content":{"rendered":"<p class=\"qtranxs-available-languages-message qtranxs-available-languages-message-en\">Sorry, this entry is only available in <a href=\"https:\/\/www.enerjigazetesi.ist\/tr\/wp-json\/wp\/v2\/posts\/74075\" class=\"qtranxs-available-language-link qtranxs-available-language-link-tr\" title=\"Turkish\">Turkish<\/a>. For the sake of viewer convenience, the content is shown below in the alternative language. You may click the link to switch the active language.<\/p><p><strong>\u00c7orum\u00a0Zanaatkarlar\u00a0K\u00fc\u00e7\u00fck Sanayi Sitesi\u00a0Yap\u0131 Kooperatifi Ba\u015fkan\u0131\u00a0Necmeddin Uzun, T\u00fcrkiye\u2019ye \u00f6rnek olacak bir sanayi sitesi kurmak i\u00e7in \u00e7al\u0131\u015fmalar\u0131n\u0131 s\u00fcrd\u00fcrd\u00fcklerini belirterek, d\u00fckkanlar\u0131n \u00e7at\u0131lar\u0131na\u00a0g\u00fcne\u015f enerjisi\u00a0panelleri yerle\u015ftireceklerini s\u00f6yledi.<\/strong><\/p>\n<p><img loading=\"lazy\" class=\"alignleft size-medium wp-image-74076\" src=\"https:\/\/www.enerjigazetesi.ist\/wp-content\/uploads\/2018\/05\/corumda-esnaf-gunes-enerjisinden-faydalanacak-300x150.jpg\" alt=\"\" width=\"300\" height=\"150\" srcset=\"https:\/\/www.enerjigazetesi.ist\/wp-content\/uploads\/2018\/05\/corumda-esnaf-gunes-enerjisinden-faydalanacak-300x150.jpg 300w, https:\/\/www.enerjigazetesi.ist\/wp-content\/uploads\/2018\/05\/corumda-esnaf-gunes-enerjisinden-faydalanacak-500x250.jpg 500w, https:\/\/www.enerjigazetesi.ist\/wp-content\/uploads\/2018\/05\/corumda-esnaf-gunes-enerjisinden-faydalanacak-80x40.jpg 80w, https:\/\/www.enerjigazetesi.ist\/wp-content\/uploads\/2018\/05\/corumda-esnaf-gunes-enerjisinden-faydalanacak.jpg 640w\" sizes=\"(max-width: 300px) 100vw, 300px\" \/>Kooperatif ortaklar\u0131n\u0131n menfaatini her zaman g\u00f6zettiklerini belirten Uzun, beklentilerinin \u00fczerinde bir talep g\u00f6rd\u00fcklerini ve bu ilgi ve alakalar\u0131ndan dolay\u0131 t\u00fcm\u00a0\u00c7orumlu esnaf ve sanatkarlara minnettar olduklar\u0131n\u0131 dile getirdi.<\/p>\n<p>Uzun, sanayi sitesi in\u015fas\u0131n\u0131n geli\u015fimi a\u00e7\u0131s\u0131ndan kooperatif \u00fcyelerinin y\u00fczde 5\u2019lik kat\u0131l\u0131m \u00fccretini may\u0131s ay\u0131 sonuna kadar yat\u0131r\u0131lmas\u0131 gerekti\u011fini aktard\u0131.<\/p>\n<p>T\u00fcrkiye\u2019ye \u00f6rnek bir sanayi sitesini\u00a0\u00c7orum\u2019a kazand\u0131rmak istediklerini vurgulayan Uzun, d\u00fckkanlar\u0131n \u00e7at\u0131lar\u0131n\u0131n g\u00fcne\u015f enerjisi panelleri ile kaplanmas\u0131 i\u00e7in \u00fcyelerden yetki istedi.<\/p>","protected":false},"excerpt":{"rendered":"<p>Sorry, this entry is only available in Turkish. For the sake of viewer convenience, the content is shown below in the alternative language. You may click the link to switch the active language.\u00c7orum\u00a0Zanaatkarlar\u00a0K\u00fc\u00e7\u00fck Sanayi Sitesi\u00a0Yap\u0131 Kooperatifi Ba\u015fkan\u0131\u00a0Necmeddin Uzun, T\u00fcrkiye\u2019ye \u00f6rnek olacak bir sanayi sitesi kurmak i\u00e7in \u00e7al\u0131\u015fmalar\u0131n\u0131 s\u00fcrd\u00fcrd\u00fcklerini belirterek, d\u00fckkanlar\u0131n \u00e7at\u0131lar\u0131na\u00a0g\u00fcne\u015f enerjisi\u00a0panelleri yerle\u015ftireceklerini s\u00f6yledi. Kooperatif [&hellip;]<\/p>\n","protected":false},"author":1,"featured_media":74076,"comment_status":"open","ping_status":"open","sticky":false,"template":"","format":"standard","meta":[],"categories":[53,49],"tags":[67,1009,23416,23131],"views":504,"_links":{"self":[{"href":"https:\/\/www.enerjigazetesi.ist\/en\/wp-json\/wp\/v2\/posts\/74075"}],"collection":[{"href":"https:\/\/www.enerjigazetesi.ist\/en\/wp-json\/wp\/v2\/posts"}],"about":[{"href":"https:\/\/www.enerjigazetesi.ist\/en\/wp-json\/wp\/v2\/types\/post"}],"author":[{"embeddable":true,"href":"https:\/\/www.enerjigazetesi.ist\/en\/wp-json\/wp\/v2\/users\/1"}],"replies":[{"embeddable":true,"href":"https:\/\/www.enerjigazetesi.ist\/en\/wp-json\/wp\/v2\/comments?post=74075"}],"version-history":[{"count":1,"href":"https:\/\/www.enerjigazetesi.ist\/en\/wp-json\/wp\/v2\/posts\/74075\/revisions"}],"predecessor-version":[{"id":74077,"href":"https:\/\/www.enerjigazetesi.ist\/en\/wp-json\/wp\/v2\/posts\/74075\/revisions\/74077"}],"wp:featuredmedia":[{"embeddable":true,"href":"https:\/\/www.enerjigazetesi.ist\/en\/wp-json\/wp\/v2\/media\/74076"}],"wp:attachment":[{"href":"https:\/\/www.enerjigazetesi.ist\/en\/wp-json\/wp\/v2\/media?parent=74075"}],"wp:term":[{"taxonomy":"category","embeddable":true,"href":"https:\/\/www.enerjigazetesi.ist\/en\/wp-json\/wp\/v2\/categories?post=74075"},{"taxonomy":"post_tag","embeddable":true,"href":"https:\/\/www.enerjigazetesi.ist\/en\/wp-json\/wp\/v2\/tags?post=74075"}],"curies":[{"name":"wp","href":"https:\/\/api.w.org\/{rel}","templated":true}]}}