{"id":74070,"date":"2018-05-08T07:38:26","date_gmt":"2018-05-08T04:38:26","guid":{"rendered":"https:\/\/www.enerjigazetesi.ist\/?p=74070"},"modified":"2018-05-08T07:38:26","modified_gmt":"2018-05-08T04:38:26","slug":"turkiye-2023-yili-hedefinin-yuzde-30luk-kismina-simdiden-ulasti","status":"publish","type":"post","link":"https:\/\/www.enerjigazetesi.ist\/en\/turkiye-2023-yili-hedefinin-yuzde-30luk-kismina-simdiden-ulasti\/","title":{"rendered":"(Turkish) &#8221;T\u00fcrkiye 2023 Y\u0131l\u0131 Hedefinin Y\u00fczde 30&#8217;luk K\u0131sm\u0131na \u015eimdiden Ula\u015ft\u0131&#8221;"},"content":{"rendered":"<p class=\"qtranxs-available-languages-message qtranxs-available-languages-message-en\">Sorry, this entry is only available in <a href=\"https:\/\/www.enerjigazetesi.ist\/tr\/wp-json\/wp\/v2\/posts\/74070\" class=\"qtranxs-available-language-link qtranxs-available-language-link-tr\" title=\"Turkish\">Turkish<\/a>. For the sake of viewer convenience, the content is shown below in the alternative language. You may click the link to switch the active language.<\/p><p><strong>2-4 May\u0131s 2018 tarihleri aras\u0131nda d\u00fczenlenen ICCI 2018 fuar\u0131n\u0131n a\u00e7\u0131l\u0131\u015f konu\u015fmalar\u0131ndan birisini de Enerji Piyasas\u0131 D\u00fczenleme Kurumu Ba\u015fkan\u0131 Mustafa Y\u0131lmaz yapt\u0131.<\/strong><\/p>\n<p>Y<img loading=\"lazy\" class=\"alignleft size-medium wp-image-31061\" src=\"https:\/\/www.enerjigazetesi.ist\/wp-content\/uploads\/2014\/09\/dunya-genelinde-gunes-ve-ruzgarin-elektrik-uretimindeki-payi-artti-300x217.jpg\" alt=\"\" width=\"300\" height=\"217\" srcset=\"https:\/\/www.enerjigazetesi.ist\/wp-content\/uploads\/2014\/09\/dunya-genelinde-gunes-ve-ruzgarin-elektrik-uretimindeki-payi-artti-300x217.jpg 300w, https:\/\/www.enerjigazetesi.ist\/wp-content\/uploads\/2014\/09\/dunya-genelinde-gunes-ve-ruzgarin-elektrik-uretimindeki-payi-artti-500x361.jpg 500w, https:\/\/www.enerjigazetesi.ist\/wp-content\/uploads\/2014\/09\/dunya-genelinde-gunes-ve-ruzgarin-elektrik-uretimindeki-payi-artti-69x50.jpg 69w, https:\/\/www.enerjigazetesi.ist\/wp-content\/uploads\/2014\/09\/dunya-genelinde-gunes-ve-ruzgarin-elektrik-uretimindeki-payi-artti.jpg 600w\" sizes=\"(max-width: 300px) 100vw, 300px\" \/>\u0131lmaz yapt\u0131\u011f\u0131 konu\u015fma da T\u00fcrkiye&#8217;nin elektrik \u00fcretim kapasitesinin son 15 y\u0131lda 36 bin MW seviyesinden, 87 bin MW&#8217;a ula\u015ft\u0131\u011f\u0131n\u0131 ve 90 bin MW seviyesine do\u011fru y\u00fckseldi\u011fini belirtti. Y\u0131lmaz T\u00fcrkiye&#8217;nin elektrik \u00fcretim kapasitesinde, yenilenebilir enerji kaynaklar\u0131na dayal\u0131 santrallerin T\u00fcrkiye&#8217;nin toplam elektrik \u00fcretim kapasitesindeki pay\u0131n\u0131n y\u00fczde 46 oldu\u011fu s\u00f6yledi.<\/p>\n<p>EPDK ba\u015fkan\u0131 bu santrallerin T\u00fcrkiye&#8217;nin toplam elektrik \u00fcretimi i\u00e7indeki pay\u0131n\u0131n y\u00fczde 30&#8217;u a\u015ft\u0131\u011f\u0131n\u0131 ve b\u00f6ylelikle T\u00fcrkiye&#8217;nin 2023 i\u00e7in belirledi\u011fi, elektrik \u00fcretiminde yenilenebilir enerji kaynaklar\u0131n\u0131n pay\u0131na y\u00f6nelik y\u00fczde 30&#8217;luk hedefi \u015fimdiden ger\u00e7ekle\u015ftirdi\u011finin de vurgusunu yapt\u0131.<\/p>","protected":false},"excerpt":{"rendered":"<p>Sorry, this entry is only available in Turkish. For the sake of viewer convenience, the content is shown below in the alternative language. You may click the link to switch the active language.2-4 May\u0131s 2018 tarihleri aras\u0131nda d\u00fczenlenen ICCI 2018 fuar\u0131n\u0131n a\u00e7\u0131l\u0131\u015f konu\u015fmalar\u0131ndan birisini de Enerji Piyasas\u0131 D\u00fczenleme Kurumu Ba\u015fkan\u0131 Mustafa Y\u0131lmaz yapt\u0131. Y\u0131lmaz yapt\u0131\u011f\u0131 [&hellip;]<\/p>\n","protected":false},"author":1,"featured_media":31061,"comment_status":"open","ping_status":"open","sticky":false,"template":"","format":"standard","meta":[],"categories":[51,53,49,50],"tags":[67,1009,23416,24949,26829],"views":620,"_links":{"self":[{"href":"https:\/\/www.enerjigazetesi.ist\/en\/wp-json\/wp\/v2\/posts\/74070"}],"collection":[{"href":"https:\/\/www.enerjigazetesi.ist\/en\/wp-json\/wp\/v2\/posts"}],"about":[{"href":"https:\/\/www.enerjigazetesi.ist\/en\/wp-json\/wp\/v2\/types\/post"}],"author":[{"embeddable":true,"href":"https:\/\/www.enerjigazetesi.ist\/en\/wp-json\/wp\/v2\/users\/1"}],"replies":[{"embeddable":true,"href":"https:\/\/www.enerjigazetesi.ist\/en\/wp-json\/wp\/v2\/comments?post=74070"}],"version-history":[{"count":1,"href":"https:\/\/www.enerjigazetesi.ist\/en\/wp-json\/wp\/v2\/posts\/74070\/revisions"}],"predecessor-version":[{"id":74071,"href":"https:\/\/www.enerjigazetesi.ist\/en\/wp-json\/wp\/v2\/posts\/74070\/revisions\/74071"}],"wp:featuredmedia":[{"embeddable":true,"href":"https:\/\/www.enerjigazetesi.ist\/en\/wp-json\/wp\/v2\/media\/31061"}],"wp:attachment":[{"href":"https:\/\/www.enerjigazetesi.ist\/en\/wp-json\/wp\/v2\/media?parent=74070"}],"wp:term":[{"taxonomy":"category","embeddable":true,"href":"https:\/\/www.enerjigazetesi.ist\/en\/wp-json\/wp\/v2\/categories?post=74070"},{"taxonomy":"post_tag","embeddable":true,"href":"https:\/\/www.enerjigazetesi.ist\/en\/wp-json\/wp\/v2\/tags?post=74070"}],"curies":[{"name":"wp","href":"https:\/\/api.w.org\/{rel}","templated":true}]}}