{"id":74064,"date":"2018-05-08T07:26:58","date_gmt":"2018-05-08T04:26:58","guid":{"rendered":"https:\/\/www.enerjigazetesi.ist\/?p=74064"},"modified":"2018-05-08T07:27:41","modified_gmt":"2018-05-08T04:27:41","slug":"gunumuzde-yuzen-nukleer-santraller-yer-alacak","status":"publish","type":"post","link":"https:\/\/www.enerjigazetesi.ist\/en\/gunumuzde-yuzen-nukleer-santraller-yer-alacak\/","title":{"rendered":"(Turkish) G\u00fcn\u00fcm\u00fczde Y\u00fczen N\u00fckleer Santraller Yer Alacak"},"content":{"rendered":"<p class=\"qtranxs-available-languages-message qtranxs-available-languages-message-en\">Sorry, this entry is only available in <a href=\"https:\/\/www.enerjigazetesi.ist\/tr\/wp-json\/wp\/v2\/posts\/74064\" class=\"qtranxs-available-language-link qtranxs-available-language-link-tr\" title=\"Turkish\">Turkish<\/a>. For the sake of viewer convenience, the content is shown below in the alternative language. You may click the link to switch the active language.<\/p><p><strong>24. Uluslararas\u0131 Enerji ve \u00c7evre Fuar\u0131 ve Konferans\u0131\u2019n\u0131n son g\u00fcn\u00fcnde ger\u00e7ekle\u015ftirilen N\u00fckleer Enerji konulu panelde de\u011ferlendirmelerde bulunan \u0130stanbul Teknik \u00dcniversitesi Enerji Enstit\u00fcs\u00fc N\u00fckleer Ara\u015ft\u0131rmalar ve Yenilenebilir Enerji Anabilim Dallar\u0131 Ba\u015fkan\u0131 Prof. Dr. \u00dcner \u00c7olak, n\u00fckleer enerji santrallerinin gelecek d\u00f6nemde azalmayaca\u011f\u0131n\u0131 aksine artmay\u0131 s\u00fcrd\u00fcrece\u011fini belirtti.<\/strong><\/p>\n<p><strong><img loading=\"lazy\" class=\"alignleft size-medium wp-image-74065\" src=\"https:\/\/www.enerjigazetesi.ist\/wp-content\/uploads\/2018\/05\/gunumuzde-yuzen-nukleer-santraller-yer-alacak-300x200.jpg\" alt=\"\" width=\"300\" height=\"200\" srcset=\"https:\/\/www.enerjigazetesi.ist\/wp-content\/uploads\/2018\/05\/gunumuzde-yuzen-nukleer-santraller-yer-alacak.jpg 300w, https:\/\/www.enerjigazetesi.ist\/wp-content\/uploads\/2018\/05\/gunumuzde-yuzen-nukleer-santraller-yer-alacak-75x50.jpg 75w\" sizes=\"(max-width: 300px) 100vw, 300px\" \/><\/strong>N\u00fckleer enerji santrallerinin \u00f6mr\u00fcn\u00fcn gelecek teknolojilerle 60 y\u0131la kadar \u00e7\u0131kar\u0131ld\u0131\u011f\u0131n\u0131 s\u00f6yleyen \u00c7olak konu\u015fmas\u0131na \u015f\u00f6yle devam etti; \u201cN\u00fckleer santrallerinin \u00f6mr\u00fcn\u00fcn ilk kurulumda 30 y\u0131l olaca\u011f\u0131 d\u00fc\u015f\u00fcn\u00fcl\u00fcyordu, \u015fu an ise geli\u015fen teknoloji ile birlikte 60 y\u0131ldan bahsediliyor. Reakt\u00f6rlerin \u00e7o\u011funlu\u011fu ya\u015flan\u0131yor ve gelecekte \u00f6mr\u00fcn\u00fc tamamlam\u0131\u015f daha fazla reakt\u00f6r g\u00f6rece\u011fiz.<\/p>\n<p>Ayr\u0131ca y\u00fczen n\u00fckleer santrali gemileri de yak\u0131n gelecekte g\u00f6rebiliriz. Bu konu \u00fczerinde Frans\u0131z, \u00c7in ve Rusya\u2019n\u0131n bu konularda \u00e7al\u0131\u015fmalar\u0131 var. Ayr\u0131ca planlanm\u0131\u015f in\u015faatlar 12 milyon dolardan fazlaya mal olacak. Y\u0131ll\u0131k uluslararas\u0131 tedarik \u015fu anki durum i\u00e7in 25 milyar dolar olacak.\u201d<\/p>","protected":false},"excerpt":{"rendered":"<p>Sorry, this entry is only available in Turkish. For the sake of viewer convenience, the content is shown below in the alternative language. You may click the link to switch the active language.24. Uluslararas\u0131 Enerji ve \u00c7evre Fuar\u0131 ve Konferans\u0131\u2019n\u0131n son g\u00fcn\u00fcnde ger\u00e7ekle\u015ftirilen N\u00fckleer Enerji konulu panelde de\u011ferlendirmelerde bulunan \u0130stanbul Teknik \u00dcniversitesi Enerji Enstit\u00fcs\u00fc N\u00fckleer [&hellip;]<\/p>\n","protected":false},"author":1,"featured_media":74065,"comment_status":"open","ping_status":"open","sticky":false,"template":"","format":"standard","meta":[],"categories":[53,43],"tags":[68,67,1009,870,71,23134,25480,34930,37589],"views":744,"_links":{"self":[{"href":"https:\/\/www.enerjigazetesi.ist\/en\/wp-json\/wp\/v2\/posts\/74064"}],"collection":[{"href":"https:\/\/www.enerjigazetesi.ist\/en\/wp-json\/wp\/v2\/posts"}],"about":[{"href":"https:\/\/www.enerjigazetesi.ist\/en\/wp-json\/wp\/v2\/types\/post"}],"author":[{"embeddable":true,"href":"https:\/\/www.enerjigazetesi.ist\/en\/wp-json\/wp\/v2\/users\/1"}],"replies":[{"embeddable":true,"href":"https:\/\/www.enerjigazetesi.ist\/en\/wp-json\/wp\/v2\/comments?post=74064"}],"version-history":[{"count":2,"href":"https:\/\/www.enerjigazetesi.ist\/en\/wp-json\/wp\/v2\/posts\/74064\/revisions"}],"predecessor-version":[{"id":74067,"href":"https:\/\/www.enerjigazetesi.ist\/en\/wp-json\/wp\/v2\/posts\/74064\/revisions\/74067"}],"wp:featuredmedia":[{"embeddable":true,"href":"https:\/\/www.enerjigazetesi.ist\/en\/wp-json\/wp\/v2\/media\/74065"}],"wp:attachment":[{"href":"https:\/\/www.enerjigazetesi.ist\/en\/wp-json\/wp\/v2\/media?parent=74064"}],"wp:term":[{"taxonomy":"category","embeddable":true,"href":"https:\/\/www.enerjigazetesi.ist\/en\/wp-json\/wp\/v2\/categories?post=74064"},{"taxonomy":"post_tag","embeddable":true,"href":"https:\/\/www.enerjigazetesi.ist\/en\/wp-json\/wp\/v2\/tags?post=74064"}],"curies":[{"name":"wp","href":"https:\/\/api.w.org\/{rel}","templated":true}]}}