{"id":74053,"date":"2018-05-08T07:09:09","date_gmt":"2018-05-08T04:09:09","guid":{"rendered":"https:\/\/www.enerjigazetesi.ist\/?p=74053"},"modified":"2018-05-08T07:09:09","modified_gmt":"2018-05-08T04:09:09","slug":"kutay-kaleli-solar-sektoru-ve-cati-pazarini-anlatti","status":"publish","type":"post","link":"https:\/\/www.enerjigazetesi.ist\/en\/kutay-kaleli-solar-sektoru-ve-cati-pazarini-anlatti\/","title":{"rendered":"(Turkish) Kutay Kaleli Solar Sekt\u00f6r\u00fc ve \u00c7at\u0131 Pazar\u0131n\u0131 Anlatt\u0131&#8230;"},"content":{"rendered":"<p class=\"qtranxs-available-languages-message qtranxs-available-languages-message-en\">Sorry, this entry is only available in <a href=\"https:\/\/www.enerjigazetesi.ist\/tr\/wp-json\/wp\/v2\/posts\/74053\" class=\"qtranxs-available-language-link qtranxs-available-language-link-tr\" title=\"Turkish\">Turkish<\/a>. For the sake of viewer convenience, the content is shown below in the alternative language. You may click the link to switch the active language.<\/p><p><strong>A\u00e7\u0131l\u0131\u015f Konu\u015fmas\u0131n\u0131 TESAB Y\u00f6netim Kurulu \u00fcyesi ve ELTEMTEK Genel M\u00fcd\u00fcr\u00fc \u015eerif Okluo\u011flu\u2019nun yapt\u0131\u011f\u0131 oturumda G\u00dcNDER Y\u00f6netim Kurulu Ba\u015fkan\u0131 Kutay Kaleli G\u00fcne\u015f Enerjisinin T\u00fcrkiye\u2019deki Durumuna ve Geli\u015fen \u00c7ATI GES pazar\u0131na dair \u00f6nemli a\u00e7\u0131klamalarda bulundu.<\/strong><\/p>\n<p>A\u00e7\u0131l\u0131\u015f Konu\u015fmas\u0131nda Okluo\u011flu; \u201c2000\u2019li y\u0131llarda d\u00fcnyan\u0131n en pahal\u0131 enerji \u00fcretim metodu olan g\u00fcne\u015f enerjisi en ucuz \u00fcretim y\u00f6ntemlerinden birine d\u00f6n\u00fc\u015fm\u00fc\u015f durumda. D\u00fcnyada g\u00fcne\u015f enerjisi santralleri kurulu g\u00fcc\u00fc artmaya devam ederken \u00fclkemizde de bu sekt\u00f6r yeni ba\u015flamaya, \u00f6zellikle son d\u00f6nemde <img loading=\"lazy\" class=\"alignleft size-medium wp-image-74054\" src=\"https:\/\/www.enerjigazetesi.ist\/wp-content\/uploads\/2018\/05\/kutay-kaleli-solar-sektoru-ve-cati-pazarini-anlatti-300x150.jpg\" alt=\"\" width=\"300\" height=\"150\" srcset=\"https:\/\/www.enerjigazetesi.ist\/wp-content\/uploads\/2018\/05\/kutay-kaleli-solar-sektoru-ve-cati-pazarini-anlatti-300x150.jpg 300w, https:\/\/www.enerjigazetesi.ist\/wp-content\/uploads\/2018\/05\/kutay-kaleli-solar-sektoru-ve-cati-pazarini-anlatti-500x250.jpg 500w, https:\/\/www.enerjigazetesi.ist\/wp-content\/uploads\/2018\/05\/kutay-kaleli-solar-sektoru-ve-cati-pazarini-anlatti-80x40.jpg 80w, https:\/\/www.enerjigazetesi.ist\/wp-content\/uploads\/2018\/05\/kutay-kaleli-solar-sektoru-ve-cati-pazarini-anlatti.jpg 640w\" sizes=\"(max-width: 300px) 100vw, 300px\" \/>Enerji ve Tabii Kaynaklar Bakanl\u0131\u011f\u0131m\u0131z\u0131n aktif etkin politikalar\u0131yla buradaki kapasite artt\u0131r\u0131lmaya \u00e7al\u0131\u015f\u0131l\u0131yor.\u201d Dedi. Okluo\u011flu \u201cBakan\u0131m\u0131z\u0131n 2023 y\u0131l\u0131na kadar 10.000 MW hedefine h\u0131zl\u0131 ad\u0131mlarla gidiyoruz. G\u00fcne\u015f Enerjisi Kurulu g\u00fcc\u00fc 2014 sonunda 40,18 MW, 2015 Sonu 248,8 MW 2016 sonunda 838,5 MW 2017 sonunda ise 3.420,7 MW olarak ger\u00e7ekle\u015fmi\u015ftir. 2018 Mart Ay\u0131 sonu itibariyle\u2019de 4.061 MW g\u00fcc\u00fcne ula\u015fm\u0131\u015f durumda buda ne kadar h\u0131zl\u0131 ne kadar emin ad\u0131mlarla gidildi\u011fini g\u00f6steriyor\u201d diyerek s\u00f6z\u00fc Kutay Kaleli\u2019ye b\u0131rakt\u0131.<\/p>\n<p>G\u00dcNDER Y\u00f6netim Kurulu Ba\u015fkan\u0131 Kutay Kaleli konu\u015fmas\u0131na G\u00fcne\u015f enerji sekt\u00f6r\u00fcn\u00fcn istatistikleri hakk\u0131nda bilgi vererek ba\u015flad\u0131. Kaleli \u201c4.061MW asl\u0131nda ara bir rakamd\u0131. Kayna\u011f\u0131\u2019da YEGEM\u2019di . Son TE\u0130A\u015e a\u00e7\u0131klamalar\u0131na g\u00f6re ise \u015fu anda GES kurulu g\u00fcc\u00fcm\u00fcz lisans\u0131zlarda 4.567 MW, lisansl\u0131 projelerle birlikte 4.600 MW yakla\u015fm\u0131\u015f durumda. Bu yeterli de\u011fil bunu artt\u0131rmam\u0131z laz\u0131m.\u201d Dedi. Kaleli \u201cToplamdaki kurulu g\u00fcc\u00fcm\u00fcz olan 86.568 MW\u2019t\u0131n \u015fu anda %5,5\u2019i g\u00fcne\u015ften elektrik \u00fcretiyor. Bu olduk\u00e7a g\u00fczel bunu %10\u2019a kadar \u00e7ekmemiz gerekiyor bunun i\u00e7inde yapmam\u0131z gereken \u00e7ok \u015fey var.\u201d Diyerek s\u00f6zlerine devam etti.<\/p>\n<p>G\u00dcNDER\u2019in \u00e7al\u0131\u015fmalar\u0131 hakk\u0131nda da bilgi veren Kaleli \u201cLokalde ve uluslararas\u0131 ortamlarda lobi faaliyetleri ger\u00e7ekle\u015ftiriyoruz. Mevzuat Geli\u015ftiriyoruz, bilin\u00e7lendirme ve bilgi kirlili\u011fini \u00f6nleme gibi faaliyetlerimiz var. G\u00fcne\u015f Enerjisini Yayg\u0131nla\u015ft\u0131rmak \u00fczere \u00fclkemizde \u00e7al\u0131\u015fmalar\u0131m\u0131z devam ediyor. Pazar\u2019\u0131 geli\u015ftiriyoruz. Sanayinin Geli\u015fmesi i\u00e7in bir \u00e7ok farkl\u0131 projeye imza at\u0131yoruz. \u0130stihdam artt\u0131r\u0131yoruz ve \u00fcniversite sanayi i\u015fbirli\u011fi projelerimiz devam ediyor.\u201d \u015eeklinde bilgi verdi.<\/p>","protected":false},"excerpt":{"rendered":"<p>Sorry, this entry is only available in Turkish. For the sake of viewer convenience, the content is shown below in the alternative language. You may click the link to switch the active language.A\u00e7\u0131l\u0131\u015f Konu\u015fmas\u0131n\u0131 TESAB Y\u00f6netim Kurulu \u00fcyesi ve ELTEMTEK Genel M\u00fcd\u00fcr\u00fc \u015eerif Okluo\u011flu\u2019nun yapt\u0131\u011f\u0131 oturumda G\u00dcNDER Y\u00f6netim Kurulu Ba\u015fkan\u0131 Kutay Kaleli G\u00fcne\u015f Enerjisinin T\u00fcrkiye\u2019deki [&hellip;]<\/p>\n","protected":false},"author":1,"featured_media":74054,"comment_status":"open","ping_status":"open","sticky":false,"template":"","format":"standard","meta":[],"categories":[51,53,49],"tags":[37583,67,1009,1382,23416,23133,23131,35120],"views":1118,"_links":{"self":[{"href":"https:\/\/www.enerjigazetesi.ist\/en\/wp-json\/wp\/v2\/posts\/74053"}],"collection":[{"href":"https:\/\/www.enerjigazetesi.ist\/en\/wp-json\/wp\/v2\/posts"}],"about":[{"href":"https:\/\/www.enerjigazetesi.ist\/en\/wp-json\/wp\/v2\/types\/post"}],"author":[{"embeddable":true,"href":"https:\/\/www.enerjigazetesi.ist\/en\/wp-json\/wp\/v2\/users\/1"}],"replies":[{"embeddable":true,"href":"https:\/\/www.enerjigazetesi.ist\/en\/wp-json\/wp\/v2\/comments?post=74053"}],"version-history":[{"count":1,"href":"https:\/\/www.enerjigazetesi.ist\/en\/wp-json\/wp\/v2\/posts\/74053\/revisions"}],"predecessor-version":[{"id":74055,"href":"https:\/\/www.enerjigazetesi.ist\/en\/wp-json\/wp\/v2\/posts\/74053\/revisions\/74055"}],"wp:featuredmedia":[{"embeddable":true,"href":"https:\/\/www.enerjigazetesi.ist\/en\/wp-json\/wp\/v2\/media\/74054"}],"wp:attachment":[{"href":"https:\/\/www.enerjigazetesi.ist\/en\/wp-json\/wp\/v2\/media?parent=74053"}],"wp:term":[{"taxonomy":"category","embeddable":true,"href":"https:\/\/www.enerjigazetesi.ist\/en\/wp-json\/wp\/v2\/categories?post=74053"},{"taxonomy":"post_tag","embeddable":true,"href":"https:\/\/www.enerjigazetesi.ist\/en\/wp-json\/wp\/v2\/tags?post=74053"}],"curies":[{"name":"wp","href":"https:\/\/api.w.org\/{rel}","templated":true}]}}