{"id":74044,"date":"2018-05-07T07:36:00","date_gmt":"2018-05-07T04:36:00","guid":{"rendered":"https:\/\/www.enerjigazetesi.ist\/?p=74044"},"modified":"2018-05-07T07:36:24","modified_gmt":"2018-05-07T04:36:24","slug":"cesmede-ogrenciler-ruzgar-enerjisini-yakindan-gorduler","status":"publish","type":"post","link":"https:\/\/www.enerjigazetesi.ist\/en\/cesmede-ogrenciler-ruzgar-enerjisini-yakindan-gorduler\/","title":{"rendered":"(Turkish) \u00c7e\u015fme\u2019de \u00d6\u011frenciler R\u00fczgar Enerjisini Yak\u0131ndan G\u00f6rd\u00fcler"},"content":{"rendered":"<p class=\"qtranxs-available-languages-message qtranxs-available-languages-message-en\">Sorry, this entry is only available in <a href=\"https:\/\/www.enerjigazetesi.ist\/tr\/wp-json\/wp\/v2\/posts\/74044\" class=\"qtranxs-available-language-link qtranxs-available-language-link-tr\" title=\"Turkish\">Turkish<\/a>. For the sake of viewer convenience, the content is shown below in the alternative language. You may click the link to switch the active language.<\/p><p><strong>Enerjiyi \u00f6zellikle yenilebilir enerji kaynaklar\u0131n\u0131 gen\u00e7lerimizin \u00f6\u011frenmesi b\u00fcy\u00fck \u00f6nem ta\u015f\u0131yor. Bu do\u011frultuda yakla\u015f\u0131k\u00a0Yakla\u015f\u0131k 90 \u00f6\u011frenci ve \u00f6\u011fretmenleri ABK \u00c7e\u015fme RES\u2019in \u00c7e\u015fme Ovac\u0131k\u2019taki \u015falt merkezini ziyarette bulundular.<\/strong><\/p>\n<p>ABK \u00c7e\u015fme RES, \u00e7ocuklara yenilenebilir enerjinin \u00f6nemini anlatmak i\u00e7in SEV Koleji \u0130lkokulu \u00f6\u011frencilerini a\u011f\u0131rlad\u0131. Etkinlik kapsam\u0131nda \u00f6\u011frencilere temiz enerji \u00fcretimi hakk\u0131nda bilgi veren ABK <img loading=\"lazy\" class=\"alignleft size-medium wp-image-74045\" src=\"https:\/\/www.enerjigazetesi.ist\/wp-content\/uploads\/2018\/05\/abk-cesme-res-300x167.jpg\" alt=\"\" width=\"300\" height=\"167\" srcset=\"https:\/\/www.enerjigazetesi.ist\/wp-content\/uploads\/2018\/05\/abk-cesme-res-300x167.jpg 300w, https:\/\/www.enerjigazetesi.ist\/wp-content\/uploads\/2018\/05\/abk-cesme-res-768x427.jpg 768w, https:\/\/www.enerjigazetesi.ist\/wp-content\/uploads\/2018\/05\/abk-cesme-res-500x278.jpg 500w, https:\/\/www.enerjigazetesi.ist\/wp-content\/uploads\/2018\/05\/abk-cesme-res-80x45.jpg 80w, https:\/\/www.enerjigazetesi.ist\/wp-content\/uploads\/2018\/05\/abk-cesme-res.jpg 800w\" sizes=\"(max-width: 300px) 100vw, 300px\" \/>\u00c7e\u015fme RES Genel M\u00fcd\u00fcr\u00fc Erman Kaya, r\u00fczgar t\u00fcrbinlerinin \u00e7al\u0131\u015fma sistemi hakk\u0131nda bir sunum ger\u00e7ekle\u015ftirdi.<\/p>\n<p>Ziyaret kapsam\u0131nda \u00f6\u011frencilerle bulu\u015fan bir di\u011fer isim de \u00c7evreci Enerji Derne\u011fi (\u00c7ED) Ba\u015fkan\u0131 Tolga \u015eall\u0131 oldu. \u015eall\u0131, \u00f6\u011frencilere fosil yak\u0131tlara kar\u015f\u0131 do\u011fal ve yenilenebilir enerjinin tercih edilmesi gerekti\u011fini vurgulad\u0131. G\u00fcne\u015f, r\u00fczgar ve jeotermal enerjinin kayna\u011f\u0131 t\u00fckenmeyen ve do\u011faya karbon sal\u0131n\u0131m\u0131n\u0131 da \u00f6nemli \u00f6l\u00e7\u00fcde d\u00fc\u015f\u00fcren \u00f6zellikler ta\u015f\u0131d\u0131\u011f\u0131n\u0131 kaydeden \u015eall\u0131, bu konuda \u00fclkemizin daha \u00e7ok yenilenebilir enerjiye y\u00f6nelmesi gerekti\u011fine de dikkat \u00e7ekti.<\/p>","protected":false},"excerpt":{"rendered":"<p>Sorry, this entry is only available in Turkish. For the sake of viewer convenience, the content is shown below in the alternative language. You may click the link to switch the active language.Enerjiyi \u00f6zellikle yenilebilir enerji kaynaklar\u0131n\u0131 gen\u00e7lerimizin \u00f6\u011frenmesi b\u00fcy\u00fck \u00f6nem ta\u015f\u0131yor. Bu do\u011frultuda yakla\u015f\u0131k\u00a0Yakla\u015f\u0131k 90 \u00f6\u011frenci ve \u00f6\u011fretmenleri ABK \u00c7e\u015fme RES\u2019in \u00c7e\u015fme Ovac\u0131k\u2019taki \u015falt [&hellip;]<\/p>\n","protected":false},"author":1,"featured_media":74045,"comment_status":"open","ping_status":"open","sticky":false,"template":"","format":"standard","meta":[],"categories":[53,50],"tags":[37579,67,1009,32967,474,35002,24949,17,37580,31254],"views":756,"_links":{"self":[{"href":"https:\/\/www.enerjigazetesi.ist\/en\/wp-json\/wp\/v2\/posts\/74044"}],"collection":[{"href":"https:\/\/www.enerjigazetesi.ist\/en\/wp-json\/wp\/v2\/posts"}],"about":[{"href":"https:\/\/www.enerjigazetesi.ist\/en\/wp-json\/wp\/v2\/types\/post"}],"author":[{"embeddable":true,"href":"https:\/\/www.enerjigazetesi.ist\/en\/wp-json\/wp\/v2\/users\/1"}],"replies":[{"embeddable":true,"href":"https:\/\/www.enerjigazetesi.ist\/en\/wp-json\/wp\/v2\/comments?post=74044"}],"version-history":[{"count":2,"href":"https:\/\/www.enerjigazetesi.ist\/en\/wp-json\/wp\/v2\/posts\/74044\/revisions"}],"predecessor-version":[{"id":74047,"href":"https:\/\/www.enerjigazetesi.ist\/en\/wp-json\/wp\/v2\/posts\/74044\/revisions\/74047"}],"wp:featuredmedia":[{"embeddable":true,"href":"https:\/\/www.enerjigazetesi.ist\/en\/wp-json\/wp\/v2\/media\/74045"}],"wp:attachment":[{"href":"https:\/\/www.enerjigazetesi.ist\/en\/wp-json\/wp\/v2\/media?parent=74044"}],"wp:term":[{"taxonomy":"category","embeddable":true,"href":"https:\/\/www.enerjigazetesi.ist\/en\/wp-json\/wp\/v2\/categories?post=74044"},{"taxonomy":"post_tag","embeddable":true,"href":"https:\/\/www.enerjigazetesi.ist\/en\/wp-json\/wp\/v2\/tags?post=74044"}],"curies":[{"name":"wp","href":"https:\/\/api.w.org\/{rel}","templated":true}]}}