{"id":74029,"date":"2018-05-06T22:22:21","date_gmt":"2018-05-06T19:22:21","guid":{"rendered":"https:\/\/www.enerjigazetesi.ist\/?p=74029"},"modified":"2018-05-06T22:22:55","modified_gmt":"2018-05-06T19:22:55","slug":"nigde-belediyesi-gunes-enerjisinin-katkisiyla-elektrik-faturasini-azaltacak","status":"publish","type":"post","link":"https:\/\/www.enerjigazetesi.ist\/en\/nigde-belediyesi-gunes-enerjisinin-katkisiyla-elektrik-faturasini-azaltacak\/","title":{"rendered":"(Turkish) Ni\u011fde Belediyesi G\u00fcne\u015f Enerjisinin Katk\u0131s\u0131yla Elektrik Faturas\u0131n\u0131 Azaltacak"},"content":{"rendered":"<p class=\"qtranxs-available-languages-message qtranxs-available-languages-message-en\">Sorry, this entry is only available in <a href=\"https:\/\/www.enerjigazetesi.ist\/tr\/wp-json\/wp\/v2\/posts\/74029\" class=\"qtranxs-available-language-link qtranxs-available-language-link-tr\" title=\"Turkish\">Turkish<\/a>. For the sake of viewer convenience, the content is shown below in the alternative language. You may click the link to switch the active language.<\/p><p><strong>Ni\u011fde Belediyesi Sar\u0131k\u00f6pr\u00fc mevkiinde kurulumu s\u00fcren ve projede sona yakla\u015f\u0131lan g\u00fcne\u015f enerjisi santraliyle kendi enerjisini \u00fcretecek.<\/strong><\/p>\n<p><strong><img loading=\"lazy\" class=\"alignleft size-medium wp-image-74030\" src=\"https:\/\/www.enerjigazetesi.ist\/wp-content\/uploads\/2018\/05\/nigde-belediyesi-gunes-enerjisinin-katkisiyla-elektrik-faturasini-azaltacak-300x200.jpg\" alt=\"\" width=\"300\" height=\"200\" srcset=\"https:\/\/www.enerjigazetesi.ist\/wp-content\/uploads\/2018\/05\/nigde-belediyesi-gunes-enerjisinin-katkisiyla-elektrik-faturasini-azaltacak.jpg 300w, https:\/\/www.enerjigazetesi.ist\/wp-content\/uploads\/2018\/05\/nigde-belediyesi-gunes-enerjisinin-katkisiyla-elektrik-faturasini-azaltacak-75x50.jpg 75w\" sizes=\"(max-width: 300px) 100vw, 300px\" \/><\/strong>Ni\u011fde Belediyesi&#8217;nin Sar\u0131k\u00f6pr\u00fc mevkiine kurulan g\u00fcne\u015f enerjisi santralinde art\u0131k sona yakla\u015f\u0131ld\u0131. Proje kapsam\u0131ndaki GES, 999 kWe g\u00fc\u00e7 ile 4 bin 400 panelden meydana gelecek.<\/p>\n<p>GES&#8217;e y\u00f6nelik a\u00e7\u0131klamalarda bulunan Ni\u011fde Belediye Ba\u015fkan\u0131 Rifat \u00d6zkan taraf\u0131ndan \u201cBilindi\u011fi gibi Ni\u011fde ve b\u00f6lgemiz g\u00fcne\u015f enerjisinin elektrik enerjisine d\u00f6n\u00fc\u015ft\u00fcr\u00fclmesi a\u00e7\u0131s\u0131ndan \u00e7ok avantajl\u0131 bir konumda. Bu avantaj\u0131 de\u011ferlendirip, kendi elektrik enerjimizi \u00fcretece\u011fiz ve belediyemizin enerji t\u00fcketim bedelini a\u015fa\u011f\u0131 seviyelere \u00e7ekece\u011fiz. B\u00f6ylece elektrik enerjisi i\u00e7in harcad\u0131\u011f\u0131m\u0131z paray\u0131 ba\u015fka yat\u0131r\u0131mlar i\u00e7in kullanaca\u011f\u0131z\u201d ifadeleri kullan\u0131ld\u0131.<\/p>","protected":false},"excerpt":{"rendered":"<p>Sorry, this entry is only available in Turkish. For the sake of viewer convenience, the content is shown below in the alternative language. You may click the link to switch the active language.Ni\u011fde Belediyesi Sar\u0131k\u00f6pr\u00fc mevkiinde kurulumu s\u00fcren ve projede sona yakla\u015f\u0131lan g\u00fcne\u015f enerjisi santraliyle kendi enerjisini \u00fcretecek. Ni\u011fde Belediyesi&#8217;nin Sar\u0131k\u00f6pr\u00fc mevkiine kurulan g\u00fcne\u015f enerjisi [&hellip;]<\/p>\n","protected":false},"author":1,"featured_media":74030,"comment_status":"open","ping_status":"open","sticky":false,"template":"","format":"standard","meta":[],"categories":[53,49],"tags":[68,67,1009,2326,227,23416,2569,23131,31218,37574],"views":632,"_links":{"self":[{"href":"https:\/\/www.enerjigazetesi.ist\/en\/wp-json\/wp\/v2\/posts\/74029"}],"collection":[{"href":"https:\/\/www.enerjigazetesi.ist\/en\/wp-json\/wp\/v2\/posts"}],"about":[{"href":"https:\/\/www.enerjigazetesi.ist\/en\/wp-json\/wp\/v2\/types\/post"}],"author":[{"embeddable":true,"href":"https:\/\/www.enerjigazetesi.ist\/en\/wp-json\/wp\/v2\/users\/1"}],"replies":[{"embeddable":true,"href":"https:\/\/www.enerjigazetesi.ist\/en\/wp-json\/wp\/v2\/comments?post=74029"}],"version-history":[{"count":2,"href":"https:\/\/www.enerjigazetesi.ist\/en\/wp-json\/wp\/v2\/posts\/74029\/revisions"}],"predecessor-version":[{"id":74032,"href":"https:\/\/www.enerjigazetesi.ist\/en\/wp-json\/wp\/v2\/posts\/74029\/revisions\/74032"}],"wp:featuredmedia":[{"embeddable":true,"href":"https:\/\/www.enerjigazetesi.ist\/en\/wp-json\/wp\/v2\/media\/74030"}],"wp:attachment":[{"href":"https:\/\/www.enerjigazetesi.ist\/en\/wp-json\/wp\/v2\/media?parent=74029"}],"wp:term":[{"taxonomy":"category","embeddable":true,"href":"https:\/\/www.enerjigazetesi.ist\/en\/wp-json\/wp\/v2\/categories?post=74029"},{"taxonomy":"post_tag","embeddable":true,"href":"https:\/\/www.enerjigazetesi.ist\/en\/wp-json\/wp\/v2\/tags?post=74029"}],"curies":[{"name":"wp","href":"https:\/\/api.w.org\/{rel}","templated":true}]}}